{"id":1233,"date":"2021-10-18T13:03:39","date_gmt":"2021-10-18T18:03:39","guid":{"rendered":"http:\/\/calli.digital\/revista\/?p=1233"},"modified":"2021-10-18T13:03:41","modified_gmt":"2021-10-18T18:03:41","slug":"un-arquitecto-integral","status":"publish","type":"post","link":"http:\/\/calli.digital\/revista\/index.php\/2021\/10\/18\/un-arquitecto-integral\/","title":{"rendered":"Un Arquitecto Integral"},"content":{"rendered":"<body>\n<div class=\"wp-block-image\"><figure class=\"alignleft size-full\"><img decoding=\"async\" width=\"130\" height=\"150\" src=\"http:\/\/calli.digital\/revista\/wp-content\/uploads\/2021\/10\/bio_e-alva.png\" alt=\"\" class=\"wp-image-1234\" loading=\"lazy\"><figcaption><em>arq. Ernesto Alva Mart\u00ednez<\/em><\/figcaption><\/figure><\/div>\n\n\n\n<p>Escribir sobre un arquitecto en particular permite varias posibilidades, hablar sobre el como una figura renombrada de la que se han hecho juicios sobre la calidad de su obra y de la que hay que hacer es una investigaci\u00f3n y un an\u00e1lisis para afirmar estos juicios: otra manera es hablar sobre el arquitecto de manera biogr\u00e1fica, con una lectura cronol\u00f3gica de su obra, que permita hablar sobre la riqueza de su producci\u00f3n, sobre la trascendencia y aportaci\u00f3n de algunas obras o de alg\u00fan evento destacable de su vida personal y una tercera manera a la que han recurrido los historiadores es seleccionar un autor en particular, catalogar su obra, periodizarla en sus momentos hist\u00f3ricos respecto a los cambios arquitect\u00f3nicos.<\/p>\n\n\n\n<p>En este caso el intento es presentar un caso de estudio, un arquitecto con una prol\u00edfica obra en diversos campos, un caso como el de muchos otros arquitectos que, con un trabajo de alta calidad profesional y un compromiso social, han construido el M\u00e9xico moderno. Enrique Garc\u00eda Forment\u00ed se inscribi\u00f3 en la Escuela Nacional de Arquitectura de la Universidad Nacional Aut\u00f3noma de M\u00e9xico en el a\u00f1o de 1953 para ser la primera generaci\u00f3n que ocupar\u00eda las nuevas instalaciones de la Ciudad Universitaria al sur de la Ciudad de M\u00e9xico, dejando atr\u00e1s el viejo edificio de la Academia de San Carlos ubicado en el centro de la ciudad para habitar, usar y sentir la arquitectura de un M\u00e9xico que entraba en una modernidad, a trav\u00e9s de formas y espacios que pondr\u00edan la arquitectura mexicana en las vanguardias internacionales, que tanto influir\u00edan en la formaci\u00f3n de los j\u00f3venes arquitectos.<\/p>\n\n\n\n<p>De entre sus diversos profesores, dos tendr\u00edan una influencia especial, Augusto H \u00c1lvarez y Ram\u00f3n Torres Mart\u00ednez del que contaba lo hab\u00eda tutorado en sus primeras experiencias profesionales, con los dos, inicio su actividad docente como profesor de Proyectos, aun antes de terminar la carrera, actividad que realiz\u00f3 hasta 1972.<\/p>\n\n\n\n<p>Al obtener su t\u00edtulo de arquitecto realizo estudios en: Planeaci\u00f3n y Dise\u00f1o de Unidades M\u00e9dicas, en el Centro Interamericano; de Planeaci\u00f3n del Sistema Urbano, en la Facultad de Ingenier\u00eda; de actualizaci\u00f3n para profesores de proyectos en la ENA y de Ejecutivos en el IMSS.<\/p>\n\n\n\n<p>Sus primeros a\u00f1os como profesional se iniciaron en el despacho de Alberto Castro Montiel del que reconoc\u00eda sus ense\u00f1anzas en el g\u00e9nero de la arquitectura para la salud la que con los a\u00f1os fue sino la \u00fanica la m\u00e1s significativa en su labor.<\/p>\n\n\n\n<p>A lo largo de su vida profesional participo en dos asociaciones, la primera en Garc\u00eda Forment\u00ed- Nenclares, Arquitectos y la segunda en Garc\u00eda Forment\u00ed y Asociados, Arquitectos, fundada en 1979.<\/p>\n\n\n\n<p>Como resultado de la gran difusi\u00f3n de la obra del sector salud se le ubico como especialista en edificios para ese sector; sin embargo, tuvo la oportunidad de colaborar sin protagonismo en una diversidad de g\u00e9neros arquitect\u00f3nicos, edificios para la recreaci\u00f3n y cultura, administrativos, industriales, de habitaci\u00f3n, de dise\u00f1o urbano y arquitectura del paisaje; su curr\u00edculum registra m\u00e1s de 200 proyectos realizados en edificios para la salud, y otros muchos en diversos g\u00e9neros, unos de gran dimensi\u00f3n y otros peque\u00f1os, sin embargo como dec\u00eda, \u201cEn la arquitectura no importa la dimensi\u00f3n, todos los proyectos son importantes y en cada uno de ellos hay que poner la misma atenci\u00f3n y cuidado para lograr la mejor soluci\u00f3n\u201d.<\/p>\n\n\n\n<p>Su arquitectura, la encontramos en diversos estados de la Republica, en Centro y en Sudam\u00e9rica; mucha de ella forma parte de la imagen de algunas ciudades: En el g\u00e9nero de Recreaci\u00f3n y Cultura, el Centro de Convenciones de Acapulco; la Casa de la Cultura en Durango; la Escuela Secundaria y Preparatoria H\u00e9roes de la Libertad en la C. de M\u00e9xico; el Centro de informaci\u00f3n Campus Le\u00f3n Guanajuato; el Mercado Victoria en Puebla.<\/p>\n\n\n\n<p>En el g\u00e9nero trabajo destacan el Centro C\u00edvico de Quer\u00e9taro, la planta de Motores Cumming\u00b4s, en San Luis Potos\u00ed y los edificios para la Judicatura en Celaya, Pachuca y La Paz,<\/p>\n\n\n\n<p>En vivienda proyecto desarrollos habitacionales en Alto Progreso, en Tijuana, en Ensenada, en Manzanillo y en el desarrollo urbano participo en el Desarrollo Urbano Rio Tijuana, en la Remodelaci\u00f3n de la Costera Miguel Alem\u00e1n, Acapulco en 1980, y en el Plan Director de Zihuatanejo-Ixtapa.<\/p>\n\n\n\n<p>Garc\u00eda Forment\u00ed, consideraba la arquitectura como una profesi\u00f3n de servicio, con resultados significativos para los usuarios, el entorno y la ciudad y aunque muchas veces se le presento como un arquitecto de la salud especializado en la construcci\u00f3n de edificios para ese g\u00e9nero siempre defendi\u00f3 que el arquitecto deber\u00eda tener los conocimientos y la capacidad para el desarrollo de cualquier g\u00e9nero arquitect\u00f3nico, en cualquier medio y en su momento hist\u00f3rico.<\/p>\n\n\n\n<p>Interesado en el patrimonio arquitect\u00f3nico de nuestro pa\u00eds participo en la restauraci\u00f3n de obras como el Hospicio Caba\u00f1as y en el Plan de remodelaci\u00f3n y conservaci\u00f3n de la Catedral Metropolitana asociado con Alberto Gonz\u00e1lez Pozo, en la remodelaci\u00f3n del Hospital de Jes\u00fas, en la reconstrucci\u00f3n y rehabilitaci\u00f3n de la Antigua casa Juan Pablo en el Centro Hist\u00f3rico de la Ciudad de M\u00e9xico, actualmente Centro de Educaci\u00f3n Continua de la Universidad Aut\u00f3noma Metropolitana o en peque\u00f1as obras de reconstrucci\u00f3n de viviendas afectadas por los sismos en el Centro Hist\u00f3rico en el Programa de Renovaci\u00f3n Habitacional.<\/p>\n\n\n\n<p>Aunado a este volumen de proyectos con el apoyo de un importante equipo de colaboradores y en algunos proyectos espec\u00edficos asociado con otros arquitectos paralelamente a este trabajo de coordinaci\u00f3n Garc\u00eda Forment\u00ed realizo dos actividades igualmente productivas: un resultado de su capacidad docente, primero en la Escuela Nacional de Arquitectura hoy Facultad; en la Facultad Veracruzana y como conferencista en muchas otras universidades en las cuales trasmiti\u00f3 de una manera sencilla, su pr\u00e1ctica arquitect\u00f3nica, su compromiso social y su responsabilidad \u00e9tica.<\/p>\n\n\n\n<p>La otra actividad, su compromiso con la profesi\u00f3n llamado compromiso gremial, al cual le dedico mucho tiempo y trabajo, como consejero, como miembro de la Junta de Honor del Colegio de Arquitectos de la Ciudad de M\u00e9xico y una labor de la que se habla mucho pero que pocos se preguntan qui\u00e9n realiza,<\/p>\n\n\n\n<p>las Normas y Reglamentos, elaboradas unas veces en cuerpos colegiados y otras con colaboradores o asociados, por enlistar algunas de ellas:<\/p>\n\n\n\n<p>particip\u00f3 en: el Reglamento unificado de la Ley de Desarrollo Urbano del Distrito Federal; el Reglamento de Construcciones del Estado de M\u00e9xico; el Reglamento de Infraestructura Hidr\u00e1ulica del Estado de M\u00e9xico; el Reglamento de Construcciones para las Entidades Federativas; el Manual de Vivienda, aplicado al Reglamento de Construcciones del Distrito Federal ONU- HABITAT; las normas t\u00e9cnicas del Reglamento de Construcciones del Distrito Federal; el Reglamento de Construcciones del Estado de Tlaxcala y muy importante su participaci\u00f3n en la elaboraci\u00f3n de los Aranceles Profesionales del Colegio de Arquitectos de la Ciudad de M\u00e9xico, en colaboraci\u00f3n con Jaime Nanclares y Yolanda Snayder.<\/p>\n\n\n\n<p>La obra de Garc\u00eda Forment\u00ed a nivel aislado ha sido publicada en diversidad de peri\u00f3dicos, libros y revistas nacionales e internacionales, por la cual recibi\u00f3 diversos premios y reconocimientos, en el 2013 recibi\u00f3 el Premio Nacional de Arquitectura, que se otorga a trav\u00e9s de la Asociaci\u00f3n de Ingenieros y Arquitectos de M\u00e9xico.<\/p>\n\n\n\n<p>Catalogar, analizar y presentar la obra de Enrique Garc\u00eda Forment\u00ed es una tarea necesaria, la mayor\u00eda de ella est\u00e1 en pie y de toda existe material, su estudio y difusi\u00f3n es un compromiso de recuperar nuestra historia y con ella la de toda una generaci\u00f3n que consolido el movimiento de arquitectura mexicana.<\/p>\n\n\n\n<p class=\"has-text-align-right\"><em>Cuernavaca 24 de junio de 2021<\/em><\/p>\n<\/body>","protected":false},"excerpt":{"rendered":"<p>Escribir sobre un arquitecto en particular permite varias posibilidades, hablar sobre el como una figura renombrada de la que se<\/p>\n","protected":false},"author":7,"featured_media":0,"comment_status":"open","ping_status":"open","sticky":false,"template":"","format":"standard","meta":{"colormag_page_container_layout":"default_layout","colormag_page_sidebar_layout":"default_layout","om_disable_all_campaigns":false,"_monsterinsights_skip_tracking":false,"_monsterinsights_sitenote_active":false,"_monsterinsights_sitenote_note":"","_monsterinsights_sitenote_category":0,"footnotes":""},"categories":[28],"tags":[],"class_list":["post-1233","post","type-post","status-publish","format-standard","hentry","category-enrique-garcia-formenti"],"_links":{"self":[{"href":"http:\/\/calli.digital\/revista\/index.php\/wp-json\/wp\/v2\/posts\/1233","targetHints":{"allow":["GET"]}}],"collection":[{"href":"http:\/\/calli.digital\/revista\/index.php\/wp-json\/wp\/v2\/posts"}],"about":[{"href":"http:\/\/calli.digital\/revista\/index.php\/wp-json\/wp\/v2\/types\/post"}],"author":[{"embeddable":true,"href":"http:\/\/calli.digital\/revista\/index.php\/wp-json\/wp\/v2\/users\/7"}],"replies":[{"embeddable":true,"href":"http:\/\/calli.digital\/revista\/index.php\/wp-json\/wp\/v2\/comments?post=1233"}],"version-history":[{"count":1,"href":"http:\/\/calli.digital\/revista\/index.php\/wp-json\/wp\/v2\/posts\/1233\/revisions"}],"predecessor-version":[{"id":1235,"href":"http:\/\/calli.digital\/revista\/index.php\/wp-json\/wp\/v2\/posts\/1233\/revisions\/1235"}],"wp:attachment":[{"href":"http:\/\/calli.digital\/revista\/index.php\/wp-json\/wp\/v2\/media?parent=1233"}],"wp:term":[{"taxonomy":"category","embeddable":true,"href":"http:\/\/calli.digital\/revista\/index.php\/wp-json\/wp\/v2\/categories?post=1233"},{"taxonomy":"post_tag","embeddable":true,"href":"http:\/\/calli.digital\/revista\/index.php\/wp-json\/wp\/v2\/tags?post=1233"}],"curies":[{"name":"wp","href":"https:\/\/api.w.org\/{rel}","templated":true}]}}