{"id":1243,"date":"2021-10-18T13:17:16","date_gmt":"2021-10-18T18:17:16","guid":{"rendered":"http:\/\/calli.digital\/revista\/?p=1243"},"modified":"2021-10-18T13:27:51","modified_gmt":"2021-10-18T18:27:51","slug":"hacer-arquitectura","status":"publish","type":"post","link":"http:\/\/calli.digital\/revista\/index.php\/2021\/10\/18\/hacer-arquitectura\/","title":{"rendered":"Hacer Arquitectura"},"content":{"rendered":"<body>\n<p>La arquitectura es una de las m\u00e1s importantes manifestaciones del hombre; es una profesi\u00f3n de servicio para el hombre mismo, que satisface sus necesidades individuales de \u00e9l, en sociedad, y a\u00fan de un pa\u00eds.<\/p>\n\n\n\n<p>La arquitectura refleja el tiempo, la \u00e9poca en que es proyectada y edificada. Es por ello uno de los documentos m\u00e1s importantes para conocer la evoluci\u00f3n del ser humano en nuestro planeta. Responde a la situaci\u00f3n geogr\u00e1fica de su ubicaci\u00f3n, por lo que est\u00e1 comprometida a considerar las condiciones del lugar donde se construye, o el espacio urbano de su edificaci\u00f3n. Debe considerar los materiales y sistemas constructivos del lugar; decimos que la arquitectura es consecuencia de la soluci\u00f3n de m\u00faltiples componentes, t\u00e9cnicos, humanos e incluso espirituales.<\/p>\n\n\n\n<p>La buena arquitectura toma en cuenta los factores ambientales, locales y de confort, utilizando correctamente los recursos naturales y energ\u00e9ticos. Un espacio bien logrado que d\u00e9 confort al usuario, proporcionando alegr\u00eda y eficiencia.<\/p>\n\n\n\n<p>La integraci\u00f3n del entorno tiene diversas soluciones: Mimetiza el proyecto, haci\u00e9ndolo parte existente en el paisaje y la opuesta, que contrasta, pero si est\u00e1 resuelta con calidad necesaria no lastima el entorno, sino lo enriquece; ninguna de las dos es la mejor en todos los casos.<\/p>\n\n\n\n<p>Hay que evitar caer en uno de los problemas de la actual arquitectura; la arquitectura visual, que crea fachadas buenas, interesantes y a\u00fan bellas, con espectacular volumetr\u00eda, pero con grandes fallas y descuido en todos los dem\u00e1s factores componentes de una buena arquitectura. Cada proyecto es espec\u00edfico, con soluci\u00f3n propia y si bien es logrado gracias a\u00a0soluciones del consciente, se ve influido con ideas surgidas del subconsciente.<\/p>\n\n\n\n<p>Al hacer arquitectura no podemos olvidar las condiciones de nuestro pa\u00eds, un pa\u00eds con altos \u00edndices de pobreza y marginaci\u00f3n, nuestras soluciones no son, ni deben ser las mismas que las de los pa\u00edses industrializados. La arquitectura no es un capricho, sino el resultado de un an\u00e1lisis serio del programa arquitect\u00f3nico a cumplir, el cual adem\u00e1s de indicarnos servicios, locales y funcionamiento incluye todos los conceptos anteriormente expresados.<\/p>\n\n\n\n<p>Hacer arquitectura, proyectar un espacio, es una gran responsabilidad: con el usuario, con el cliente; que lo proyectado y edificado cumpla con sus necesidades, con sus expectativas, con el costo estimado para su construcci\u00f3n, su operaci\u00f3n y su conservaci\u00f3n. Responsabilidad con el entorno que no lo agreda y lo deteriore, sino que lo enriquezca. Responsabilidad con la ciudad, ya que formar\u00e1 parte de esta, y responsabilidad con los habitantes de la ciudad, ya que necesariamente tendr\u00e1n que convivir con el nuevo edificio.<\/p>\n\n\n\n<p>La arquitectura no se debe valorar por los metros cuadrados realizados, ni por su altura o volumetr\u00eda; tampoco por su costo. Lo importante son los valores expresados. Es tan importante efectuar un edificio de muchos pisos en una zona comercial, como proyectar una casa habitaci\u00f3n para personas con escasos recursos. Nuestra responsabilidad debe de ser la misma, y el cuidado a nuestro proyecto deber\u00e1 de ser igual, entregando todo nuestro esfuerzo y conocimiento.<\/p>\n\n\n\n<p>En nuestro maravilloso trabajo de arquitectos, tendremos presente que proyectamos, no para satisfacer nuestro ego, sino para cumplir con un servicio a nuestro cliente y al usuario final del inmueble; proporcionarles un espacio acorde a sus necesidades, confortable y eficiente.<\/p>\n\n\n\n<p>Se habla de arquitectos especializados por g\u00e9neros, que, si bien tienen mayor conocimiento en un g\u00e9nero espec\u00edfico, podr\u00e1n trabajar con resultados buenos en otros, pues el arquitecto debe de conocer el camino para llegar a buen fin:<\/p>\n\n\n\n<p>Investigaci\u00f3n, conocimiento, programa, aptitud y trabajo. En el caso espec\u00edfico de nuestro despacho de arquitectura, hemos tenido la oportunidad de actuar en m\u00faltiples g\u00e9neros que van desde la habitaci\u00f3n hasta la atenci\u00f3n a la salud, pasando por otros g\u00e9neros incluidos la restauraci\u00f3n de inmuebles y el dise\u00f1o urbano.<\/p>\n\n\n\n<p>Privilegio es que un porcentaje muy alto de nuestro trabajo se ha desarrollado para beneficio social, en edificios que atienden a la poblaci\u00f3n mayoritaria de nuestra sociedad. Sabemos que estas no son de mayor importancia que las grandes obras privadas, sino que son tan importantes unas como las otras. Los arquitectos tenemos muchos caminos para trabajar, y todos tienen valor: proyectar; construir, planear, supervisar, administrar entre otros.<\/p>\n<\/body>","protected":false},"excerpt":{"rendered":"<p>La arquitectura es una de las m\u00e1s importantes manifestaciones del hombre; es una profesi\u00f3n de servicio para el hombre mismo,<\/p>\n","protected":false},"author":9,"featured_media":0,"comment_status":"open","ping_status":"open","sticky":false,"template":"","format":"standard","meta":{"colormag_page_container_layout":"default_layout","colormag_page_sidebar_layout":"default_layout","om_disable_all_campaigns":false,"_monsterinsights_skip_tracking":false,"_monsterinsights_sitenote_active":false,"_monsterinsights_sitenote_note":"","_monsterinsights_sitenote_category":0,"footnotes":""},"categories":[28],"tags":[],"class_list":["post-1243","post","type-post","status-publish","format-standard","hentry","category-enrique-garcia-formenti"],"_links":{"self":[{"href":"http:\/\/calli.digital\/revista\/index.php\/wp-json\/wp\/v2\/posts\/1243","targetHints":{"allow":["GET"]}}],"collection":[{"href":"http:\/\/calli.digital\/revista\/index.php\/wp-json\/wp\/v2\/posts"}],"about":[{"href":"http:\/\/calli.digital\/revista\/index.php\/wp-json\/wp\/v2\/types\/post"}],"author":[{"embeddable":true,"href":"http:\/\/calli.digital\/revista\/index.php\/wp-json\/wp\/v2\/users\/9"}],"replies":[{"embeddable":true,"href":"http:\/\/calli.digital\/revista\/index.php\/wp-json\/wp\/v2\/comments?post=1243"}],"version-history":[{"count":2,"href":"http:\/\/calli.digital\/revista\/index.php\/wp-json\/wp\/v2\/posts\/1243\/revisions"}],"predecessor-version":[{"id":1245,"href":"http:\/\/calli.digital\/revista\/index.php\/wp-json\/wp\/v2\/posts\/1243\/revisions\/1245"}],"wp:attachment":[{"href":"http:\/\/calli.digital\/revista\/index.php\/wp-json\/wp\/v2\/media?parent=1243"}],"wp:term":[{"taxonomy":"category","embeddable":true,"href":"http:\/\/calli.digital\/revista\/index.php\/wp-json\/wp\/v2\/categories?post=1243"},{"taxonomy":"post_tag","embeddable":true,"href":"http:\/\/calli.digital\/revista\/index.php\/wp-json\/wp\/v2\/tags?post=1243"}],"curies":[{"name":"wp","href":"https:\/\/api.w.org\/{rel}","templated":true}]}}