{"id":1248,"date":"2021-10-18T13:36:03","date_gmt":"2021-10-18T18:36:03","guid":{"rendered":"http:\/\/calli.digital\/revista\/?p=1248"},"modified":"2021-10-18T13:58:17","modified_gmt":"2021-10-18T18:58:17","slug":"arquitectura-y-tiempo","status":"publish","type":"post","link":"http:\/\/calli.digital\/revista\/index.php\/2021\/10\/18\/arquitectura-y-tiempo\/","title":{"rendered":"Arquitectura y Tiempo"},"content":{"rendered":"<body>\n<p>Hacer arquitectura est\u00e1 relacionada con el medio f\u00edsico, el lugar geogr\u00e1fico y el tiempo hist\u00f3rico en que se produce. Su finalidad es dotar al hombre de espacios en los que realice sus diferentes actividades. habitar, trabajar, recrearse, educarse, etc. Estas actividades han variado a trav\u00e9s de la historia, generando nuevos programas arquitect\u00f3nicos, y soluciones diferentes; presentar\u00e1 soluciones que aprovechen las condiciones favorables y mitiguen las desfavorables.\u00a0\u00a0<\/p>\n\n\n\n<p>Los arquitectos hemos perdido conciencia del alcance de nuestro trabajo y de su importancia para la sociedad; hemos reducido el campo de acci\u00f3n de nuestra profesi\u00f3n, cedi\u00e9ndola a otros profesionistas no siempre mejor preparados: Hemos cedido la planeaci\u00f3n, la formaci\u00f3n de nuestras ciudades y la construcci\u00f3n de nuestros edificios y a\u00fan de las viviendas.<\/p>\n\n\n\n<p>Es escaso nuestro papel para mejorar las condiciones de vida de los mexicanos. Hemos olvidado que las ciudades se hacen sumando edificios, elementos arquitect\u00f3nicos, que un edificio es parte fundamental de la ciudad, que nuestros edificios deben formar parte del conjunto urbano y enriquecerlo y no tratar al edificio como un elemento aislado sin referencia a su entorno.<\/p>\n\n\n\n<p>En el pasado las ciudades se formaban con la creaci\u00f3n de grandes edificios, casi siempre edificios p\u00fablicos y con ellos se daba fisonom\u00eda a la ciudad. As\u00ed la imagen de estas siempre se da como referencia para el hombre com\u00fan, con un gran edificio: Paris, La Torre Eiffel; Nueva York, El Empire State; Mosc\u00fa el Kremlin; Atenas, el Parten\u00f3n; Taxco, Santa Prisca y as\u00ed existen m\u00faltiples ejemplos.<\/p>\n\n\n\n<p>Hoy, nuestras urbes se forman y crecen con vivienda de gente pobre, sin recursos econ\u00f3micos y sin la participaci\u00f3n de arquitectos. La ciudad se ve afectada en su imagen, pues ella no es solamente sus centros hist\u00f3ricos, de negocios o tur\u00edsticos, es la ciudad entera. Por eso para las ciudades es muy importante la imagen de su poblaci\u00f3n, pues habla de historia, costumbres, cultura y tradici\u00f3n, que los arquitectos debemos cuidar.<\/p>\n\n\n\n<div class=\"wp-block-columns is-layout-flex wp-container-core-columns-is-layout-28f84493 wp-block-columns-is-layout-flex\">\n<div class=\"wp-block-column is-layout-flow wp-block-column-is-layout-flow\">\n<figure class=\"wp-block-image size-full\"><img decoding=\"async\" width=\"512\" height=\"388\" src=\"http:\/\/calli.digital\/revista\/wp-content\/uploads\/2021\/10\/b02_01.png\" alt=\"\" class=\"wp-image-1249\" loading=\"lazy\" srcset=\"http:\/\/calli.digital\/revista\/wp-content\/uploads\/2021\/10\/b02_01.png 512w, http:\/\/calli.digital\/revista\/wp-content\/uploads\/2021\/10\/b02_01-300x227.png 300w\" sizes=\"auto, (max-width: 512px) 100vw, 512px\" \/><\/figure>\n<\/div>\n\n\n\n<div class=\"wp-block-column is-layout-flow wp-block-column-is-layout-flow\">\n<p>Con la globalizaci\u00f3n, nuestras ciudades est\u00e1n en grave peligro de perder su identidad, mucho m\u00e1s, en los centros tur\u00edsticos como es Acapulco; la invasi\u00f3n de las trasnacionales con sus edificios tipo, afecta en gran medida el paisaje urbano, con McDonald, Burger King o Blockbuster, pierden su identidad y se vuelven iguales en cualquier lugar del mundo. Las grandes cadenas hoteleras siembran sus edificios sin considerar el entorno y las condiciones del lugar, sus hoteles son iguales en Acapulco, Guanajuato o Honolulu. Lo que no es bueno para nadie ni para los habitantes locales, ni para los turistas que buscan un lugar distinto, con identidad propia; consideran, si no la tiene, para que ir.<\/p>\n<\/div>\n<\/div>\n\n\n\n<p>El uso de materiales de importaci\u00f3n, aplicados alrededor del mundo, no siempre son mejores que los locales; adem\u00e1s algunos arquitectos no comprenden la integraci\u00f3n al entorno, y copian o adaptan modelos extranjeros olvidando su capacidad de creaci\u00f3n y conocimiento del lugar y no me refiero a crear formas del pasado. La arquitectura debe ser siempre contempor\u00e1nea.<\/p>\n\n\n\n<p>En la actualidad los arquitectos en M\u00e9xico, participamos en un porcentaje muy peque\u00f1o del total de edificaciones que aqu\u00ed se realizan; este porcentaje se podr\u00eda situar en un m\u00e1ximo del 9%. Ello se debe principalmente a la idea de que debemos trabajar \u00fanicamente para las grandes o medianas obras arquitect\u00f3nicas y preferentemente en su proyecto, olvidando que el t\u00e9rmino arquitecto significa constructor; con esta idea nos hemos alejado de la construcci\u00f3n, cediendo esta actividad a ingenieros o alba\u00f1iles. La mayor cantidad de obra, en nuestras ciudades la ejecutan \u00e9stos \u00faltimos atendiendo las necesidades de la poblaci\u00f3n mayoritaria en nuestro pa\u00eds, sin proyecto y realizando<\/p>\n\n\n\n<p>obras de mala calidad y a un costo alto, y nosotros, los arquitectos no hemos sabido atender a esta poblaci\u00f3n actuando de una manera elitista fuera de la realidad nacional.<\/p>\n\n\n\n<p>Si los arquitectos supi\u00e9ramos y quisi\u00e9ramos atenderlos, faltar\u00edan arquitectos, pero si no comprendemos que debemos actuar para todos e insistimos en actuar solo para las c\u00fapulas, no cumpliremos con nuestro deber de mejorar la calidad de vida de nuestros compatriotas, el trabajo ser\u00e1 cada vez m\u00e1s escaso y nuestras ciudades cada d\u00eda m\u00e1s malas.<\/p>\n\n\n\n<p>La actividad del arquitecto debe ser cuestionada por nosotros mismos. No es comprensible que, si somos nosotros los que nos preparamos para participar en la creaci\u00f3n de edificios y viviendas, no participemos m\u00e1s que en porcentajes tan reducidos; esto habla de la poca conciencia social de nuestra profesi\u00f3n y equivale a pensar que la gente de escasos recursos no fuera atendida por profesionales de la medicina.<\/p>\n<\/body>","protected":false},"excerpt":{"rendered":"<p>Hacer arquitectura est\u00e1 relacionada con el medio f\u00edsico, el lugar geogr\u00e1fico y el tiempo hist\u00f3rico en que se produce. Su<\/p>\n","protected":false},"author":9,"featured_media":0,"comment_status":"open","ping_status":"open","sticky":false,"template":"","format":"standard","meta":{"colormag_page_container_layout":"default_layout","colormag_page_sidebar_layout":"default_layout","om_disable_all_campaigns":false,"_monsterinsights_skip_tracking":false,"_monsterinsights_sitenote_active":false,"_monsterinsights_sitenote_note":"","_monsterinsights_sitenote_category":0,"footnotes":""},"categories":[28],"tags":[],"class_list":["post-1248","post","type-post","status-publish","format-standard","hentry","category-enrique-garcia-formenti"],"_links":{"self":[{"href":"http:\/\/calli.digital\/revista\/index.php\/wp-json\/wp\/v2\/posts\/1248","targetHints":{"allow":["GET"]}}],"collection":[{"href":"http:\/\/calli.digital\/revista\/index.php\/wp-json\/wp\/v2\/posts"}],"about":[{"href":"http:\/\/calli.digital\/revista\/index.php\/wp-json\/wp\/v2\/types\/post"}],"author":[{"embeddable":true,"href":"http:\/\/calli.digital\/revista\/index.php\/wp-json\/wp\/v2\/users\/9"}],"replies":[{"embeddable":true,"href":"http:\/\/calli.digital\/revista\/index.php\/wp-json\/wp\/v2\/comments?post=1248"}],"version-history":[{"count":1,"href":"http:\/\/calli.digital\/revista\/index.php\/wp-json\/wp\/v2\/posts\/1248\/revisions"}],"predecessor-version":[{"id":1250,"href":"http:\/\/calli.digital\/revista\/index.php\/wp-json\/wp\/v2\/posts\/1248\/revisions\/1250"}],"wp:attachment":[{"href":"http:\/\/calli.digital\/revista\/index.php\/wp-json\/wp\/v2\/media?parent=1248"}],"wp:term":[{"taxonomy":"category","embeddable":true,"href":"http:\/\/calli.digital\/revista\/index.php\/wp-json\/wp\/v2\/categories?post=1248"},{"taxonomy":"post_tag","embeddable":true,"href":"http:\/\/calli.digital\/revista\/index.php\/wp-json\/wp\/v2\/tags?post=1248"}],"curies":[{"name":"wp","href":"https:\/\/api.w.org\/{rel}","templated":true}]}}