{"id":1264,"date":"2021-10-18T16:39:48","date_gmt":"2021-10-18T21:39:48","guid":{"rendered":"http:\/\/calli.digital\/revista\/?p=1264"},"modified":"2021-10-18T20:17:44","modified_gmt":"2021-10-19T01:17:44","slug":"edificios-para-el-trabajo-comercio-e-industria-recreacion-y-cultura-habitacion-diseno-urbano","status":"publish","type":"post","link":"http:\/\/calli.digital\/revista\/index.php\/2021\/10\/18\/edificios-para-el-trabajo-comercio-e-industria-recreacion-y-cultura-habitacion-diseno-urbano\/","title":{"rendered":"Edificios para el Trabajo, Comercio e Industria; Recreaci\u00f3n y Cultura; Habitaci\u00f3n; Dise\u00f1o Urbano."},"content":{"rendered":"<body>\n<p><\/p>\n\n\n\n<h5 class=\"wp-block-heading\">Oficinas Centrales del ISSSTE. <em>Buenavista, DF. 2012<\/em><\/h5>\n\n\n\n<div class=\"wp-block-columns is-layout-flex wp-container-core-columns-is-layout-28f84493 wp-block-columns-is-layout-flex\">\n<div class=\"wp-block-column is-layout-flow wp-block-column-is-layout-flow\">\n<figure class=\"wp-block-image size-full\"><img decoding=\"async\" width=\"512\" height=\"465\" src=\"http:\/\/calli.digital\/revista\/wp-content\/uploads\/2021\/10\/b02_a01.png\" alt=\"\" class=\"wp-image-1265\" loading=\"lazy\" srcset=\"http:\/\/calli.digital\/revista\/wp-content\/uploads\/2021\/10\/b02_a01.png 512w, http:\/\/calli.digital\/revista\/wp-content\/uploads\/2021\/10\/b02_a01-300x272.png 300w\" sizes=\"auto, (max-width: 512px) 100vw, 512px\" \/><\/figure>\n<\/div>\n\n\n\n<div class=\"wp-block-column is-layout-flow wp-block-column-is-layout-flow\">\n<figure class=\"wp-block-image size-full\"><img decoding=\"async\" width=\"512\" height=\"355\" src=\"http:\/\/calli.digital\/revista\/wp-content\/uploads\/2021\/10\/b02_a02.png\" alt=\"\" class=\"wp-image-1268\" loading=\"lazy\" srcset=\"http:\/\/calli.digital\/revista\/wp-content\/uploads\/2021\/10\/b02_a02.png 512w, http:\/\/calli.digital\/revista\/wp-content\/uploads\/2021\/10\/b02_a02-300x208.png 300w, http:\/\/calli.digital\/revista\/wp-content\/uploads\/2021\/10\/b02_a02-392x272.png 392w, http:\/\/calli.digital\/revista\/wp-content\/uploads\/2021\/10\/b02_a02-130x90.png 130w\" sizes=\"auto, (max-width: 512px) 100vw, 512px\" \/><\/figure>\n<\/div>\n<\/div>\n\n\n\n<h5 class=\"wp-block-heading\">Centro de Informaci\u00f3n. Campus Le\u00f3n. UNAM. <em>Le\u00f3n, Gto. 2011<\/em><\/h5>\n\n\n\n<div class=\"wp-block-columns is-layout-flex wp-container-core-columns-is-layout-28f84493 wp-block-columns-is-layout-flex\">\n<div class=\"wp-block-column is-layout-flow wp-block-column-is-layout-flow\">\n<figure class=\"wp-block-image size-full\"><img decoding=\"async\" width=\"512\" height=\"150\" src=\"http:\/\/calli.digital\/revista\/wp-content\/uploads\/2021\/10\/b02_a03.png\" alt=\"\" class=\"wp-image-1266\" loading=\"lazy\" srcset=\"http:\/\/calli.digital\/revista\/wp-content\/uploads\/2021\/10\/b02_a03.png 512w, http:\/\/calli.digital\/revista\/wp-content\/uploads\/2021\/10\/b02_a03-300x88.png 300w\" sizes=\"auto, (max-width: 512px) 100vw, 512px\" \/><\/figure>\n\n\n\n<figure class=\"wp-block-image size-full\"><img decoding=\"async\" width=\"512\" height=\"262\" src=\"http:\/\/calli.digital\/revista\/wp-content\/uploads\/2021\/10\/b02_a04.png\" alt=\"\" class=\"wp-image-1267\" loading=\"lazy\" srcset=\"http:\/\/calli.digital\/revista\/wp-content\/uploads\/2021\/10\/b02_a04.png 512w, http:\/\/calli.digital\/revista\/wp-content\/uploads\/2021\/10\/b02_a04-300x154.png 300w\" sizes=\"auto, (max-width: 512px) 100vw, 512px\" \/><\/figure>\n<\/div>\n\n\n\n<div class=\"wp-block-column is-layout-flow wp-block-column-is-layout-flow\">\n<figure class=\"wp-block-image size-full\"><img decoding=\"async\" width=\"512\" height=\"697\" src=\"http:\/\/calli.digital\/revista\/wp-content\/uploads\/2021\/10\/b02_a05.png\" alt=\"\" class=\"wp-image-1269\" loading=\"lazy\" srcset=\"http:\/\/calli.digital\/revista\/wp-content\/uploads\/2021\/10\/b02_a05.png 512w, http:\/\/calli.digital\/revista\/wp-content\/uploads\/2021\/10\/b02_a05-220x300.png 220w\" sizes=\"auto, (max-width: 512px) 100vw, 512px\" \/><\/figure>\n<\/div>\n<\/div>\n\n\n\n<h5 class=\"wp-block-heading\">Palacio de Justicia Federal.<br>Consejo de la Judicatura. <em>Xalapa, Ver. 2007<\/em><\/h5>\n\n\n\n<div class=\"wp-block-columns is-layout-flex wp-container-core-columns-is-layout-28f84493 wp-block-columns-is-layout-flex\">\n<div class=\"wp-block-column is-layout-flow wp-block-column-is-layout-flow\">\n<figure class=\"wp-block-image size-full\"><img decoding=\"async\" width=\"512\" height=\"293\" src=\"http:\/\/calli.digital\/revista\/wp-content\/uploads\/2021\/10\/b02_b02.png\" alt=\"\" class=\"wp-image-1272\" loading=\"lazy\" srcset=\"http:\/\/calli.digital\/revista\/wp-content\/uploads\/2021\/10\/b02_b02.png 512w, http:\/\/calli.digital\/revista\/wp-content\/uploads\/2021\/10\/b02_b02-300x172.png 300w\" sizes=\"auto, (max-width: 512px) 100vw, 512px\" \/><\/figure>\n<\/div>\n\n\n\n<div class=\"wp-block-column is-layout-flow wp-block-column-is-layout-flow\">\n<figure class=\"wp-block-image size-full\"><img decoding=\"async\" width=\"512\" height=\"385\" src=\"http:\/\/calli.digital\/revista\/wp-content\/uploads\/2021\/10\/b02_b01.png\" alt=\"\" class=\"wp-image-1273\" loading=\"lazy\" srcset=\"http:\/\/calli.digital\/revista\/wp-content\/uploads\/2021\/10\/b02_b01.png 512w, http:\/\/calli.digital\/revista\/wp-content\/uploads\/2021\/10\/b02_b01-300x226.png 300w\" sizes=\"auto, (max-width: 512px) 100vw, 512px\" \/><\/figure>\n<\/div>\n<\/div>\n\n\n\n<h5 class=\"wp-block-heading\"><meta charset=\"utf-8\">Parque Tecnol\u00f3gico Ciencias para la Vida. Tecnol\u00f3gico de Monterrey. <em>Ciudad de M\u00e9xico. 2009<\/em><\/h5>\n\n\n\n<figure class=\"wp-block-image size-full\"><img decoding=\"async\" width=\"1024\" height=\"679\" src=\"http:\/\/calli.digital\/revista\/wp-content\/uploads\/2021\/10\/b02_c01.png\" alt=\"\" class=\"wp-image-1274\" loading=\"lazy\" srcset=\"http:\/\/calli.digital\/revista\/wp-content\/uploads\/2021\/10\/b02_c01.png 1024w, http:\/\/calli.digital\/revista\/wp-content\/uploads\/2021\/10\/b02_c01-300x199.png 300w, http:\/\/calli.digital\/revista\/wp-content\/uploads\/2021\/10\/b02_c01-768x509.png 768w\" sizes=\"auto, (max-width: 1024px) 100vw, 1024px\" \/><\/figure>\n\n\n\n<div class=\"wp-block-columns is-layout-flex wp-container-core-columns-is-layout-28f84493 wp-block-columns-is-layout-flex\">\n<div class=\"wp-block-column is-layout-flow wp-block-column-is-layout-flow\">\n<figure class=\"wp-block-image size-full\"><img decoding=\"async\" width=\"512\" height=\"340\" src=\"http:\/\/calli.digital\/revista\/wp-content\/uploads\/2021\/10\/b02_c02.png\" alt=\"\" class=\"wp-image-1275\" loading=\"lazy\" srcset=\"http:\/\/calli.digital\/revista\/wp-content\/uploads\/2021\/10\/b02_c02.png 512w, http:\/\/calli.digital\/revista\/wp-content\/uploads\/2021\/10\/b02_c02-300x199.png 300w\" sizes=\"auto, (max-width: 512px) 100vw, 512px\" \/><\/figure>\n<\/div>\n\n\n\n<div class=\"wp-block-column is-layout-flow wp-block-column-is-layout-flow\">\n<figure class=\"wp-block-image size-full\"><img decoding=\"async\" width=\"512\" height=\"341\" src=\"http:\/\/calli.digital\/revista\/wp-content\/uploads\/2021\/10\/b02_c03.png\" alt=\"\" class=\"wp-image-1276\" loading=\"lazy\" srcset=\"http:\/\/calli.digital\/revista\/wp-content\/uploads\/2021\/10\/b02_c03.png 512w, http:\/\/calli.digital\/revista\/wp-content\/uploads\/2021\/10\/b02_c03-300x200.png 300w\" sizes=\"auto, (max-width: 512px) 100vw, 512px\" \/><\/figure>\n<\/div>\n<\/div>\n\n\n\n<h5 class=\"wp-block-heading\"><meta charset=\"utf-8\">Terminal de Transporte. Aeropuerto Internacional de la <em>Cd. de M\u00e9xico. 2006<\/em><\/h5>\n\n\n\n<figure class=\"wp-block-image size-full\"><img decoding=\"async\" width=\"1024\" height=\"666\" src=\"http:\/\/calli.digital\/revista\/wp-content\/uploads\/2021\/10\/b02_d01.png\" alt=\"\" class=\"wp-image-1280\" loading=\"lazy\" srcset=\"http:\/\/calli.digital\/revista\/wp-content\/uploads\/2021\/10\/b02_d01.png 1024w, http:\/\/calli.digital\/revista\/wp-content\/uploads\/2021\/10\/b02_d01-300x195.png 300w, http:\/\/calli.digital\/revista\/wp-content\/uploads\/2021\/10\/b02_d01-768x500.png 768w\" sizes=\"auto, (max-width: 1024px) 100vw, 1024px\" \/><\/figure>\n\n\n\n<h5 class=\"wp-block-heading\"><meta charset=\"utf-8\">Aeropuerto Tepic Ampliaci\u00f3n y Remodelaci\u00f3n. Tepic, Nay. 2003<\/h5>\n\n\n\n<figure class=\"wp-block-image size-full\"><img decoding=\"async\" width=\"1024\" height=\"661\" src=\"http:\/\/calli.digital\/revista\/wp-content\/uploads\/2021\/10\/b02_e01.png\" alt=\"\" class=\"wp-image-1282\" loading=\"lazy\" srcset=\"http:\/\/calli.digital\/revista\/wp-content\/uploads\/2021\/10\/b02_e01.png 1024w, http:\/\/calli.digital\/revista\/wp-content\/uploads\/2021\/10\/b02_e01-300x194.png 300w, http:\/\/calli.digital\/revista\/wp-content\/uploads\/2021\/10\/b02_e01-768x496.png 768w\" sizes=\"auto, (max-width: 1024px) 100vw, 1024px\" \/><\/figure>\n\n\n\n<div class=\"wp-block-columns is-layout-flex wp-container-core-columns-is-layout-28f84493 wp-block-columns-is-layout-flex\">\n<div class=\"wp-block-column is-layout-flow wp-block-column-is-layout-flow\">\n<figure class=\"wp-block-image size-full\"><img decoding=\"async\" width=\"512\" height=\"237\" src=\"http:\/\/calli.digital\/revista\/wp-content\/uploads\/2021\/10\/b02_f01.png\" alt=\"\" class=\"wp-image-1284\" loading=\"lazy\" srcset=\"http:\/\/calli.digital\/revista\/wp-content\/uploads\/2021\/10\/b02_f01.png 512w, http:\/\/calli.digital\/revista\/wp-content\/uploads\/2021\/10\/b02_f01-300x139.png 300w\" sizes=\"auto, (max-width: 512px) 100vw, 512px\" \/><\/figure>\n<\/div>\n\n\n\n<div class=\"wp-block-column is-layout-flow wp-block-column-is-layout-flow\">\n<figure class=\"wp-block-image size-full\"><img decoding=\"async\" width=\"512\" height=\"282\" src=\"http:\/\/calli.digital\/revista\/wp-content\/uploads\/2021\/10\/b02_f02.png\" alt=\"\" class=\"wp-image-1286\" loading=\"lazy\" srcset=\"http:\/\/calli.digital\/revista\/wp-content\/uploads\/2021\/10\/b02_f02.png 512w, http:\/\/calli.digital\/revista\/wp-content\/uploads\/2021\/10\/b02_f02-300x165.png 300w\" sizes=\"auto, (max-width: 512px) 100vw, 512px\" \/><\/figure>\n<\/div>\n<\/div>\n\n\n\n<h5 class=\"wp-block-heading\"><meta charset=\"utf-8\">Aeropuerto Nuevo Laredo, Tams.<\/h5>\n\n\n\n<figure class=\"wp-block-image size-full\"><img decoding=\"async\" width=\"1024\" height=\"568\" src=\"http:\/\/calli.digital\/revista\/wp-content\/uploads\/2021\/10\/b02_f03.png\" alt=\"\" class=\"wp-image-1287\" loading=\"lazy\" srcset=\"http:\/\/calli.digital\/revista\/wp-content\/uploads\/2021\/10\/b02_f03.png 1024w, http:\/\/calli.digital\/revista\/wp-content\/uploads\/2021\/10\/b02_f03-300x166.png 300w, http:\/\/calli.digital\/revista\/wp-content\/uploads\/2021\/10\/b02_f03-768x426.png 768w, http:\/\/calli.digital\/revista\/wp-content\/uploads\/2021\/10\/b02_f03-800x445.png 800w\" sizes=\"auto, (max-width: 1024px) 100vw, 1024px\" \/><\/figure>\n\n\n\n<figure class=\"wp-block-image size-full\"><img decoding=\"async\" width=\"1024\" height=\"530\" src=\"http:\/\/calli.digital\/revista\/wp-content\/uploads\/2021\/10\/b02_f04.png\" alt=\"\" class=\"wp-image-1288\" loading=\"lazy\" srcset=\"http:\/\/calli.digital\/revista\/wp-content\/uploads\/2021\/10\/b02_f04.png 1024w, http:\/\/calli.digital\/revista\/wp-content\/uploads\/2021\/10\/b02_f04-300x155.png 300w, http:\/\/calli.digital\/revista\/wp-content\/uploads\/2021\/10\/b02_f04-768x398.png 768w\" sizes=\"auto, (max-width: 1024px) 100vw, 1024px\" \/><\/figure>\n\n\n\n<h4 class=\"wp-block-heading\"><meta charset=\"utf-8\">Palacio de Justicia Federal<em>, Celaya, Gto.  2000<\/em><\/h4>\n\n\n\n<figure class=\"wp-block-image size-full\"><img decoding=\"async\" width=\"1024\" height=\"719\" src=\"http:\/\/calli.digital\/revista\/wp-content\/uploads\/2021\/10\/b02_g01.png\" alt=\"\" class=\"wp-image-1290\" loading=\"lazy\" srcset=\"http:\/\/calli.digital\/revista\/wp-content\/uploads\/2021\/10\/b02_g01.png 1024w, http:\/\/calli.digital\/revista\/wp-content\/uploads\/2021\/10\/b02_g01-300x211.png 300w, http:\/\/calli.digital\/revista\/wp-content\/uploads\/2021\/10\/b02_g01-768x539.png 768w, http:\/\/calli.digital\/revista\/wp-content\/uploads\/2021\/10\/b02_g01-130x90.png 130w\" sizes=\"auto, (max-width: 1024px) 100vw, 1024px\" \/><\/figure>\n\n\n\n<h5 class=\"wp-block-heading\"><meta charset=\"utf-8\">Consejo de la Judicatura<em> La Paz, BCS 2000<\/em><\/h5>\n\n\n\n<figure class=\"wp-block-image size-full\"><img decoding=\"async\" width=\"1024\" height=\"816\" src=\"http:\/\/calli.digital\/revista\/wp-content\/uploads\/2021\/10\/b02_g02.png\" alt=\"\" class=\"wp-image-1291\" loading=\"lazy\" srcset=\"http:\/\/calli.digital\/revista\/wp-content\/uploads\/2021\/10\/b02_g02.png 1024w, http:\/\/calli.digital\/revista\/wp-content\/uploads\/2021\/10\/b02_g02-300x239.png 300w, http:\/\/calli.digital\/revista\/wp-content\/uploads\/2021\/10\/b02_g02-768x612.png 768w\" sizes=\"auto, (max-width: 1024px) 100vw, 1024px\" \/><\/figure>\n\n\n\n<h5 class=\"wp-block-heading\"><meta charset=\"utf-8\">Centro C\u00edvico. Quer\u00e9taro,<em> Queretaro. 2002<\/em><\/h5>\n\n\n\n<figure class=\"wp-block-image size-full\"><img decoding=\"async\" width=\"1024\" height=\"783\" src=\"http:\/\/calli.digital\/revista\/wp-content\/uploads\/2021\/10\/b02_h01.png\" alt=\"\" class=\"wp-image-1294\" loading=\"lazy\" srcset=\"http:\/\/calli.digital\/revista\/wp-content\/uploads\/2021\/10\/b02_h01.png 1024w, http:\/\/calli.digital\/revista\/wp-content\/uploads\/2021\/10\/b02_h01-300x229.png 300w, http:\/\/calli.digital\/revista\/wp-content\/uploads\/2021\/10\/b02_h01-768x587.png 768w\" sizes=\"auto, (max-width: 1024px) 100vw, 1024px\" \/><\/figure>\n\n\n\n<figure class=\"wp-block-image size-full\"><img decoding=\"async\" width=\"1024\" height=\"815\" src=\"http:\/\/calli.digital\/revista\/wp-content\/uploads\/2021\/10\/b02_h02.png\" alt=\"\" class=\"wp-image-1295\" loading=\"lazy\" srcset=\"http:\/\/calli.digital\/revista\/wp-content\/uploads\/2021\/10\/b02_h02.png 1024w, http:\/\/calli.digital\/revista\/wp-content\/uploads\/2021\/10\/b02_h02-300x239.png 300w, http:\/\/calli.digital\/revista\/wp-content\/uploads\/2021\/10\/b02_h02-768x611.png 768w\" sizes=\"auto, (max-width: 1024px) 100vw, 1024px\" \/><\/figure>\n\n\n\n<h5 class=\"wp-block-heading\"><meta charset=\"utf-8\">Oficinas Administrativas. Dina-Cummins <em>SLP. SLP. 1981<\/em><\/h5>\n\n\n\n<figure class=\"wp-block-image size-full\"><img decoding=\"async\" width=\"1024\" height=\"463\" src=\"http:\/\/calli.digital\/revista\/wp-content\/uploads\/2021\/10\/b02_i01.png\" alt=\"\" class=\"wp-image-1297\" loading=\"lazy\" srcset=\"http:\/\/calli.digital\/revista\/wp-content\/uploads\/2021\/10\/b02_i01.png 1024w, http:\/\/calli.digital\/revista\/wp-content\/uploads\/2021\/10\/b02_i01-300x136.png 300w, http:\/\/calli.digital\/revista\/wp-content\/uploads\/2021\/10\/b02_i01-768x347.png 768w\" sizes=\"auto, (max-width: 1024px) 100vw, 1024px\" \/><\/figure>\n\n\n\n<h5 class=\"wp-block-heading\"><meta charset=\"utf-8\">F\u00e1brica De Motores Cummins <em>San Luis Potosi, S.L.P. 1981<\/em><\/h5>\n\n\n\n<figure class=\"wp-block-image size-full\"><img decoding=\"async\" width=\"1024\" height=\"429\" src=\"http:\/\/calli.digital\/revista\/wp-content\/uploads\/2021\/10\/b02_j01.png\" alt=\"\" class=\"wp-image-1300\" loading=\"lazy\" srcset=\"http:\/\/calli.digital\/revista\/wp-content\/uploads\/2021\/10\/b02_j01.png 1024w, http:\/\/calli.digital\/revista\/wp-content\/uploads\/2021\/10\/b02_j01-300x126.png 300w, http:\/\/calli.digital\/revista\/wp-content\/uploads\/2021\/10\/b02_j01-768x322.png 768w\" sizes=\"auto, (max-width: 1024px) 100vw, 1024px\" \/><\/figure>\n\n\n\n<h5 class=\"wp-block-heading\"><meta charset=\"utf-8\">Planta De Motores Dina. Diesel Nacional. <em>C. Sahag\u00fan, Hgo. 1981<\/em><\/h5>\n\n\n\n<div class=\"wp-block-columns is-layout-flex wp-container-core-columns-is-layout-28f84493 wp-block-columns-is-layout-flex\">\n<div class=\"wp-block-column is-layout-flow wp-block-column-is-layout-flow\">\n<figure class=\"wp-block-image size-full\"><img decoding=\"async\" width=\"512\" height=\"393\" src=\"http:\/\/calli.digital\/revista\/wp-content\/uploads\/2021\/10\/b02_k01.png\" alt=\"\" class=\"wp-image-1301\" loading=\"lazy\" srcset=\"http:\/\/calli.digital\/revista\/wp-content\/uploads\/2021\/10\/b02_k01.png 512w, http:\/\/calli.digital\/revista\/wp-content\/uploads\/2021\/10\/b02_k01-300x230.png 300w\" sizes=\"auto, (max-width: 512px) 100vw, 512px\" \/><\/figure>\n<\/div>\n\n\n\n<div class=\"wp-block-column is-layout-flow wp-block-column-is-layout-flow\"><\/div>\n<\/div>\n\n\n\n<h4 class=\"wp-block-heading\"><meta charset=\"utf-8\">CENTRO CULTURAL Y DE CONVENCIONES. <em>Acapulco, Gro. 1972<\/em><\/h4>\n\n\n\n<div class=\"wp-block-columns is-layout-flex wp-container-core-columns-is-layout-28f84493 wp-block-columns-is-layout-flex\">\n<div class=\"wp-block-column is-layout-flow wp-block-column-is-layout-flow\">\n<figure class=\"wp-block-image size-full\"><img decoding=\"async\" width=\"512\" height=\"386\" src=\"http:\/\/calli.digital\/revista\/wp-content\/uploads\/2021\/10\/b02_l01.png\" alt=\"\" class=\"wp-image-1302\" loading=\"lazy\" srcset=\"http:\/\/calli.digital\/revista\/wp-content\/uploads\/2021\/10\/b02_l01.png 512w, http:\/\/calli.digital\/revista\/wp-content\/uploads\/2021\/10\/b02_l01-300x226.png 300w\" sizes=\"auto, (max-width: 512px) 100vw, 512px\" \/><\/figure>\n<\/div>\n\n\n\n<div class=\"wp-block-column is-layout-flow wp-block-column-is-layout-flow\">\n<figure class=\"wp-block-image size-full\"><img decoding=\"async\" width=\"512\" height=\"544\" src=\"http:\/\/calli.digital\/revista\/wp-content\/uploads\/2021\/10\/b02_l02.png\" alt=\"\" class=\"wp-image-1303\" loading=\"lazy\" srcset=\"http:\/\/calli.digital\/revista\/wp-content\/uploads\/2021\/10\/b02_l02.png 512w, http:\/\/calli.digital\/revista\/wp-content\/uploads\/2021\/10\/b02_l02-282x300.png 282w\" sizes=\"auto, (max-width: 512px) 100vw, 512px\" \/><\/figure>\n<\/div>\n<\/div>\n\n\n\n<div class=\"wp-block-columns is-layout-flex wp-container-core-columns-is-layout-28f84493 wp-block-columns-is-layout-flex\">\n<div class=\"wp-block-column is-layout-flow wp-block-column-is-layout-flow\">\n<figure class=\"wp-block-image size-full\"><img decoding=\"async\" width=\"512\" height=\"296\" src=\"http:\/\/calli.digital\/revista\/wp-content\/uploads\/2021\/10\/b02_l03.png\" alt=\"\" class=\"wp-image-1306\" loading=\"lazy\" srcset=\"http:\/\/calli.digital\/revista\/wp-content\/uploads\/2021\/10\/b02_l03.png 512w, http:\/\/calli.digital\/revista\/wp-content\/uploads\/2021\/10\/b02_l03-300x173.png 300w\" sizes=\"auto, (max-width: 512px) 100vw, 512px\" \/><\/figure>\n<\/div>\n\n\n\n<div class=\"wp-block-column is-layout-flow wp-block-column-is-layout-flow\">\n<p>Acapulco ha sido uno de los principales atractivos tur\u00edsticos del<br>pa\u00eds y por ello requiere de las instalaciones m\u00e1s adecuadas<br>para la integraci\u00f3n de sus servicios. Por ello el Centro Cultural y<br>de Convenciones ha sido un gran elemento para el desarrollo<br>de las funciones de altos niveles de participaci\u00f3n.<br>El conjunto puede funcionar en su capacidad total de 10,000<br>personas que participan confortablemente; tambi\u00e9n pueden<br>realizarse simultaneamente diverso eventos.<br>Fue construido en un tiempo corto de 10 meses. Solo el edificio<br>principal tiene una superficie construida de 25,000 mts.<br>S\u00f3lo el \u00e1rea del Sal\u00f3n Teotihuac\u00e1n es de 7000. M2 y 15 meros<br>de altura.<\/p>\n<\/div>\n<\/div>\n\n\n\n<div class=\"wp-block-columns is-layout-flex wp-container-core-columns-is-layout-28f84493 wp-block-columns-is-layout-flex\">\n<div class=\"wp-block-column is-layout-flow wp-block-column-is-layout-flow\">\n<div class=\"wp-block-columns is-layout-flex wp-container-core-columns-is-layout-28f84493 wp-block-columns-is-layout-flex\">\n<div class=\"wp-block-column is-layout-flow wp-block-column-is-layout-flow\">\n<figure class=\"wp-block-image size-full\"><img decoding=\"async\" width=\"512\" height=\"499\" src=\"http:\/\/calli.digital\/revista\/wp-content\/uploads\/2021\/10\/b02_l04.png\" alt=\"\" class=\"wp-image-1307\" loading=\"lazy\" srcset=\"http:\/\/calli.digital\/revista\/wp-content\/uploads\/2021\/10\/b02_l04.png 512w, http:\/\/calli.digital\/revista\/wp-content\/uploads\/2021\/10\/b02_l04-300x292.png 300w\" sizes=\"auto, (max-width: 512px) 100vw, 512px\" \/><\/figure>\n<\/div>\n\n\n\n<div class=\"wp-block-column is-layout-flow wp-block-column-is-layout-flow\">\n<div class=\"wp-block-columns is-layout-flex wp-container-core-columns-is-layout-28f84493 wp-block-columns-is-layout-flex\">\n<div class=\"wp-block-column is-layout-flow wp-block-column-is-layout-flow\">\n<figure class=\"wp-block-image size-full\"><img decoding=\"async\" width=\"512\" height=\"759\" src=\"http:\/\/calli.digital\/revista\/wp-content\/uploads\/2021\/10\/b02_l06.png\" alt=\"\" class=\"wp-image-1309\" loading=\"lazy\" srcset=\"http:\/\/calli.digital\/revista\/wp-content\/uploads\/2021\/10\/b02_l06.png 512w, http:\/\/calli.digital\/revista\/wp-content\/uploads\/2021\/10\/b02_l06-202x300.png 202w\" sizes=\"auto, (max-width: 512px) 100vw, 512px\" \/><\/figure>\n<\/div>\n\n\n\n<div class=\"wp-block-column is-layout-flow wp-block-column-is-layout-flow\">\n<figure class=\"wp-block-image size-full\"><img decoding=\"async\" width=\"512\" height=\"325\" src=\"http:\/\/calli.digital\/revista\/wp-content\/uploads\/2021\/10\/b02_l05.png\" alt=\"\" class=\"wp-image-1308\" loading=\"lazy\" srcset=\"http:\/\/calli.digital\/revista\/wp-content\/uploads\/2021\/10\/b02_l05.png 512w, http:\/\/calli.digital\/revista\/wp-content\/uploads\/2021\/10\/b02_l05-300x190.png 300w\" sizes=\"auto, (max-width: 512px) 100vw, 512px\" \/><\/figure>\n<\/div>\n<\/div>\n<\/div>\n<\/div>\n<\/div>\n<\/div>\n\n\n\n<div class=\"wp-block-columns is-layout-flex wp-container-core-columns-is-layout-28f84493 wp-block-columns-is-layout-flex\">\n<div class=\"wp-block-column is-layout-flow wp-block-column-is-layout-flow\">\n<figure class=\"wp-block-image size-full\"><img decoding=\"async\" width=\"512\" height=\"333\" src=\"http:\/\/calli.digital\/revista\/wp-content\/uploads\/2021\/10\/b02_l07.png\" alt=\"\" class=\"wp-image-1310\" loading=\"lazy\" srcset=\"http:\/\/calli.digital\/revista\/wp-content\/uploads\/2021\/10\/b02_l07.png 512w, http:\/\/calli.digital\/revista\/wp-content\/uploads\/2021\/10\/b02_l07-300x195.png 300w\" sizes=\"auto, (max-width: 512px) 100vw, 512px\" \/><\/figure>\n\n\n\n<figure class=\"wp-block-image size-full\"><img decoding=\"async\" width=\"512\" height=\"385\" src=\"http:\/\/calli.digital\/revista\/wp-content\/uploads\/2021\/10\/b02_l08.png\" alt=\"\" class=\"wp-image-1311\" loading=\"lazy\" srcset=\"http:\/\/calli.digital\/revista\/wp-content\/uploads\/2021\/10\/b02_l08.png 512w, http:\/\/calli.digital\/revista\/wp-content\/uploads\/2021\/10\/b02_l08-300x226.png 300w\" sizes=\"auto, (max-width: 512px) 100vw, 512px\" \/><figcaption>Auditorio principal, de usos m\u00faltiples<\/figcaption><\/figure>\n<\/div>\n\n\n\n<div class=\"wp-block-column is-layout-flow wp-block-column-is-layout-flow\">\n<figure class=\"wp-block-image size-full\"><img decoding=\"async\" width=\"512\" height=\"306\" src=\"http:\/\/calli.digital\/revista\/wp-content\/uploads\/2021\/10\/b02_m01.png\" alt=\"\" class=\"wp-image-1312\" loading=\"lazy\" srcset=\"http:\/\/calli.digital\/revista\/wp-content\/uploads\/2021\/10\/b02_m01.png 512w, http:\/\/calli.digital\/revista\/wp-content\/uploads\/2021\/10\/b02_m01-300x179.png 300w\" sizes=\"auto, (max-width: 512px) 100vw, 512px\" \/><figcaption>Actividades simult\u00e1neas<\/figcaption><\/figure>\n\n\n\n<figure class=\"wp-block-image size-full\"><img decoding=\"async\" width=\"512\" height=\"341\" src=\"http:\/\/calli.digital\/revista\/wp-content\/uploads\/2021\/10\/b02_m02.png\" alt=\"\" class=\"wp-image-1313\" loading=\"lazy\" srcset=\"http:\/\/calli.digital\/revista\/wp-content\/uploads\/2021\/10\/b02_m02.png 512w, http:\/\/calli.digital\/revista\/wp-content\/uploads\/2021\/10\/b02_m02-300x200.png 300w\" sizes=\"auto, (max-width: 512px) 100vw, 512px\" \/><\/figure>\n\n\n\n<figure class=\"wp-block-image size-full\"><img decoding=\"async\" width=\"512\" height=\"331\" src=\"http:\/\/calli.digital\/revista\/wp-content\/uploads\/2021\/10\/b02_m03.png\" alt=\"\" class=\"wp-image-1314\" loading=\"lazy\" srcset=\"http:\/\/calli.digital\/revista\/wp-content\/uploads\/2021\/10\/b02_m03.png 512w, http:\/\/calli.digital\/revista\/wp-content\/uploads\/2021\/10\/b02_m03-300x194.png 300w\" sizes=\"auto, (max-width: 512px) 100vw, 512px\" \/><figcaption>Centro de Convenciones inserto en la ciudad,<\/figcaption><\/figure>\n<\/div>\n<\/div>\n\n\n\n<figure class=\"wp-block-image size-full\"><img decoding=\"async\" width=\"1024\" height=\"523\" src=\"http:\/\/calli.digital\/revista\/wp-content\/uploads\/2021\/10\/b02_n01.png\" alt=\"\" class=\"wp-image-1317\" loading=\"lazy\" srcset=\"http:\/\/calli.digital\/revista\/wp-content\/uploads\/2021\/10\/b02_n01.png 1024w, http:\/\/calli.digital\/revista\/wp-content\/uploads\/2021\/10\/b02_n01-300x153.png 300w, http:\/\/calli.digital\/revista\/wp-content\/uploads\/2021\/10\/b02_n01-768x392.png 768w\" sizes=\"auto, (max-width: 1024px) 100vw, 1024px\" \/><\/figure>\n\n\n\n<figure class=\"wp-block-image size-full\"><img decoding=\"async\" width=\"1024\" height=\"720\" src=\"http:\/\/calli.digital\/revista\/wp-content\/uploads\/2021\/10\/b02_n02.png\" alt=\"\" class=\"wp-image-1318\" loading=\"lazy\" srcset=\"http:\/\/calli.digital\/revista\/wp-content\/uploads\/2021\/10\/b02_n02.png 1024w, http:\/\/calli.digital\/revista\/wp-content\/uploads\/2021\/10\/b02_n02-300x211.png 300w, http:\/\/calli.digital\/revista\/wp-content\/uploads\/2021\/10\/b02_n02-768x540.png 768w, http:\/\/calli.digital\/revista\/wp-content\/uploads\/2021\/10\/b02_n02-130x90.png 130w\" sizes=\"auto, (max-width: 1024px) 100vw, 1024px\" \/><\/figure>\n\n\n\n<div class=\"wp-block-columns is-layout-flex wp-container-core-columns-is-layout-28f84493 wp-block-columns-is-layout-flex\">\n<div class=\"wp-block-column is-layout-flow wp-block-column-is-layout-flow\" style=\"flex-basis:33.33%\">\n<figure class=\"wp-block-image size-full\"><img decoding=\"async\" width=\"512\" height=\"409\" src=\"http:\/\/calli.digital\/revista\/wp-content\/uploads\/2021\/10\/b02_n03.png\" alt=\"\" class=\"wp-image-1319\" loading=\"lazy\" srcset=\"http:\/\/calli.digital\/revista\/wp-content\/uploads\/2021\/10\/b02_n03.png 512w, http:\/\/calli.digital\/revista\/wp-content\/uploads\/2021\/10\/b02_n03-300x240.png 300w\" sizes=\"auto, (max-width: 512px) 100vw, 512px\" \/><figcaption>Teatro al aire libre<\/figcaption><\/figure>\n<\/div>\n\n\n\n<div class=\"wp-block-column is-layout-flow wp-block-column-is-layout-flow\" style=\"flex-basis:66.66%\">\n<figure class=\"wp-block-image size-full\"><img decoding=\"async\" width=\"512\" height=\"251\" src=\"http:\/\/calli.digital\/revista\/wp-content\/uploads\/2021\/10\/b02_n04..png\" alt=\"\" class=\"wp-image-1320\" loading=\"lazy\" srcset=\"http:\/\/calli.digital\/revista\/wp-content\/uploads\/2021\/10\/b02_n04..png 512w, http:\/\/calli.digital\/revista\/wp-content\/uploads\/2021\/10\/b02_n04.-300x147.png 300w\" sizes=\"auto, (max-width: 512px) 100vw, 512px\" \/><\/figure>\n<\/div>\n<\/div>\n\n\n\n<h5 class=\"wp-block-heading\"><meta charset=\"utf-8\">Centro Expositor Regional <em>Irapuato, Gto. 2003<\/em><\/h5>\n\n\n\n<figure class=\"wp-block-image size-full\"><img decoding=\"async\" width=\"1024\" height=\"681\" src=\"http:\/\/calli.digital\/revista\/wp-content\/uploads\/2021\/10\/b02_o00a.png\" alt=\"\" class=\"wp-image-1325\" loading=\"lazy\" srcset=\"http:\/\/calli.digital\/revista\/wp-content\/uploads\/2021\/10\/b02_o00a.png 1024w, http:\/\/calli.digital\/revista\/wp-content\/uploads\/2021\/10\/b02_o00a-300x200.png 300w, http:\/\/calli.digital\/revista\/wp-content\/uploads\/2021\/10\/b02_o00a-768x511.png 768w\" sizes=\"auto, (max-width: 1024px) 100vw, 1024px\" \/><\/figure>\n\n\n\n<div class=\"wp-block-columns is-layout-flex wp-container-core-columns-is-layout-28f84493 wp-block-columns-is-layout-flex\">\n<div class=\"wp-block-column is-layout-flow wp-block-column-is-layout-flow\">\n<figure class=\"wp-block-image size-full\"><img decoding=\"async\" width=\"512\" height=\"363\" src=\"http:\/\/calli.digital\/revista\/wp-content\/uploads\/2021\/10\/b02_o01.png\" alt=\"\" class=\"wp-image-1324\" loading=\"lazy\" srcset=\"http:\/\/calli.digital\/revista\/wp-content\/uploads\/2021\/10\/b02_o01.png 512w, http:\/\/calli.digital\/revista\/wp-content\/uploads\/2021\/10\/b02_o01-300x213.png 300w\" sizes=\"auto, (max-width: 512px) 100vw, 512px\" \/><\/figure>\n<\/div>\n\n\n\n<div class=\"wp-block-column is-layout-flow wp-block-column-is-layout-flow\">\n<figure class=\"wp-block-image size-full\"><img decoding=\"async\" width=\"512\" height=\"379\" src=\"http:\/\/calli.digital\/revista\/wp-content\/uploads\/2021\/10\/b02_o02.png\" alt=\"\" class=\"wp-image-1326\" loading=\"lazy\" srcset=\"http:\/\/calli.digital\/revista\/wp-content\/uploads\/2021\/10\/b02_o02.png 512w, http:\/\/calli.digital\/revista\/wp-content\/uploads\/2021\/10\/b02_o02-300x222.png 300w\" sizes=\"auto, (max-width: 512px) 100vw, 512px\" \/><\/figure>\n<\/div>\n<\/div>\n\n\n\n<h5 class=\"wp-block-heading\"><meta charset=\"utf-8\">Centro De Estudios Econ\u00f3micos Y Sociales Del 3er. Mundo. <em>M\u00e9xico, D.F. 1976<\/em><\/h5>\n\n\n\n<figure class=\"wp-block-image size-full\"><img decoding=\"async\" width=\"1024\" height=\"632\" src=\"http:\/\/calli.digital\/revista\/wp-content\/uploads\/2021\/10\/b02_p01.png\" alt=\"\" class=\"wp-image-1328\" loading=\"lazy\" srcset=\"http:\/\/calli.digital\/revista\/wp-content\/uploads\/2021\/10\/b02_p01.png 1024w, http:\/\/calli.digital\/revista\/wp-content\/uploads\/2021\/10\/b02_p01-300x185.png 300w, http:\/\/calli.digital\/revista\/wp-content\/uploads\/2021\/10\/b02_p01-768x474.png 768w\" sizes=\"auto, (max-width: 1024px) 100vw, 1024px\" \/><\/figure>\n\n\n\n<h5 class=\"wp-block-heading\"><meta charset=\"utf-8\">Centro De Protecci\u00f3n Social No.2. <em>Xochimilco, D.F. 1984<\/em><\/h5>\n\n\n\n<figure class=\"wp-block-image size-full\"><img decoding=\"async\" width=\"1024\" height=\"656\" src=\"http:\/\/calli.digital\/revista\/wp-content\/uploads\/2021\/10\/b02_q01.png\" alt=\"\" class=\"wp-image-1331\" loading=\"lazy\" srcset=\"http:\/\/calli.digital\/revista\/wp-content\/uploads\/2021\/10\/b02_q01.png 1024w, http:\/\/calli.digital\/revista\/wp-content\/uploads\/2021\/10\/b02_q01-300x192.png 300w, http:\/\/calli.digital\/revista\/wp-content\/uploads\/2021\/10\/b02_q01-768x492.png 768w\" sizes=\"auto, (max-width: 1024px) 100vw, 1024px\" \/><\/figure>\n\n\n\n<h5 class=\"wp-block-heading\"><meta charset=\"utf-8\">Centro de Readaptaci\u00f3n Social. <em>Morelia, Mich. 1991<\/em> y\u00a0\u00a0\u00a0\u00a0\u00a0\u00a0<br>Centro De Readaptaci\u00f3n Social. <em>San Luis Potosi, S.L.P. 1992<\/em><\/h5>\n\n\n\n<div class=\"wp-block-columns is-layout-flex wp-container-core-columns-is-layout-28f84493 wp-block-columns-is-layout-flex\">\n<div class=\"wp-block-column is-layout-flow wp-block-column-is-layout-flow\" style=\"flex-basis:66.66%\">\n<figure class=\"wp-block-image size-full\"><img decoding=\"async\" width=\"512\" height=\"325\" src=\"http:\/\/calli.digital\/revista\/wp-content\/uploads\/2021\/10\/b02_r01.png\" alt=\"\" class=\"wp-image-1332\" loading=\"lazy\" srcset=\"http:\/\/calli.digital\/revista\/wp-content\/uploads\/2021\/10\/b02_r01.png 512w, http:\/\/calli.digital\/revista\/wp-content\/uploads\/2021\/10\/b02_r01-300x190.png 300w\" sizes=\"auto, (max-width: 512px) 100vw, 512px\" \/><figcaption><em>\u00a0\u00a0\u00a0<\/em><\/figcaption><\/figure>\n\n\n\n<p><\/p>\n<\/div>\n\n\n\n<div class=\"wp-block-column is-layout-flow wp-block-column-is-layout-flow\" style=\"flex-basis:33.33%\">\n<figure class=\"wp-block-image size-full\"><img decoding=\"async\" width=\"512\" height=\"697\" src=\"http:\/\/calli.digital\/revista\/wp-content\/uploads\/2021\/10\/b02_r02.png\" alt=\"\" class=\"wp-image-1333\" loading=\"lazy\" srcset=\"http:\/\/calli.digital\/revista\/wp-content\/uploads\/2021\/10\/b02_r02.png 512w, http:\/\/calli.digital\/revista\/wp-content\/uploads\/2021\/10\/b02_r02-220x300.png 220w\" sizes=\"auto, (max-width: 512px) 100vw, 512px\" \/><\/figure>\n<\/div>\n<\/div>\n\n\n\n<h5 class=\"wp-block-heading\"><meta charset=\"utf-8\">Desarrollo Habitacional <em>Coatzacoalcos CTZ, Ver<\/em><\/h5>\n\n\n\n<figure class=\"wp-block-image size-full\"><img decoding=\"async\" width=\"1024\" height=\"502\" src=\"http:\/\/calli.digital\/revista\/wp-content\/uploads\/2021\/10\/b02_s01.png\" alt=\"\" class=\"wp-image-1335\" loading=\"lazy\" srcset=\"http:\/\/calli.digital\/revista\/wp-content\/uploads\/2021\/10\/b02_s01.png 1024w, http:\/\/calli.digital\/revista\/wp-content\/uploads\/2021\/10\/b02_s01-300x147.png 300w, http:\/\/calli.digital\/revista\/wp-content\/uploads\/2021\/10\/b02_s01-768x377.png 768w\" sizes=\"auto, (max-width: 1024px) 100vw, 1024px\" \/><\/figure>\n\n\n\n<h5 class=\"wp-block-heading\"><meta charset=\"utf-8\">Condominio Habitacional Dulce Olivia <em>M\u00e9xico, D.F. 1996<\/em><\/h5>\n\n\n\n<figure class=\"wp-block-image size-full\"><img decoding=\"async\" width=\"1024\" height=\"559\" src=\"http:\/\/calli.digital\/revista\/wp-content\/uploads\/2021\/10\/b02_t01.png\" alt=\"\" class=\"wp-image-1338\" loading=\"lazy\" srcset=\"http:\/\/calli.digital\/revista\/wp-content\/uploads\/2021\/10\/b02_t01.png 1024w, http:\/\/calli.digital\/revista\/wp-content\/uploads\/2021\/10\/b02_t01-300x164.png 300w, http:\/\/calli.digital\/revista\/wp-content\/uploads\/2021\/10\/b02_t01-768x419.png 768w\" sizes=\"auto, (max-width: 1024px) 100vw, 1024px\" \/><figcaption>C<\/figcaption><\/figure>\n\n\n\n<div class=\"wp-block-columns is-layout-flex wp-container-core-columns-is-layout-28f84493 wp-block-columns-is-layout-flex\">\n<div class=\"wp-block-column is-layout-flow wp-block-column-is-layout-flow\">\n<figure class=\"wp-block-image size-full\"><img decoding=\"async\" width=\"512\" height=\"202\" src=\"http:\/\/calli.digital\/revista\/wp-content\/uploads\/2021\/10\/b02_u01.png\" alt=\"\" class=\"wp-image-1340\" loading=\"lazy\" srcset=\"http:\/\/calli.digital\/revista\/wp-content\/uploads\/2021\/10\/b02_u01.png 512w, http:\/\/calli.digital\/revista\/wp-content\/uploads\/2021\/10\/b02_u01-300x118.png 300w\" sizes=\"auto, (max-width: 512px) 100vw, 512px\" \/><figcaption>Modulo Social de Vivienda FOVISSSTE Ensenada, B.C.<\/figcaption><\/figure>\n<\/div>\n\n\n\n<div class=\"wp-block-column is-layout-flow wp-block-column-is-layout-flow\">\n<figure class=\"wp-block-image size-full\"><img decoding=\"async\" width=\"512\" height=\"298\" src=\"http:\/\/calli.digital\/revista\/wp-content\/uploads\/2021\/10\/b02_u02.png\" alt=\"\" class=\"wp-image-1342\" loading=\"lazy\" srcset=\"http:\/\/calli.digital\/revista\/wp-content\/uploads\/2021\/10\/b02_u02.png 512w, http:\/\/calli.digital\/revista\/wp-content\/uploads\/2021\/10\/b02_u02-300x175.png 300w\" sizes=\"auto, (max-width: 512px) 100vw, 512px\" \/><figcaption>Villas De Palmalta Casolar. Manzanillo, Col<\/figcaption><\/figure>\n<\/div>\n<\/div>\n\n\n\n<div class=\"wp-block-columns is-layout-flex wp-container-core-columns-is-layout-28f84493 wp-block-columns-is-layout-flex\">\n<div class=\"wp-block-column is-layout-flow wp-block-column-is-layout-flow\">\n<figure class=\"wp-block-image size-full\"><img decoding=\"async\" width=\"512\" height=\"340\" src=\"http:\/\/calli.digital\/revista\/wp-content\/uploads\/2021\/10\/b02_u03.png\" alt=\"\" class=\"wp-image-1343\" loading=\"lazy\" srcset=\"http:\/\/calli.digital\/revista\/wp-content\/uploads\/2021\/10\/b02_u03.png 512w, http:\/\/calli.digital\/revista\/wp-content\/uploads\/2021\/10\/b02_u03-300x199.png 300w\" sizes=\"auto, (max-width: 512px) 100vw, 512px\" \/><figcaption>Villas del Palmar Manzanillo, Col. 1977<\/figcaption><\/figure>\n<\/div>\n\n\n\n<div class=\"wp-block-column is-layout-flow wp-block-column-is-layout-flow\">\n<figure class=\"wp-block-image size-full\"><img decoding=\"async\" width=\"512\" height=\"343\" src=\"http:\/\/calli.digital\/revista\/wp-content\/uploads\/2021\/10\/b02_u04.png\" alt=\"\" class=\"wp-image-1345\" loading=\"lazy\" srcset=\"http:\/\/calli.digital\/revista\/wp-content\/uploads\/2021\/10\/b02_u04.png 512w, http:\/\/calli.digital\/revista\/wp-content\/uploads\/2021\/10\/b02_u04-300x201.png 300w\" sizes=\"auto, (max-width: 512px) 100vw, 512px\" \/><figcaption>Residencias La Joya Manzanillo, Colima 1979<\/figcaption><\/figure>\n<\/div>\n<\/div>\n\n\n\n<div class=\"wp-block-columns is-layout-flex wp-container-core-columns-is-layout-28f84493 wp-block-columns-is-layout-flex\">\n<div class=\"wp-block-column is-layout-flow wp-block-column-is-layout-flow\">\n<figure class=\"wp-block-image size-full\"><img decoding=\"async\" width=\"512\" height=\"423\" src=\"http:\/\/calli.digital\/revista\/wp-content\/uploads\/2021\/10\/b02_u05.png\" alt=\"\" class=\"wp-image-1346\" loading=\"lazy\" srcset=\"http:\/\/calli.digital\/revista\/wp-content\/uploads\/2021\/10\/b02_u05.png 512w, http:\/\/calli.digital\/revista\/wp-content\/uploads\/2021\/10\/b02_u05-300x248.png 300w\" sizes=\"auto, (max-width: 512px) 100vw, 512px\" \/><\/figure>\n<\/div>\n\n\n\n<div class=\"wp-block-column is-layout-flow wp-block-column-is-layout-flow\">\n<figure class=\"wp-block-image size-full\"><img decoding=\"async\" width=\"512\" height=\"349\" src=\"http:\/\/calli.digital\/revista\/wp-content\/uploads\/2021\/10\/b02_u06.png\" alt=\"\" class=\"wp-image-1347\" loading=\"lazy\" srcset=\"http:\/\/calli.digital\/revista\/wp-content\/uploads\/2021\/10\/b02_u06.png 512w, http:\/\/calli.digital\/revista\/wp-content\/uploads\/2021\/10\/b02_u06-300x204.png 300w, http:\/\/calli.digital\/revista\/wp-content\/uploads\/2021\/10\/b02_u06-130x90.png 130w\" sizes=\"auto, (max-width: 512px) 100vw, 512px\" \/><figcaption>Conjunto Habitacional Alto Progreso Acapulco, Gro. 1976<\/figcaption><\/figure>\n<\/div>\n<\/div>\n\n\n\n<h5 class=\"wp-block-heading\"><meta charset=\"utf-8\">Catedral Metropolitana. DF Plan Maestro de Conservaci\u00f3n. 2002<\/h5>\n\n\n\n<div class=\"wp-block-columns is-layout-flex wp-container-core-columns-is-layout-28f84493 wp-block-columns-is-layout-flex\">\n<div class=\"wp-block-column is-layout-flow wp-block-column-is-layout-flow\">\n<figure class=\"wp-block-image size-full\"><img decoding=\"async\" width=\"512\" height=\"343\" src=\"http:\/\/calli.digital\/revista\/wp-content\/uploads\/2021\/10\/b02_u07.png\" alt=\"\" class=\"wp-image-1348\" loading=\"lazy\" srcset=\"http:\/\/calli.digital\/revista\/wp-content\/uploads\/2021\/10\/b02_u07.png 512w, http:\/\/calli.digital\/revista\/wp-content\/uploads\/2021\/10\/b02_u07-300x201.png 300w\" sizes=\"auto, (max-width: 512px) 100vw, 512px\" \/><\/figure>\n\n\n\n<figure class=\"wp-block-image size-full\"><img decoding=\"async\" width=\"512\" height=\"439\" src=\"http:\/\/calli.digital\/revista\/wp-content\/uploads\/2021\/10\/b02_u10.png\" alt=\"\" class=\"wp-image-1350\" loading=\"lazy\" srcset=\"http:\/\/calli.digital\/revista\/wp-content\/uploads\/2021\/10\/b02_u10.png 512w, http:\/\/calli.digital\/revista\/wp-content\/uploads\/2021\/10\/b02_u10-300x257.png 300w\" sizes=\"auto, (max-width: 512px) 100vw, 512px\" \/><\/figure>\n<\/div>\n\n\n\n<div class=\"wp-block-column is-layout-flow wp-block-column-is-layout-flow\">\n<figure class=\"wp-block-image size-full\"><img decoding=\"async\" width=\"512\" height=\"670\" src=\"http:\/\/calli.digital\/revista\/wp-content\/uploads\/2021\/10\/b02_u09.png\" alt=\"\" class=\"wp-image-1349\" loading=\"lazy\" srcset=\"http:\/\/calli.digital\/revista\/wp-content\/uploads\/2021\/10\/b02_u09.png 512w, http:\/\/calli.digital\/revista\/wp-content\/uploads\/2021\/10\/b02_u09-229x300.png 229w\" sizes=\"auto, (max-width: 512px) 100vw, 512px\" \/><\/figure>\n\n\n\n<figure class=\"wp-block-image size-full\"><img decoding=\"async\" width=\"512\" height=\"321\" src=\"http:\/\/calli.digital\/revista\/wp-content\/uploads\/2021\/10\/b02_u08.png\" alt=\"\" class=\"wp-image-1351\" loading=\"lazy\" srcset=\"http:\/\/calli.digital\/revista\/wp-content\/uploads\/2021\/10\/b02_u08.png 512w, http:\/\/calli.digital\/revista\/wp-content\/uploads\/2021\/10\/b02_u08-300x188.png 300w\" sizes=\"auto, (max-width: 512px) 100vw, 512px\" \/><\/figure>\n<\/div>\n<\/div>\n\n\n\n<h5 class=\"wp-block-heading\">Desarrollo Urbano Rio Tijuana, <em>Tijuana, B.C. M\u00e9xico<\/em><\/h5>\n\n\n\n<div class=\"wp-block-columns is-layout-flex wp-container-core-columns-is-layout-28f84493 wp-block-columns-is-layout-flex\">\n<div class=\"wp-block-column is-layout-flow wp-block-column-is-layout-flow\">\n<figure class=\"wp-block-image size-full\"><img decoding=\"async\" width=\"512\" height=\"332\" src=\"http:\/\/calli.digital\/revista\/wp-content\/uploads\/2021\/10\/b02_u11.png\" alt=\"\" class=\"wp-image-1352\" loading=\"lazy\" srcset=\"http:\/\/calli.digital\/revista\/wp-content\/uploads\/2021\/10\/b02_u11.png 512w, http:\/\/calli.digital\/revista\/wp-content\/uploads\/2021\/10\/b02_u11-300x195.png 300w\" sizes=\"auto, (max-width: 512px) 100vw, 512px\" \/><figcaption>Escultores: \u00c2ngela Gurria Enrique Miralda Federico Canessi 1973<\/figcaption><\/figure>\n<\/div>\n\n\n\n<div class=\"wp-block-column is-layout-flow wp-block-column-is-layout-flow\">\n<figure class=\"wp-block-image size-full\"><img decoding=\"async\" width=\"512\" height=\"293\" src=\"http:\/\/calli.digital\/revista\/wp-content\/uploads\/2021\/10\/b02_u12.png\" alt=\"\" class=\"wp-image-1353\" loading=\"lazy\" srcset=\"http:\/\/calli.digital\/revista\/wp-content\/uploads\/2021\/10\/b02_u12.png 512w, http:\/\/calli.digital\/revista\/wp-content\/uploads\/2021\/10\/b02_u12-300x172.png 300w\" sizes=\"auto, (max-width: 512px) 100vw, 512px\" \/><\/figure>\n<\/div>\n<\/div>\n\n\n\n<div class=\"wp-block-columns is-layout-flex wp-container-core-columns-is-layout-28f84493 wp-block-columns-is-layout-flex\">\n<div class=\"wp-block-column is-layout-flow wp-block-column-is-layout-flow\">\n<figure class=\"wp-block-image size-full\"><img decoding=\"async\" width=\"512\" height=\"266\" src=\"http:\/\/calli.digital\/revista\/wp-content\/uploads\/2021\/10\/b02_u13.png\" alt=\"\" class=\"wp-image-1354\" loading=\"lazy\" srcset=\"http:\/\/calli.digital\/revista\/wp-content\/uploads\/2021\/10\/b02_u13.png 512w, http:\/\/calli.digital\/revista\/wp-content\/uploads\/2021\/10\/b02_u13-300x156.png 300w\" sizes=\"auto, (max-width: 512px) 100vw, 512px\" \/><\/figure>\n\n\n\n<figure class=\"wp-block-image size-full\"><img decoding=\"async\" width=\"512\" height=\"432\" src=\"http:\/\/calli.digital\/revista\/wp-content\/uploads\/2021\/10\/b02_u14.png\" alt=\"\" class=\"wp-image-1355\" loading=\"lazy\" srcset=\"http:\/\/calli.digital\/revista\/wp-content\/uploads\/2021\/10\/b02_u14.png 512w, http:\/\/calli.digital\/revista\/wp-content\/uploads\/2021\/10\/b02_u14-300x253.png 300w\" sizes=\"auto, (max-width: 512px) 100vw, 512px\" \/><\/figure>\n<\/div>\n\n\n\n<div class=\"wp-block-column is-layout-flow wp-block-column-is-layout-flow\">\n<figure class=\"wp-block-image size-full\"><img decoding=\"async\" width=\"512\" height=\"434\" src=\"http:\/\/calli.digital\/revista\/wp-content\/uploads\/2021\/10\/b02_u15.png\" alt=\"\" class=\"wp-image-1356\" loading=\"lazy\" srcset=\"http:\/\/calli.digital\/revista\/wp-content\/uploads\/2021\/10\/b02_u15.png 512w, http:\/\/calli.digital\/revista\/wp-content\/uploads\/2021\/10\/b02_u15-300x254.png 300w\" sizes=\"auto, (max-width: 512px) 100vw, 512px\" \/><figcaption>En este sitio de ijuana se encontraba\u201ccartolandia\u201dy as\u00ed se inici\u00f3 la obra<\/figcaption><\/figure>\n\n\n\n<p><\/p>\n<\/div>\n<\/div>\n\n\n\n<h5 class=\"wp-block-heading\">Av. Costera Miguel Alem\u00e1n Remodelaci\u00f3n <em>Acapulco, Gro 1980<\/em><\/h5>\n\n\n\n<div class=\"wp-block-columns is-layout-flex wp-container-core-columns-is-layout-28f84493 wp-block-columns-is-layout-flex\">\n<div class=\"wp-block-column is-layout-flow wp-block-column-is-layout-flow\">\n<figure class=\"wp-block-image size-full\"><img decoding=\"async\" width=\"512\" height=\"358\" src=\"http:\/\/calli.digital\/revista\/wp-content\/uploads\/2021\/10\/b02_u20.png\" alt=\"\" class=\"wp-image-1357\" loading=\"lazy\" srcset=\"http:\/\/calli.digital\/revista\/wp-content\/uploads\/2021\/10\/b02_u20.png 512w, http:\/\/calli.digital\/revista\/wp-content\/uploads\/2021\/10\/b02_u20-300x210.png 300w, http:\/\/calli.digital\/revista\/wp-content\/uploads\/2021\/10\/b02_u20-130x90.png 130w\" sizes=\"auto, (max-width: 512px) 100vw, 512px\" \/><\/figure>\n\n\n\n<figure class=\"wp-block-image size-full\"><img decoding=\"async\" width=\"512\" height=\"207\" src=\"http:\/\/calli.digital\/revista\/wp-content\/uploads\/2021\/10\/b02_u17.png\" alt=\"\" class=\"wp-image-1360\" loading=\"lazy\" srcset=\"http:\/\/calli.digital\/revista\/wp-content\/uploads\/2021\/10\/b02_u17.png 512w, http:\/\/calli.digital\/revista\/wp-content\/uploads\/2021\/10\/b02_u17-300x121.png 300w\" sizes=\"auto, (max-width: 512px) 100vw, 512px\" \/><\/figure>\n\n\n\n<figure class=\"wp-block-image size-full\"><img decoding=\"async\" width=\"512\" height=\"367\" src=\"http:\/\/calli.digital\/revista\/wp-content\/uploads\/2021\/10\/b02_u16.png\" alt=\"\" class=\"wp-image-1359\" loading=\"lazy\" srcset=\"http:\/\/calli.digital\/revista\/wp-content\/uploads\/2021\/10\/b02_u16.png 512w, http:\/\/calli.digital\/revista\/wp-content\/uploads\/2021\/10\/b02_u16-300x215.png 300w\" sizes=\"auto, (max-width: 512px) 100vw, 512px\" \/><\/figure>\n<\/div>\n\n\n\n<div class=\"wp-block-column is-layout-flow wp-block-column-is-layout-flow\">\n<figure class=\"wp-block-image size-full\"><img decoding=\"async\" width=\"1024\" height=\"816\" src=\"http:\/\/calli.digital\/revista\/wp-content\/uploads\/2021\/10\/b02_u19.png\" alt=\"\" class=\"wp-image-1358\" loading=\"lazy\" srcset=\"http:\/\/calli.digital\/revista\/wp-content\/uploads\/2021\/10\/b02_u19.png 1024w, http:\/\/calli.digital\/revista\/wp-content\/uploads\/2021\/10\/b02_u19-300x239.png 300w, http:\/\/calli.digital\/revista\/wp-content\/uploads\/2021\/10\/b02_u19-768x612.png 768w\" sizes=\"auto, (max-width: 1024px) 100vw, 1024px\" \/><\/figure>\n\n\n\n<figure class=\"wp-block-image size-full\"><img decoding=\"async\" width=\"512\" height=\"606\" src=\"http:\/\/calli.digital\/revista\/wp-content\/uploads\/2021\/10\/b02_u18.png\" alt=\"\" class=\"wp-image-1361\" loading=\"lazy\" srcset=\"http:\/\/calli.digital\/revista\/wp-content\/uploads\/2021\/10\/b02_u18.png 512w, http:\/\/calli.digital\/revista\/wp-content\/uploads\/2021\/10\/b02_u18-253x300.png 253w\" sizes=\"auto, (max-width: 512px) 100vw, 512px\" \/><\/figure>\n<\/div>\n<\/div>\n\n\n\n<h5 class=\"wp-block-heading\">Centro Cultural de China en M\u00e9xico<\/h5>\n\n\n\n<div class=\"wp-block-columns is-layout-flex wp-container-core-columns-is-layout-28f84493 wp-block-columns-is-layout-flex\">\n<div class=\"wp-block-column is-layout-flow wp-block-column-is-layout-flow\">\n<figure class=\"wp-block-image size-full\"><img decoding=\"async\" width=\"512\" height=\"272\" src=\"http:\/\/calli.digital\/revista\/wp-content\/uploads\/2021\/10\/b02_v01.png\" alt=\"\" class=\"wp-image-1362\" loading=\"lazy\" srcset=\"http:\/\/calli.digital\/revista\/wp-content\/uploads\/2021\/10\/b02_v01.png 512w, http:\/\/calli.digital\/revista\/wp-content\/uploads\/2021\/10\/b02_v01-300x159.png 300w\" sizes=\"auto, (max-width: 512px) 100vw, 512px\" \/><\/figure>\n\n\n\n<figure class=\"wp-block-image size-full\"><img decoding=\"async\" width=\"512\" height=\"310\" src=\"http:\/\/calli.digital\/revista\/wp-content\/uploads\/2021\/10\/b02_v02.png\" alt=\"\" class=\"wp-image-1364\" loading=\"lazy\" srcset=\"http:\/\/calli.digital\/revista\/wp-content\/uploads\/2021\/10\/b02_v02.png 512w, http:\/\/calli.digital\/revista\/wp-content\/uploads\/2021\/10\/b02_v02-300x182.png 300w\" sizes=\"auto, (max-width: 512px) 100vw, 512px\" \/><\/figure>\n<\/div>\n\n\n\n<div class=\"wp-block-column is-layout-flow wp-block-column-is-layout-flow\">\n<figure class=\"wp-block-image size-full\"><img decoding=\"async\" width=\"512\" height=\"317\" src=\"http:\/\/calli.digital\/revista\/wp-content\/uploads\/2021\/10\/b02_v03.png\" alt=\"\" class=\"wp-image-1363\" loading=\"lazy\" srcset=\"http:\/\/calli.digital\/revista\/wp-content\/uploads\/2021\/10\/b02_v03.png 512w, http:\/\/calli.digital\/revista\/wp-content\/uploads\/2021\/10\/b02_v03-300x186.png 300w\" sizes=\"auto, (max-width: 512px) 100vw, 512px\" \/><\/figure>\n\n\n\n<figure class=\"wp-block-image size-full\"><img decoding=\"async\" width=\"352\" height=\"435\" src=\"http:\/\/calli.digital\/revista\/wp-content\/uploads\/2021\/10\/b02_v04.png\" alt=\"\" class=\"wp-image-1365\" loading=\"lazy\" srcset=\"http:\/\/calli.digital\/revista\/wp-content\/uploads\/2021\/10\/b02_v04.png 352w, http:\/\/calli.digital\/revista\/wp-content\/uploads\/2021\/10\/b02_v04-243x300.png 243w\" sizes=\"auto, (max-width: 352px) 100vw, 352px\" \/><\/figure>\n<\/div>\n<\/div>\n\n\n\n<h5 class=\"wp-block-heading\">Paisaje Urbano Santo Domingo, Rep\u00fablica Dominicana<\/h5>\n\n\n\n<figure class=\"wp-block-image size-full\"><img decoding=\"async\" width=\"512\" height=\"328\" src=\"http:\/\/calli.digital\/revista\/wp-content\/uploads\/2021\/10\/b02_w01.png\" alt=\"\" class=\"wp-image-1366\" loading=\"lazy\" srcset=\"http:\/\/calli.digital\/revista\/wp-content\/uploads\/2021\/10\/b02_w01.png 512w, http:\/\/calli.digital\/revista\/wp-content\/uploads\/2021\/10\/b02_w01-300x192.png 300w\" sizes=\"auto, (max-width: 512px) 100vw, 512px\" \/><\/figure>\n<\/body>","protected":false},"excerpt":{"rendered":"<p>Oficinas Centrales del ISSSTE. Buenavista, DF. 2012 Centro de Informaci\u00f3n. Campus Le\u00f3n. UNAM. Le\u00f3n, Gto. 2011 Palacio de Justicia Federal.Consejo<\/p>\n","protected":false},"author":9,"featured_media":0,"comment_status":"open","ping_status":"open","sticky":false,"template":"","format":"standard","meta":{"colormag_page_container_layout":"default_layout","colormag_page_sidebar_layout":"default_layout","om_disable_all_campaigns":false,"_monsterinsights_skip_tracking":false,"_monsterinsights_sitenote_active":false,"_monsterinsights_sitenote_note":"","_monsterinsights_sitenote_category":0,"footnotes":""},"categories":[28],"tags":[],"class_list":["post-1264","post","type-post","status-publish","format-standard","hentry","category-enrique-garcia-formenti"],"_links":{"self":[{"href":"http:\/\/calli.digital\/revista\/index.php\/wp-json\/wp\/v2\/posts\/1264","targetHints":{"allow":["GET"]}}],"collection":[{"href":"http:\/\/calli.digital\/revista\/index.php\/wp-json\/wp\/v2\/posts"}],"about":[{"href":"http:\/\/calli.digital\/revista\/index.php\/wp-json\/wp\/v2\/types\/post"}],"author":[{"embeddable":true,"href":"http:\/\/calli.digital\/revista\/index.php\/wp-json\/wp\/v2\/users\/9"}],"replies":[{"embeddable":true,"href":"http:\/\/calli.digital\/revista\/index.php\/wp-json\/wp\/v2\/comments?post=1264"}],"version-history":[{"count":31,"href":"http:\/\/calli.digital\/revista\/index.php\/wp-json\/wp\/v2\/posts\/1264\/revisions"}],"predecessor-version":[{"id":1394,"href":"http:\/\/calli.digital\/revista\/index.php\/wp-json\/wp\/v2\/posts\/1264\/revisions\/1394"}],"wp:attachment":[{"href":"http:\/\/calli.digital\/revista\/index.php\/wp-json\/wp\/v2\/media?parent=1264"}],"wp:term":[{"taxonomy":"category","embeddable":true,"href":"http:\/\/calli.digital\/revista\/index.php\/wp-json\/wp\/v2\/categories?post=1264"},{"taxonomy":"post_tag","embeddable":true,"href":"http:\/\/calli.digital\/revista\/index.php\/wp-json\/wp\/v2\/tags?post=1264"}],"curies":[{"name":"wp","href":"https:\/\/api.w.org\/{rel}","templated":true}]}}