{"id":1397,"date":"2021-10-26T12:36:49","date_gmt":"2021-10-26T17:36:49","guid":{"rendered":"http:\/\/calli.digital\/revista\/?p=1397"},"modified":"2021-10-27T18:56:56","modified_gmt":"2021-10-27T23:56:56","slug":"palabras-del-arq-jose-luis-cortes-el-dia-de-la-toma-de-posesion-como-presidente-de-la-union-internacional-de-arquitectos-28-de-julio-de-2021-en-la-ciudad-de-paris-francia","status":"publish","type":"post","link":"http:\/\/calli.digital\/revista\/index.php\/2021\/10\/26\/palabras-del-arq-jose-luis-cortes-el-dia-de-la-toma-de-posesion-como-presidente-de-la-union-internacional-de-arquitectos-28-de-julio-de-2021-en-la-ciudad-de-paris-francia\/","title":{"rendered":"Palabras del arq. Jos\u00e9 luis Cort\u00e9s el d\u00eda de la toma de posesi\u00f3n como Presidente de la Uni\u00f3n Internacional de Arquitectos, 28 de julio de 2021 en la ciudad de Par\u00eds, Francia."},"content":{"rendered":"<body>\n<p><\/p>\n\n\n\n<p>Un cordial saludo a los Arquitectos de todo el mundo. QUIERO EXPRESAR MI GRATITUD POR EL HONOR DE SER ELEGIDO PRESIDENTE DE LA UIA.<\/p>\n\n\n\n<p>Extiendo mi sincero agradecimiento a todos y cada uno de los involucrados en el excelente Congreso Mundial en R\u00edo de Janeiro, Brasil y a los participantes que representan las diferentes regiones del mundo. Tambi\u00e9n, al equipo l\u00edder de la UIA que organiz\u00f3 la Asamblea General en forma paralela.<\/p>\n\n\n\n<p>Perm\u00edtanme repetir la promesa que hice durante mi campa\u00f1a:TRABAJAR MUY DURO PARA MEJORAR LA UIA Y LLEVARLA A MAYORES ALTURAS DE \u00c9XITO EN LA ERA POSTERIOR A LA PANDEMIA.<\/p>\n\n\n\n<p>Hay muchos desaf\u00edos a los que podemos y debemos proporcionar respuestas efectivas trabajando en equipo. UNAMOS NUESTRAS MANOS PARA TRADUCIR EN ACCI\u00d3N MI VISI\u00d3N PARA LA UIA EN LOS PR\u00d3XIMOS DOS A\u00d1OS. Lo cual debe incluir y analizar los siguientes retos que he estado enfatizando:<\/p>\n\n\n\n<p>\u25aa EL PAPEL DE LOS ARQUITECTOS Y LA ARQUITECTURA EN LA \u00c9POCA CONTEMPOR\u00c1NEA DE LA ERA POST-COVID.<\/p>\n\n\n\n<p>\u25aa IMPACTO DEL CAMBIO CLIM\u00c1TICO Y LA AGENDA 20-30 DE LAS NACIONES UNIDAS.<\/p>\n\n\n\n<p>\u25aa Aprovechar el TERRITORIO, la situaci\u00f3n de la VIVIENDA Y LOS PROBLEMAS A LOS QUE SE ENFRENTAN LAS CIUDADES HOY, tanto en sus periferias como en sus centros hist\u00f3ricos yla salvaguarda de su patrimonio.<\/p>\n\n\n\n<p>\u25aa Inducir a los j\u00f3venes en el \u00e1mbito profesional invitando a los gobiernos establecidos a realizar al menos un concurso de Arquitectura en cada pa\u00eds en 2022 Y EN A\u00d1OS LOS POSTERIORES, CON EL APOYO DE LA UIA\u00a0<\/p>\n\n\n\n<p>participar en la articulaci\u00f3n de EL PAPEL IDEAL DE LOS ARQUITECTOS EN LA \u00c9POCA CONTEMPOR\u00c1NEA.<\/p>\n\n\n\n<p>Estas son solo algunas de las prioridades clave que quer\u00eda compartir antes de un plan estrat\u00e9gico m\u00e1s detallado, como se se\u00f1al\u00f3 anteriormente.<\/p>\n\n\n\n<p>Perm\u00edtanme terminar se\u00f1alando que la Arquitectura ha tenido una presencia central en la vida de los seres humanos a lo largo de la historia. Todos somos muy conscientes de ello. Desde nuestro nacimiento hasta la muerte, estamos rodeados de Arquitectura, el lugar donde nacemos, la casa donde vivimos, el lugar de trabajo, la escuela, el centro de salud, el mercado, la iglesia y todos los espacios donde nos movemos d\u00eda a d\u00eda.<\/p>\n\n\n\n<p>TODO ES ARQUITECTURA, ya sea hecha por Arquitectos o por la gente misma. La sociedad necesita una buena Arquitectura para todos, independientemente de sus ideolog\u00edas, religi\u00f3n o clase social.<\/p>\n\n\n\n<p>EL PAPEL DE LA UIA ES PROMOVER A LOS ARQUITECTOS Y LA EXCELENCIA EN LA ARQUITECTURA.<\/p>\n\n\n\n<p>\u00a1Gracias una vez m\u00e1s!<\/p>\n<\/body>","protected":false},"excerpt":{"rendered":"<p>Un cordial saludo a los Arquitectos de todo el mundo. QUIERO EXPRESAR MI GRATITUD POR EL HONOR DE SER ELEGIDO<\/p>\n","protected":false},"author":10,"featured_media":1414,"comment_status":"open","ping_status":"closed","sticky":false,"template":"","format":"standard","meta":{"colormag_page_container_layout":"default_layout","colormag_page_sidebar_layout":"default_layout","om_disable_all_campaigns":false,"_monsterinsights_skip_tracking":false,"_monsterinsights_sitenote_active":false,"_monsterinsights_sitenote_note":"","_monsterinsights_sitenote_category":0,"footnotes":""},"categories":[29],"tags":[],"class_list":["post-1397","post","type-post","status-publish","format-standard","has-post-thumbnail","hentry","category-uia"],"_links":{"self":[{"href":"http:\/\/calli.digital\/revista\/index.php\/wp-json\/wp\/v2\/posts\/1397","targetHints":{"allow":["GET"]}}],"collection":[{"href":"http:\/\/calli.digital\/revista\/index.php\/wp-json\/wp\/v2\/posts"}],"about":[{"href":"http:\/\/calli.digital\/revista\/index.php\/wp-json\/wp\/v2\/types\/post"}],"author":[{"embeddable":true,"href":"http:\/\/calli.digital\/revista\/index.php\/wp-json\/wp\/v2\/users\/10"}],"replies":[{"embeddable":true,"href":"http:\/\/calli.digital\/revista\/index.php\/wp-json\/wp\/v2\/comments?post=1397"}],"version-history":[{"count":6,"href":"http:\/\/calli.digital\/revista\/index.php\/wp-json\/wp\/v2\/posts\/1397\/revisions"}],"predecessor-version":[{"id":1443,"href":"http:\/\/calli.digital\/revista\/index.php\/wp-json\/wp\/v2\/posts\/1397\/revisions\/1443"}],"wp:featuredmedia":[{"embeddable":true,"href":"http:\/\/calli.digital\/revista\/index.php\/wp-json\/wp\/v2\/media\/1414"}],"wp:attachment":[{"href":"http:\/\/calli.digital\/revista\/index.php\/wp-json\/wp\/v2\/media?parent=1397"}],"wp:term":[{"taxonomy":"category","embeddable":true,"href":"http:\/\/calli.digital\/revista\/index.php\/wp-json\/wp\/v2\/categories?post=1397"},{"taxonomy":"post_tag","embeddable":true,"href":"http:\/\/calli.digital\/revista\/index.php\/wp-json\/wp\/v2\/tags?post=1397"}],"curies":[{"name":"wp","href":"https:\/\/api.w.org\/{rel}","templated":true}]}}