{"id":1425,"date":"2021-10-27T12:59:04","date_gmt":"2021-10-27T17:59:04","guid":{"rendered":"http:\/\/calli.digital\/revista\/?p=1425"},"modified":"2021-10-27T12:59:06","modified_gmt":"2021-10-27T17:59:06","slug":"frente-a-la-globalizacion","status":"publish","type":"post","link":"http:\/\/calli.digital\/revista\/index.php\/2021\/10\/27\/frente-a-la-globalizacion\/","title":{"rendered":"Frente a la Globalizaci\u00f3n"},"content":{"rendered":"<body>\n<div class=\"wp-block-image\"><figure class=\"alignleft size-full\"><img decoding=\"async\" width=\"130\" height=\"150\" src=\"http:\/\/calli.digital\/revista\/wp-content\/uploads\/2021\/10\/bio_a.gaytan-1.png\" alt=\"\" class=\"wp-image-1428\" loading=\"lazy\"><figcaption><em>Arq. M. Alejandro Gayt\u00e1n C.<\/em><\/figcaption><\/figure><\/div>\n\n\n\n<p>Reconozc\u00e1moslo o no, M\u00e9xico forma parte de un mundo globalizado, donde las principales fuerzas econ\u00f3micas dominan en una forma total los medios de producci\u00f3n y los mercados del orbe, a los que tristemente solo hemos accedido a trav\u00e9s de nuestra participaci\u00f3n en los propios sistemas establecidos por esas mismas potencias.<\/p>\n\n\n\n<p>En los conceptos planteados por la propia globalizaci\u00f3n, esta se concibe como la \u00fanica ruta para que todas las econom\u00edas de las naciones participen en el desarrollo de sus riquezas a fin de lograr un avance lleno de riqueza, que se producir\u00e1 globalmente de acuerdo con la evoluci\u00f3n futura de todo el planeta. Se expone que la forma de manejar los recursos provoque en las naciones no desarrolladas, una gran disminuci\u00f3n de la pobreza, que producir\u00e1 empleos y una baja en las diferencias sociales que existen.<\/p>\n\n\n\n<p>Pero este sistema engloba todo tipo de presiones externas con el fin de acotar, restringir y dirigir las funciones que le corresponden a cualquiera de los estado-naci\u00f3n existentes en el mundo.<\/p>\n\n\n\n<p>Pero contrario a este supuesto, la globalizaci\u00f3n ha tra\u00eddo, ha provocado una enorme desigualdad con mucho mayores niveles de marginaci\u00f3n, pobreza y desigualdad social.<\/p>\n\n\n\n<p>A pesar de los factores negativos en los que M\u00e9xico se desenvuelve, aun as\u00ed, avanza, pero se procede sin ton ni son, no se hace en forma l\u00f3gica y racional; menos para lograr alg\u00fan beneficio como Pa\u00eds, para sus habitantes, pues no se tiene un concepto claro de Naci\u00f3n, de Regi\u00f3n, de Ciudad, ni siquiera de Barrio. Falta una percepci\u00f3n de cu\u00e1l podr\u00eda ser nuestro desarrollo si aprovech\u00e1ramos los adelantos de nuestro tempo.<\/p>\n\n\n\n<p>Adem\u00e1s, la gran mayor\u00eda de la poblaci\u00f3n del pa\u00eds no alcanza a participar en los progresos mencionados, sino que, por el contrario, lo que este caos provoca, es que la distancia entre ricos y pobres, entre conocedores e inexpertos, sea cada d\u00eda m\u00e1s grande.<\/p>\n\n\n\n<p>\u00a0\u00a0\u00a0\u00a0\u00a0\u00a0\u00a0\u00a0\u00a0\u00a0\u00a0\u00a0\u00a0\u00a0\u00a0\u00a0\u00a0\u00a0\u00a0\u00a0\u00a0\u00a0\u00a0\u00a0\u00a0\u00a0\u00a0\u00a0\u00a0\u00a0\u00a0\u00a0\u00a0\u00a0\u00a0\u00a0\u00a0\u00a0\u00a0\u00a0\u00a0\u00a0\u00a0\u00a0\u00a0\u00a0\u00a0\u00a0\u00a0\u00a0\u00a0\u00a0\u00a0\u00a0\u00a0\u00a0\u00a0\u00a0\u00a0\u00a0\u00a0\u00a0\u00a0\u00a0\u00a0\u00a0\u00a0\u00a0\u00a0\u00a0\u00a0\u00a0\u00a0\u00a0\u00a0\u00a0\u00a0\u00a0\u00a0\u00a0\u00a0\u00a0\u00a0\u00a0\u00a0\u00a0\u00a0\u00a0\u00a0\u00a0\u00a0\u00a0\u00a0\u00a0\u00a0\u00a0\u00a0\u00a0\u00a0\u00a0\u00a0\u00a0\u00a0\u00a0\u00a0 7<\/p>\n\n\n\n<p>Esto se debe a factores muy diversos: En la mayor\u00eda de los casos a la ausencia de una perspectiva nacional, social, de apoyo a la poblaci\u00f3n, reflejada en muchas cosas; entre otras, en las pol\u00edticas p\u00fablicas que por largo tiempo han servido a otros intereses y est\u00e1n anquilosadas, o se reforman con objetivos ajenos al inter\u00e9s de la colectividad.<\/p>\n\n\n\n<p>A este fen\u00f3meno lo hemos denominado<\/p>\n\n\n\n<p><strong>\u201cDesarrollo de Zaga\u201d<\/strong>,<\/p>\n\n\n\n<p>y lo arrastramos desde nuestra Independencia como naci\u00f3n y bien podr\u00edamos decir que, desde la Colonia, pues los intereses del extranjero, en nuestra historia, se han sobreprotegido y, adem\u00e1s, sobrepuesto a nuestro desarrollo como pa\u00eds.<\/p>\n\n\n\n<p>El atraso es m\u00e1s visible dentro de la vida en conjunto, y lo mismo sucede con nuestros avances cient\u00edficos, tecnol\u00f3gicos o art\u00edsticos.<\/p>\n<\/body>","protected":false},"excerpt":{"rendered":"<p>Reconozc\u00e1moslo o no, M\u00e9xico forma parte de un mundo globalizado, donde las principales fuerzas econ\u00f3micas dominan en una forma total<\/p>\n","protected":false},"author":2,"featured_media":0,"comment_status":"open","ping_status":"open","sticky":false,"template":"","format":"standard","meta":{"colormag_page_container_layout":"default_layout","colormag_page_sidebar_layout":"default_layout","om_disable_all_campaigns":false,"_monsterinsights_skip_tracking":false,"_monsterinsights_sitenote_active":false,"_monsterinsights_sitenote_note":"","_monsterinsights_sitenote_category":0,"footnotes":""},"categories":[21],"tags":[],"class_list":["post-1425","post","type-post","status-publish","format-standard","hentry","category-editorial"],"_links":{"self":[{"href":"http:\/\/calli.digital\/revista\/index.php\/wp-json\/wp\/v2\/posts\/1425","targetHints":{"allow":["GET"]}}],"collection":[{"href":"http:\/\/calli.digital\/revista\/index.php\/wp-json\/wp\/v2\/posts"}],"about":[{"href":"http:\/\/calli.digital\/revista\/index.php\/wp-json\/wp\/v2\/types\/post"}],"author":[{"embeddable":true,"href":"http:\/\/calli.digital\/revista\/index.php\/wp-json\/wp\/v2\/users\/2"}],"replies":[{"embeddable":true,"href":"http:\/\/calli.digital\/revista\/index.php\/wp-json\/wp\/v2\/comments?post=1425"}],"version-history":[{"count":1,"href":"http:\/\/calli.digital\/revista\/index.php\/wp-json\/wp\/v2\/posts\/1425\/revisions"}],"predecessor-version":[{"id":1429,"href":"http:\/\/calli.digital\/revista\/index.php\/wp-json\/wp\/v2\/posts\/1425\/revisions\/1429"}],"wp:attachment":[{"href":"http:\/\/calli.digital\/revista\/index.php\/wp-json\/wp\/v2\/media?parent=1425"}],"wp:term":[{"taxonomy":"category","embeddable":true,"href":"http:\/\/calli.digital\/revista\/index.php\/wp-json\/wp\/v2\/categories?post=1425"},{"taxonomy":"post_tag","embeddable":true,"href":"http:\/\/calli.digital\/revista\/index.php\/wp-json\/wp\/v2\/tags?post=1425"}],"curies":[{"name":"wp","href":"https:\/\/api.w.org\/{rel}","templated":true}]}}