{"id":1434,"date":"2021-10-27T13:20:33","date_gmt":"2021-10-27T18:20:33","guid":{"rendered":"http:\/\/calli.digital\/revista\/?p=1434"},"modified":"2021-10-27T13:20:36","modified_gmt":"2021-10-27T18:20:36","slug":"vivir-sumando","status":"publish","type":"post","link":"http:\/\/calli.digital\/revista\/index.php\/2021\/10\/27\/vivir-sumando\/","title":{"rendered":"Vivir sumando."},"content":{"rendered":"<body>\n<p>En la obra del arquitecto, resalta: lo intenso de su trabajo; la profundidad de sus acciones, las soluciones consecuentes; su excepcional honradez y la sencillez.<br>Todo ello produciendo una arquitectura que realmente ha servido a sus receptores, con espacios y sistemas adecuados al desarrollo pleno de los mexicanos. Se\u00f1alemos algunos casos:<\/p>\n\n\n\n<p>En vivienda popular: la Unidad Independencia del IMSS; la obra de mayor calidad en vivienda en condominio social en M\u00e9xico. El desarrollo de los programas de producci\u00f3n social del h\u00e1bitat; la Vivienda y el Barrio: La inclusi\u00f3n de un numeroso grupo de j\u00f3venes arquitectos, egresados de diferentes Instituciones, en beneficio de amplios sectores usuarios de esta vivienda marginal; y labor en organismos p\u00fablicos de Vivienda como el INFONAVIT y el INDECO. En lo que respecta a la Salud, en el IMSS, desarroll\u00f3 una labor ejecutiva permanente, con grandes avances en la forma de solucionar los programas de: los proyectos, las construcciones y su conservaci\u00f3n. Estableci\u00f3 las primeras Normas t\u00e9cnicas sobre los diferentes componentes de las edificaciones m\u00e9dicas en sus procesos de planeaci\u00f3n, proyecto, construcci\u00f3n y conservaci\u00f3n lidereando un grupo de entusiastas profesionistas que colaboraron con \u00e9l.<\/p>\n\n\n\n<p>En el campo de la ense\u00f1anza, la creaci\u00f3n del posgrado en \u201cPlaneaci\u00f3n y Dise\u00f1o de Unidades para la Salud\u201d, en la Facultad de Arquitectura de la UNAM\u201d; y su integraci\u00f3n de j\u00f3venes arquitectos en el campo de la vivienda para los que m\u00e1s lo necesitan.<\/p>\n\n\n\n<p>En lo Gremial, estableci\u00f3 principios que, con gran conciencia del gremio de los arquitectos, se termin\u00f3 con las condiciones viciadas que hab\u00eda en la organizaci\u00f3n gremial, al propiciar la expresi\u00f3n democr\u00e1tica de estos. Posteriormente ayud\u00f3 a modernizar las funciones gremiales, del Colegio de Arquitectos de la Ciudad de M\u00e9xico, la Federaci\u00f3n de Colegios Arquitectos de la Rep\u00fablica Mexicana, sus Juntas de Honor y la Academia Nacional de Arquitectura<\/p>\n<\/body>","protected":false},"excerpt":{"rendered":"<p>En la obra del arquitecto, resalta: lo intenso de su trabajo; la profundidad de sus acciones, las soluciones consecuentes; su<\/p>\n","protected":false},"author":2,"featured_media":0,"comment_status":"open","ping_status":"open","sticky":false,"template":"","format":"standard","meta":{"colormag_page_container_layout":"default_layout","colormag_page_sidebar_layout":"default_layout","om_disable_all_campaigns":false,"_monsterinsights_skip_tracking":false,"_monsterinsights_sitenote_active":false,"_monsterinsights_sitenote_note":"","_monsterinsights_sitenote_category":0,"footnotes":""},"categories":[27],"tags":[],"class_list":["post-1434","post","type-post","status-publish","format-standard","hentry","category-jose-maria-gutierrez-trujillo"],"_links":{"self":[{"href":"http:\/\/calli.digital\/revista\/index.php\/wp-json\/wp\/v2\/posts\/1434","targetHints":{"allow":["GET"]}}],"collection":[{"href":"http:\/\/calli.digital\/revista\/index.php\/wp-json\/wp\/v2\/posts"}],"about":[{"href":"http:\/\/calli.digital\/revista\/index.php\/wp-json\/wp\/v2\/types\/post"}],"author":[{"embeddable":true,"href":"http:\/\/calli.digital\/revista\/index.php\/wp-json\/wp\/v2\/users\/2"}],"replies":[{"embeddable":true,"href":"http:\/\/calli.digital\/revista\/index.php\/wp-json\/wp\/v2\/comments?post=1434"}],"version-history":[{"count":1,"href":"http:\/\/calli.digital\/revista\/index.php\/wp-json\/wp\/v2\/posts\/1434\/revisions"}],"predecessor-version":[{"id":1435,"href":"http:\/\/calli.digital\/revista\/index.php\/wp-json\/wp\/v2\/posts\/1434\/revisions\/1435"}],"wp:attachment":[{"href":"http:\/\/calli.digital\/revista\/index.php\/wp-json\/wp\/v2\/media?parent=1434"}],"wp:term":[{"taxonomy":"category","embeddable":true,"href":"http:\/\/calli.digital\/revista\/index.php\/wp-json\/wp\/v2\/categories?post=1434"},{"taxonomy":"post_tag","embeddable":true,"href":"http:\/\/calli.digital\/revista\/index.php\/wp-json\/wp\/v2\/tags?post=1434"}],"curies":[{"name":"wp","href":"https:\/\/api.w.org\/{rel}","templated":true}]}}