{"id":1454,"date":"2021-10-28T11:41:37","date_gmt":"2021-10-28T16:41:37","guid":{"rendered":"http:\/\/calli.digital\/revista\/?p=1454"},"modified":"2021-10-29T08:02:20","modified_gmt":"2021-10-29T13:02:20","slug":"desafios-institucionales-en-tiempos-actuales-de-la-uia","status":"publish","type":"post","link":"http:\/\/calli.digital\/revista\/index.php\/2021\/10\/28\/desafios-institucionales-en-tiempos-actuales-de-la-uia\/","title":{"rendered":"Desaf\u00edos institucionales en tiempos actuales de la UIA"},"content":{"rendered":"<body>\n<p>Primeramente, deseo agradecer a la Revista Calli la invitaci\u00f3n para presentar una serie de reflexiones en relaci\u00f3n con los desaf\u00edos institucionales en los tiempos actuales.<\/p>\n\n\n\n<p>Uno de los puntos m\u00e1s importantes a discutir es: \u00bfC\u00f3mo ser\u00e1 el rol del Arquitecto y de la Arquitectura despu\u00e9s de la era post pand\u00e9mica en los tiempos contempor\u00e1neos y la capacidad de resiliencia que se tendr\u00e1 en las instituciones para enfrentar los retos futuros? El COVID nos ha ense\u00f1ado que ir\u00edamos en un camino equivocado, ya que la sociedad entera no ten\u00eda capacidad de resiliencia y se vio sorprendida por el virus y el n\u00famero tan grande de fallecimientos.<\/p>\n\n\n\n<p>La Uni\u00f3n Internacional de Arquitectos se cre\u00f3 en 1948 despu\u00e9s de la Segunda Guerra Mundial, para participar en mitigar los da\u00f1os causados por la guerra en muchas ciudades de Europa, la necesidad de construir vivienda para millones de habitantes y recuperar mucho del patrimonio perdido, reconvertir las ciudades y orientarlas hacia su futuro desarrollo urbano, y en ese sentido, se pidi\u00f3 a todos los Arquitectos del mundo que se organizaran a trav\u00e9s de la propia UIA, en el dise\u00f1o y construcci\u00f3n de muchos proyectos de toda \u00edndole.<\/p>\n\n\n\n<p>Actualmente nos enfrentamos ante una situaci\u00f3n similar, pero de diversa \u00edndole, pues vivimos una guerra biol\u00f3gica de gran magnitud que ha causado quiz\u00e1, m\u00e1s muertes que la segunda guerra mundial y es en ese tema que los Arquitectos se preguntan cu\u00e1l debe ser la forma de proceder para ayudar a la sociedad a mejorar las condiciones del h\u00e1bitat humano. Con motivo de la pandemia, muchos de los profesionales tuvieron que quedarse en casa para desarrollar desde ah\u00ed sus actividades, pero al mismo tiempo los ni\u00f1os y toda la familia se vieron forzados a quedarse en casa para poder atender sus actividades y ante este panorama la sociedad entera est\u00e1 consciente que las viviendas no estaban dise\u00f1adas para esta situaci\u00f3n y se han tenido que experimentar muchas soluciones imprevistas para salir adelante. El reto para las organizaciones gremiales es como estimular a los Arquitectos para dar propuestas sensatas a todos los estratos socioecon\u00f3micos de la ciudad. La vivienda se ha convertido en un punto medular de la ciudad y se tiene que asumir todo el talento y creatividad posible para dar buenas propuestas y elevar la calidad de vida de los habitantes. El gran paradigma consiste en medir las capacidades existentes de los gremios y de los Arquitectos para servir mejor a la sociedad en el futuro.<\/p>\n<\/body>","protected":false},"excerpt":{"rendered":"<p>Primeramente, deseo agradecer a la Revista Calli la invitaci\u00f3n para presentar una serie de reflexiones en relaci\u00f3n con los desaf\u00edos<\/p>\n","protected":false},"author":10,"featured_media":0,"comment_status":"open","ping_status":"closed","sticky":false,"template":"","format":"standard","meta":{"colormag_page_container_layout":"default_layout","colormag_page_sidebar_layout":"default_layout","om_disable_all_campaigns":false,"_monsterinsights_skip_tracking":false,"_monsterinsights_sitenote_active":false,"_monsterinsights_sitenote_note":"","_monsterinsights_sitenote_category":0,"footnotes":""},"categories":[29],"tags":[],"class_list":["post-1454","post","type-post","status-publish","format-standard","hentry","category-uia"],"_links":{"self":[{"href":"http:\/\/calli.digital\/revista\/index.php\/wp-json\/wp\/v2\/posts\/1454","targetHints":{"allow":["GET"]}}],"collection":[{"href":"http:\/\/calli.digital\/revista\/index.php\/wp-json\/wp\/v2\/posts"}],"about":[{"href":"http:\/\/calli.digital\/revista\/index.php\/wp-json\/wp\/v2\/types\/post"}],"author":[{"embeddable":true,"href":"http:\/\/calli.digital\/revista\/index.php\/wp-json\/wp\/v2\/users\/10"}],"replies":[{"embeddable":true,"href":"http:\/\/calli.digital\/revista\/index.php\/wp-json\/wp\/v2\/comments?post=1454"}],"version-history":[{"count":3,"href":"http:\/\/calli.digital\/revista\/index.php\/wp-json\/wp\/v2\/posts\/1454\/revisions"}],"predecessor-version":[{"id":1468,"href":"http:\/\/calli.digital\/revista\/index.php\/wp-json\/wp\/v2\/posts\/1454\/revisions\/1468"}],"wp:attachment":[{"href":"http:\/\/calli.digital\/revista\/index.php\/wp-json\/wp\/v2\/media?parent=1454"}],"wp:term":[{"taxonomy":"category","embeddable":true,"href":"http:\/\/calli.digital\/revista\/index.php\/wp-json\/wp\/v2\/categories?post=1454"},{"taxonomy":"post_tag","embeddable":true,"href":"http:\/\/calli.digital\/revista\/index.php\/wp-json\/wp\/v2\/tags?post=1454"}],"curies":[{"name":"wp","href":"https:\/\/api.w.org\/{rel}","templated":true}]}}