{"id":1474,"date":"2021-11-01T20:26:57","date_gmt":"2021-11-02T01:26:57","guid":{"rendered":"http:\/\/calli.digital\/revista\/?p=1474"},"modified":"2021-11-01T20:31:27","modified_gmt":"2021-11-02T01:31:27","slug":"sobre-enrique-garcia-formenti","status":"publish","type":"post","link":"http:\/\/calli.digital\/revista\/index.php\/2021\/11\/01\/sobre-enrique-garcia-formenti\/","title":{"rendered":"Sobre Enrique Garc\u00eda Forment\u00ed."},"content":{"rendered":"<body>\n<p>Quisiera comentar sobre la gran persona que fue Enrique Garc\u00eda Forment\u00ed, siempre preocupado por su pa\u00eds, M\u00e9xico, en el que cre\u00eda y admiraba; el gran cari\u00f1o a su universidad, la UNAM, la que siempre respet\u00f3 y con un gran orgullo represent\u00f3.<\/p>\n\n\n\n<p>Comprometido con la Arquitectura Social, especialmente para la salud y la vivienda, visionario en su dise\u00f1o y adelantado a su tiempo en sus grandes obras, ponderando la justicia social y las necesidades colectivas; \u00a0\u201cLa arquitectura se crea para servir al hombre y la sociedad\u201d. Arquitecto innovador, progresista, de vangurdia, definido en sus conceptos, respetuoso con el entorno y con la naturaleza en sus proyectos de gran dise\u00f1o.<\/p>\n\n\n\n<p>Estudioso de las artes, literatura, pintura, escultura, fotograf\u00eda y ante todo arquitectura, su pasi\u00f3n. Nunca abandon\u00f3 su apetito de conocimiento, revisando, comentando lo que se producia en el mundo de la arquitectura.\u00a0 Con su pasi\u00f3n por los libros, un\u00eda a amigos y familiares.<\/p>\n\n\n\n<p>Por su compromiso por la Sociedad, nunca le preocup\u00f3 la inauguraci\u00f3n de sus obras; dec\u00eda que el momento m\u00e1s grande era cuando eran habitadas, en uso; ver a la gente disfrutarlo y que tuviera funcionalidad a traves del tiempo.<\/p>\n\n\n\n<p>Fue un hombre sencillo. Sus palabras cuando recibi\u00f3 el Premio Nacional de Arquitectura, marcan su pensamento: \u201cEs un privilegio haber ayudado a los m\u00e1s necesitados\u201d. Congruente con sus palabras, propone un camino para el futuro de la Arquitectura Social en M\u00e9xico y el Mundo, apasionado en su idea de alcanzar una sociedad m\u00e1s justa y libre.<\/p>\n\n\n\n<p>Enterado por lo que ocurr\u00eda en el mundo, comentaba lo que acontec\u00eda en su querido M\u00e9xico, optimista, luchador, perfeccionista en sus conceptos y con gran imaginaci\u00f3n como en mi opini\u00f3n deben ser los arquitectos. Persona justa y nunca con un rencor, claro, cari\u00f1oso, respetuoso y libre en su forma de pensar y de actuar; hombre ejemplar, de grandes valores. Gran apasionado de la Arquitectura, con su pluma y papel dispuesto a explicar o a dibujar cualquier cosa, su imaginaci\u00f3n inagotable y realmente admirable.<\/p>\n<\/body>","protected":false},"excerpt":{"rendered":"<p>Quisiera comentar sobre la gran persona que fue Enrique Garc\u00eda Forment\u00ed, siempre preocupado por su pa\u00eds, M\u00e9xico, en el que<\/p>\n","protected":false},"author":12,"featured_media":0,"comment_status":"open","ping_status":"open","sticky":false,"template":"","format":"standard","meta":{"colormag_page_container_layout":"default_layout","colormag_page_sidebar_layout":"default_layout","om_disable_all_campaigns":false,"_monsterinsights_skip_tracking":false,"_monsterinsights_sitenote_active":false,"_monsterinsights_sitenote_note":"","_monsterinsights_sitenote_category":0,"footnotes":""},"categories":[28],"tags":[],"class_list":["post-1474","post","type-post","status-publish","format-standard","hentry","category-enrique-garcia-formenti"],"_links":{"self":[{"href":"http:\/\/calli.digital\/revista\/index.php\/wp-json\/wp\/v2\/posts\/1474","targetHints":{"allow":["GET"]}}],"collection":[{"href":"http:\/\/calli.digital\/revista\/index.php\/wp-json\/wp\/v2\/posts"}],"about":[{"href":"http:\/\/calli.digital\/revista\/index.php\/wp-json\/wp\/v2\/types\/post"}],"author":[{"embeddable":true,"href":"http:\/\/calli.digital\/revista\/index.php\/wp-json\/wp\/v2\/users\/12"}],"replies":[{"embeddable":true,"href":"http:\/\/calli.digital\/revista\/index.php\/wp-json\/wp\/v2\/comments?post=1474"}],"version-history":[{"count":1,"href":"http:\/\/calli.digital\/revista\/index.php\/wp-json\/wp\/v2\/posts\/1474\/revisions"}],"predecessor-version":[{"id":1475,"href":"http:\/\/calli.digital\/revista\/index.php\/wp-json\/wp\/v2\/posts\/1474\/revisions\/1475"}],"wp:attachment":[{"href":"http:\/\/calli.digital\/revista\/index.php\/wp-json\/wp\/v2\/media?parent=1474"}],"wp:term":[{"taxonomy":"category","embeddable":true,"href":"http:\/\/calli.digital\/revista\/index.php\/wp-json\/wp\/v2\/categories?post=1474"},{"taxonomy":"post_tag","embeddable":true,"href":"http:\/\/calli.digital\/revista\/index.php\/wp-json\/wp\/v2\/tags?post=1474"}],"curies":[{"name":"wp","href":"https:\/\/api.w.org\/{rel}","templated":true}]}}