{"id":1476,"date":"2021-11-01T20:43:12","date_gmt":"2021-11-02T01:43:12","guid":{"rendered":"http:\/\/calli.digital\/revista\/?p=1476"},"modified":"2021-11-01T21:04:37","modified_gmt":"2021-11-02T02:04:37","slug":"arq-enrique-garcia-formenti","status":"publish","type":"post","link":"http:\/\/calli.digital\/revista\/index.php\/2021\/11\/01\/arq-enrique-garcia-formenti\/","title":{"rendered":"Arq. Enrique Garc\u00eda Forment\u00ed"},"content":{"rendered":"<body>\n<h2 class=\"wp-block-heading\"><strong>(1936-2020)<\/strong><\/h2>\n\n\n\n<div class=\"wp-block-image\"><figure class=\"alignleft size-full\"><img decoding=\"async\" width=\"130\" height=\"150\" src=\"http:\/\/calli.digital\/revista\/wp-content\/uploads\/2021\/11\/bio_f-covarrubias.jpg\" alt=\"\" class=\"wp-image-1482\" loading=\"lazy\"><figcaption>arq. Francisco Covarrubias Gait\u00e1n<\/figcaption><\/figure><\/div>\n\n\n\n<p>La vida y obra del arquitecto Garc\u00eda Forment\u00ed se manifiesta en diversas vertientes: su calidad humana, su trato cordial y probidad, su integridad y honradez en su fruct\u00edfera y excepcional labor profesional desde 1956, si bien se recibi\u00f3 de arquitecto en 1960.<\/p>\n\n\n\n<p>Fue un arquitecto en el sentido m\u00e1s estricto de la palabra, conocedor del oficio, con una visi\u00f3n integral de proyectos y obras, orientadas en mucho a la arquitectura social, en colaboraci\u00f3n con instituciones del gobierno federal.<\/p>\n\n\n\n<p>Entre ellas destacan las realizadas con la Secretar\u00eda del Patrimonio Nacional, particularmente bajo la direcci\u00f3n del arquitecto Pedro Moctezuma D\u00edaz Infante y en colaboraci\u00f3n con el arquitecto Vicente Medel Mart\u00ednez; en el proyecto de canalizaci\u00f3n y urbanizaci\u00f3n del cauce del R\u00edo Tijuana, cuyos objetivos eran proteger la vida y los bienes de m\u00e1s de 50 mil habitantes precaristas, de integrar una soluci\u00f3n que dotara a la ciudad de seguridad con dicho cauce, al mismo tiempo que la estructuraba con un moderno sistema vial, con \u00e1reas verdes, espacios abiertos para plazas p\u00fablicas, jardines y zonas recreativas, propiciando el desarrollo de alternativas para vivienda y actividad comercial y de servicios; al mismo tiempo que brindar una imagen digna a la puerta de entrada a nuestro pa\u00eds en esta zona y captar las aguas residuales para dar cumplimiento a compromisos internacionales, siendo el cauce el elemento estructurador con 70 metros de secci\u00f3n; cuenta con dos v\u00edas en el margen del canal y su continuidad lo liga con la frontera y los principales destinos de la zona urbana.<\/p>\n\n\n\n<p>Cuenta, adem\u00e1s, con avenidas y calles paralelas al canal y ejes transversales que se comunican por medio de puentes vehiculares y complejos entronques, distribuidores a desnivel, es decir, cambia la imagen de la ciudad y genera un coraz\u00f3n, con un \u00e1rea total de 422 hect\u00e1reas, de las cuales la superficie lotificada es de 110 hect\u00e1reas, la superficie del canal y de las vialidades son 200 has y las \u00e1reas verdes y donaciones son 400 has.<\/p>\n\n\n\n<p>Cont\u00f3, adem\u00e1s con un eje para el desarrollo comercial denominado \u201cPaseo de los H\u00e9roes\u201d de secci\u00f3n semejante al Paseo de la Reforma en la Ciudad de M\u00e9xico.<\/p>\n\n\n\n<p>Dentro de ese periodo, en el Puerto de Acapulco desarroll\u00f3 el Centro Cultural y de Convenciones, en colaboraci\u00f3n con los arquitectos Alberto Gonz\u00e1lez Pozo y Jaime Nanclares. Este edificio, que fue el primero en su g\u00e9nero, consolid\u00f3 la avenida costera en su zona poniente. Su calidad y dignidad lo hicieron sede por muchos a\u00f1os del \u201cTianguis Tur\u00edstico Acapulco\u201d, y de numerosas actividades. Particip\u00f3 en su remodelaci\u00f3n en 1982.<\/p>\n\n\n\n<p>El g\u00e9nero m\u00e1s conocido de sus obras es, sin duda, la Arquitectura Nosocomial, con obras de proyecci\u00f3n nacional e internacional, en la que particip\u00f3 por m\u00e1s de cincuenta a\u00f1os, con proyectos ejecutivos y arquitect\u00f3nicos de 96 hospitales y cl\u00ednicas p\u00fablicas y privadas en 22 estados de la Rep\u00fablica Mexicana, en Argentina y en el Salvador.<\/p>\n\n\n\n<p>Destacan 20 intervenciones arquitect\u00f3nicas en el Centro M\u00e9dico \u201cLa Raza\u201d a lo largo de 31 a\u00f1os (1965- 1966), desde remodelaciones y ampliaciones, hasta la construcci\u00f3n de los servicios de urgencias traumatol\u00f3gicas, infectolog\u00eda, radiodiagn\u00f3stico, consulta externa, entre otras. Y los hospitales del IMSS en Guadalajara, Cuernavaca, Manzanillo, Magdalena de las Salinas, Los Reyes, el hospital de Pediatr\u00eda del Centro M\u00e9dico Nacional Siglo XXI; las remodelaciones del hospital psiqui\u00e1trico Fray Bernardino \u00c1lvarez y el Centro M\u00e9dico 20 de Noviembre, del ISSSTE.\u00a0\u00a0\u00a0\u00a0\u00a0\u00a0\u00a0\u00a0\u00a0\u00a0\u00a0\u00a0\u00a0\u00a0\u00a0\u00a0\u00a0\u00a0\u00a0\u00a0\u00a0\u00a0\u00a0\u00a0\u00a0\u00a0\u00a0\u00a0\u00a0\u00a0\u00a0\u00a0\u00a0\u00a0\u00a0\u00a0\u00a0\u00a0\u00a0\u00a0\u00a0\u00a0\u00a0\u00a0\u00a0\u00a0\u00a0<\/p>\n\n\n\n<p>Fue miembro fundador de la Sociedad Mexicana de Arquitectos Especializados en Salud, SMAES. Colabor\u00f3 con instituciones p\u00fablicas y privadas en el \u00e1mbito nacional de planeaci\u00f3n, dise\u00f1o, normatividad, supervisi\u00f3n, construcci\u00f3n y evaluaci\u00f3n para la edificaci\u00f3n de unidades m\u00e9dicas de todo tipo, acordes a las necesidades y requerimientos de cada lugar.<\/p>\n\n\n\n<p>En el 2015 presidi\u00f3 el Concurso Nacional de ideas para el proyecto del Instituto Nacional Electoral, en la elaboraci\u00f3n del \u201cPlan Maestro del Conjunto Tlalpan del INE\u201d, que posteriormente lo llev\u00f3 a realizar su publicaci\u00f3n en un libro donde plantea los 44 escenarios, resultados del concurso; al mismo tiempo que los cr\u00e9ditos y agradecimientos a quienes intervinieron desde el INE, al Jurado y a la Federaci\u00f3n de Colegios de Arquitectos de la Rep\u00fablica Mexicana.<\/p>\n\n\n\n<p>Su arquitectura la caracterizaba como arquitectura de servicio, con un equilibrio entre la creaci\u00f3n, la funci\u00f3n y la forma, respondiendo a los valores de contemporaneidad, constructividad, ambientalidad, funcionalidad y expresividad.<\/p>\n\n\n\n<p>Realiz\u00f3 tambi\u00e9n numerosos proyectos de vivienda, en particular en la primera etapa del INFONAVIT, y acciones vinculadas con el patrimonio cultural, como el Centro C\u00edvico de Quer\u00e9taro; elabor\u00f3 un Plan Maestro de Restauraci\u00f3n de la Catedral de M\u00e9xico; as\u00ed mismo, particip\u00f3 en la restauraci\u00f3n y rehabilitaci\u00f3n del Centro Cultural Caba\u00f1as de Guadalajara.<\/p>\n\n\n\n<p>A lo largo de su trayectoria estuvo ampliamente vinculado con el arquitecto Jos\u00e9 Mar\u00eda Guti\u00e9rrez Trujillo, tanto en \u00e1mbito profesional como gremial, con quien compart\u00eda una visi\u00f3n social de la Arquitectura.<\/p>\n\n\n\n<p>Su amplia obra llev\u00f3 a la Academia Nacional de Arquitectura a proponerlo como candidato al Premio Nacional de Arquitectura en 2013, premio que obtuvo por su brillante trayectoria.<\/p>\n\n\n\n<p>Sin lugar a duda, su calidad humana y sus aportaciones al bien hacer de nuestro gremio, nos hacen recordarlo con emoci\u00f3n y agradecimiento.<\/p>\n<\/body>","protected":false},"excerpt":{"rendered":"<p>(1936-2020) La vida y obra del arquitecto Garc\u00eda Forment\u00ed se manifiesta en diversas vertientes: su calidad humana, su trato cordial<\/p>\n","protected":false},"author":13,"featured_media":0,"comment_status":"open","ping_status":"open","sticky":false,"template":"","format":"standard","meta":{"colormag_page_container_layout":"default_layout","colormag_page_sidebar_layout":"default_layout","om_disable_all_campaigns":false,"_monsterinsights_skip_tracking":false,"_monsterinsights_sitenote_active":false,"_monsterinsights_sitenote_note":"","_monsterinsights_sitenote_category":0,"footnotes":""},"categories":[28],"tags":[],"class_list":["post-1476","post","type-post","status-publish","format-standard","hentry","category-enrique-garcia-formenti"],"_links":{"self":[{"href":"http:\/\/calli.digital\/revista\/index.php\/wp-json\/wp\/v2\/posts\/1476","targetHints":{"allow":["GET"]}}],"collection":[{"href":"http:\/\/calli.digital\/revista\/index.php\/wp-json\/wp\/v2\/posts"}],"about":[{"href":"http:\/\/calli.digital\/revista\/index.php\/wp-json\/wp\/v2\/types\/post"}],"author":[{"embeddable":true,"href":"http:\/\/calli.digital\/revista\/index.php\/wp-json\/wp\/v2\/users\/13"}],"replies":[{"embeddable":true,"href":"http:\/\/calli.digital\/revista\/index.php\/wp-json\/wp\/v2\/comments?post=1476"}],"version-history":[{"count":2,"href":"http:\/\/calli.digital\/revista\/index.php\/wp-json\/wp\/v2\/posts\/1476\/revisions"}],"predecessor-version":[{"id":1484,"href":"http:\/\/calli.digital\/revista\/index.php\/wp-json\/wp\/v2\/posts\/1476\/revisions\/1484"}],"wp:attachment":[{"href":"http:\/\/calli.digital\/revista\/index.php\/wp-json\/wp\/v2\/media?parent=1476"}],"wp:term":[{"taxonomy":"category","embeddable":true,"href":"http:\/\/calli.digital\/revista\/index.php\/wp-json\/wp\/v2\/categories?post=1476"},{"taxonomy":"post_tag","embeddable":true,"href":"http:\/\/calli.digital\/revista\/index.php\/wp-json\/wp\/v2\/tags?post=1476"}],"curies":[{"name":"wp","href":"https:\/\/api.w.org\/{rel}","templated":true}]}}