{"id":1697,"date":"2022-03-01T06:03:44","date_gmt":"2022-03-01T11:03:44","guid":{"rendered":"https:\/\/calli.digital\/revista\/?p=1697"},"modified":"2022-03-01T06:03:47","modified_gmt":"2022-03-01T11:03:47","slug":"mario-schjetnan-creatividad-y-compromiso-2","status":"publish","type":"post","link":"http:\/\/calli.digital\/revista\/index.php\/2022\/03\/01\/mario-schjetnan-creatividad-y-compromiso-2\/","title":{"rendered":"Arquitectura de Paisaje"},"content":{"rendered":"<body>\n<div class=\"wp-block-image\"><figure class=\"alignleft size-full\"><img decoding=\"async\" width=\"130\" height=\"150\" src=\"https:\/\/calli.digital\/revista\/wp-content\/uploads\/2022\/02\/M_Schjetnan.jpg\" alt=\"\" class=\"wp-image-1698\" loading=\"lazy\"><figcaption><em>Arq. Mario Schjetnan Gardu\u00f1o<\/em><\/figcaption><\/figure><\/div>\n\n\n\n<p>La Arquitectura es un objeto artificial, est\u00e1tico, que mueve al que la habita, con sus espacios, vol\u00famenes, conexiones y servicios. Y su principal sentido po\u00e9tico radica en la manipulaci\u00f3n de la luz y de la sombra como volumen. Somos cazadores de luz y sombra.<\/p>\n\n\n\n<p>\u00a0La Arquitectura de Paisaje es el arte de crear espacios y ambientes a trav\u00e9s del encuentro del cielo y la tierra.<\/p>\n\n\n\n<p>La arquitectura y el paisaje comunican emociones, transportan al esp\u00edritu con sus planteamientos y son parte de una cultura.<\/p>\n\n\n\n<p>El arquitecto paisajista manipula la superficie de la tierra para crear nuevas topograf\u00edas, nuevos espacios, nuevos entornos. Nuestra materia prima est\u00e1 hecha de elementos naturales: sean los vegetales, minerales y acu\u00e1ticos.<\/p>\n\n\n\n<p>Adem\u00e1s de otros, como el acero, el concreto y otros materiales minerales producidos y transformados. Construimos elementos horizontales y verticales que contienen, expanden, y comunican el nuevo espacio creado. Ambos, Arquitectura y Arquitectura de Paisaje, son profesiones que est\u00e1n orientadas a mejorar la calidad de la vida de individuos y comunidades. Sin embargo, la Arquitectura de Paisaje es adem\u00e1s un mediador entre el usuario y el medio ambiente, siempre con el objetivo de mejorar ambos.<\/p>\n\n\n\n<p>\u00a0La Arquitectura de Paisaje es por esencia transformativa y regenerativa; ya que toca vidas, seres, ecosistemas. La Arquitectura de Paisaje es din\u00e1mica y est\u00e1 viva: crece, evoluciona, se adapta, se transforma. Es ser y estar; es ante todo la creaci\u00f3n del concepto de lugar. Genius Locii, el genio del lugar, la cualidad de crear. Pero tambi\u00e9n es trayectoria y movimiento. Es desplazamiento y recorrido. Es, esencialmente fenomenol\u00f3gica y temporal. Es luz ordenada por el tiempo, por la geograf\u00eda, por las estaciones e inclusive, por la hora del d\u00eda y su condici\u00f3n clim\u00e1tica. Es atm\u00f3sfera y es ambiente.<\/p>\n\n\n\n<p>Nos conecta con el orden de la Naturaleza, se\u00f1alando nuestro lugar dentro de un sistema mayor, c\u00f3smico. De ah\u00ed que la Arquitectura de Paisaje sea Arte: comunica y provoca emociones. Y genera una noci\u00f3n espiritual a trav\u00e9s de ideas y conceptos. Y por lo tanto, forma parte del mundo de la Cultura.<\/p>\n\n\n\n<p>El gran poeta mexicano Octavio Paz escribe en su libro \u201cPoes\u00eda e Imagen\u201d su definici\u00f3n de poes\u00eda y yo he tomado dichos conceptos y definiciones para arbitrariamente extenderlos al arte del paisaje: Dice Paz: \u201cFrases, palabras, cuando se unen, el poeta crea, recita. Y Cuando compone, crea poemas. El poema (y yo a\u00f1ado, el dise\u00f1o de paisajes), pueden ser met\u00e1foras, s\u00edmbolos, alegor\u00edas, mitos, f\u00e1bulas, memorias, remembranzas, e im\u00e1genes.\u201d<\/p>\n\n\n\n<figure class=\"wp-block-image size-full is-resized\"><img decoding=\"async\" src=\"http:\/\/calli.digital\/revista\/wp-content\/uploads\/2022\/02\/n5_02.jpg\" alt=\"\" class=\"wp-image-1699\" width=\"512\" height=\"383\" loading=\"lazy\" srcset=\"http:\/\/calli.digital\/revista\/wp-content\/uploads\/2022\/02\/n5_02.jpg 512w, http:\/\/calli.digital\/revista\/wp-content\/uploads\/2022\/02\/n5_02-300x224.jpg 300w\" sizes=\"auto, (max-width: 512px) 100vw, 512px\" \/><\/figure>\n\n\n\n<p>El artista del paisaje compone su obra generando una noci\u00f3n de LUGAR a trav\u00e9s de im\u00e1genes, atm\u00f3sferas y esp\u00edritu. Contin\u00faa Paz, \u201cEl poema NO dice lo que es, sino lo que DESEA SER\u201d Yo me permito a\u00f1adir: la obra de paisaje es ante todo una aspiraci\u00f3n. El Arte es la trascendencia de lo ordinario, por lo tanto: No toda la literatura es arte. No toda escultura es arte. Ni toda la m\u00fasica. No toda obra de paisaje es arte. El Arte trasciende cuando evoca y provoca emociones.<\/p>\n\n\n\n<p>Cuando inspira, cuando invita a pensar, a reflexionar. Cuando cuestiona. Paisaje y Ciudad. La Ciudad es un artefacto complejo, un sistema construido en el tiempo por m\u00faltiples actores y agentes. Morfol\u00f3gicamente, consiste en espacios abiertos y cerrados constituidos por sistemas y redes de abasto, comunicaci\u00f3n y movimiento: es decir, edificios, estructuras, veh\u00edculos, infraestructuras. Pero tambi\u00e9n de bosques y reservas naturales, parques, lagos, ca\u00f1adas, r\u00edos, senderos, jardines. y plazas.<\/p>\n\n\n\n<p>La Ciudad es un sistema metab\u00f3lico que genera energ\u00eda, desechos y contaminaci\u00f3n. Finalmente es un sistema natural, es decir un conjunto de ecosistemas, conformados por su geograf\u00eda: topogr\u00e1fica, hidrol\u00f3gica, clim\u00e1tica, geol\u00f3gica, y vegetativa y faun\u00edstica. El Dise\u00f1o Urbano es por lo tanto interdisciplinario. Es el lugar donde se re\u00fanen arquitectos, arquitectos paisajistas, urbanistas y una gran variedad de ingenieros y cient\u00edficos. El gran mito de nuestras escuelas de arquitectura es que el arquitecto es el dise\u00f1ador absoluto de la Ciudad.<\/p>\n\n\n\n<p>Tampoco es la ciudad de los ingenieros y las infraestructuras; es decir el dise\u00f1o per se, de vialidades, drenajes, l\u00edneas de energ\u00eda o transporte. No hacen por si mismas Ciudad. Todos, en conjunci\u00f3n unitaria dise\u00f1aremos la Ciudad inteligente, abierta, natural y sustentable. De aqu\u00ed que el gran reto del Dise\u00f1o Urbano o el Dise\u00f1o de Ciudad, es establecer un balance, un equilibrio entre lo artificial y lo natural, entre la masa construida y el espacio abierto, entre lo p\u00fablico y lo privado, entre las infraestructuras y la Naturaleza. Ese balance es el que establece habitabilidad, equidad, belleza, y calidad de vida. Esa es la verdadera Ciudad Sustentable. La ciudad ideal que satisface las necesidades de TODOS. La que ofrece seguridad y salud; trabajo y desarrollo econ\u00f3mico; movimiento y conectividad; cultura y educaci\u00f3n; recreaci\u00f3n y contacto con la Naturaleza; as\u00ed como belleza y calidad de vida. Es uno de los medios reales para distribuir equidad, crear oportunidades y despertar aspiraciones. Sabemos que estamos bien lejos de producir ciudades ideales en nuestro pa\u00eds, tal y como la hemos definido anteriormente. As\u00ed que para los futuros urbanistas en el amplio sentido de la palabra, tenemos que crear nuevos paradigmas, establecer nuevos criterios y trabajar conjuntamente para acercarnos cada vez m\u00e1s hacia esa idealidad<em> \u00a0\u00a0\u00a0\u00a0\u00a0\u00a0\u00a0\u00a0\u00a0\u00a0\u00a0\u00a0\u00a0\u00a0\u00a0\u00a0\u00a0\u00a0\u00a0\u00a0\u00a0\u00a0\u00a0\u00a0\u00a0\u00a0\u00a0\u00a0\u00a0\u00a0\u00a0<\/em><\/p>\n<\/body>","protected":false},"excerpt":{"rendered":"<p>La Arquitectura es un objeto artificial, est\u00e1tico, que mueve al que la habita, con sus espacios, vol\u00famenes, conexiones y servicios.<\/p>\n","protected":false},"author":6,"featured_media":0,"comment_status":"open","ping_status":"open","sticky":false,"template":"","format":"standard","meta":{"colormag_page_container_layout":"default_layout","colormag_page_sidebar_layout":"default_layout","om_disable_all_campaigns":false,"_monsterinsights_skip_tracking":false,"_monsterinsights_sitenote_active":false,"_monsterinsights_sitenote_note":"","_monsterinsights_sitenote_category":0,"footnotes":""},"categories":[33,25],"tags":[],"class_list":["post-1697","post","type-post","status-publish","format-standard","hentry","category-mario-schjetnan","category-monografias"],"_links":{"self":[{"href":"http:\/\/calli.digital\/revista\/index.php\/wp-json\/wp\/v2\/posts\/1697","targetHints":{"allow":["GET"]}}],"collection":[{"href":"http:\/\/calli.digital\/revista\/index.php\/wp-json\/wp\/v2\/posts"}],"about":[{"href":"http:\/\/calli.digital\/revista\/index.php\/wp-json\/wp\/v2\/types\/post"}],"author":[{"embeddable":true,"href":"http:\/\/calli.digital\/revista\/index.php\/wp-json\/wp\/v2\/users\/6"}],"replies":[{"embeddable":true,"href":"http:\/\/calli.digital\/revista\/index.php\/wp-json\/wp\/v2\/comments?post=1697"}],"version-history":[{"count":2,"href":"http:\/\/calli.digital\/revista\/index.php\/wp-json\/wp\/v2\/posts\/1697\/revisions"}],"predecessor-version":[{"id":1701,"href":"http:\/\/calli.digital\/revista\/index.php\/wp-json\/wp\/v2\/posts\/1697\/revisions\/1701"}],"wp:attachment":[{"href":"http:\/\/calli.digital\/revista\/index.php\/wp-json\/wp\/v2\/media?parent=1697"}],"wp:term":[{"taxonomy":"category","embeddable":true,"href":"http:\/\/calli.digital\/revista\/index.php\/wp-json\/wp\/v2\/categories?post=1697"},{"taxonomy":"post_tag","embeddable":true,"href":"http:\/\/calli.digital\/revista\/index.php\/wp-json\/wp\/v2\/tags?post=1697"}],"curies":[{"name":"wp","href":"https:\/\/api.w.org\/{rel}","templated":true}]}}