{"id":1935,"date":"2022-05-01T00:25:01","date_gmt":"2022-05-01T05:25:01","guid":{"rendered":"http:\/\/calli.digital\/revista\/?p=1935"},"modified":"2022-05-01T00:25:03","modified_gmt":"2022-05-01T05:25:03","slug":"programa-integral-de-remodelacion-de-poblados-en-el-estado-de-mexico","status":"publish","type":"post","link":"http:\/\/calli.digital\/revista\/index.php\/2022\/05\/01\/programa-integral-de-remodelacion-de-poblados-en-el-estado-de-mexico\/","title":{"rendered":"Programa Integral de Remodelaci\u00f3n de Poblados en el Estado de M\u00e9xico"},"content":{"rendered":"<body>\n<div class=\"wp-block-image\"><figure class=\"alignleft size-full\"><img decoding=\"async\" width=\"130\" height=\"150\" src=\"http:\/\/calli.digital\/revista\/wp-content\/uploads\/2021\/11\/bio_f-covarrubias.jpg\" alt=\"\" class=\"wp-image-1482\" loading=\"lazy\"><figcaption><em>Francisco Covarrubias Gait\u00e1n<\/em><\/figcaption><\/figure><\/div>\n\n\n\n<p>En 1972, el Instituto AURIS, instrumento de planeaci\u00f3n urbana y vivienda del Estado de M\u00e9xico, estableci\u00f3 un programa para la atenci\u00f3n integral de 123 cabeceras municipales, que ten\u00eda como objetivo ponerlas en valor, a trav\u00e9s del mejoramiento de sus servicios; dotarlas de equipamiento; mejorar su imagen urbana, y dar pauta a su desarrollo social y econ\u00f3mico. Se produjo en forma paralela al intenso proceso de urbanizaci\u00f3n del Valle de M\u00e9xico y del Valle de Toluca y planteaba que las cabeceras municipales fueran un referente en las zonas metropolitanas y en los municipios rurales del Estado.<\/p>\n\n\n\n<p>La Operaci\u00f3n Progreso, supon\u00eda una visi\u00f3n integral. Al mejoramiento de poblados, sum\u00f3 una vertiente social, para alentar la convivencia, las actividades econ\u00f3micas e impulsar las acciones productivas.<\/p>\n\n\n\n<p>El Gobernador del Estado de M\u00e9xico, present\u00f3 al Presidente de la Rep\u00fablica un programa para atender a todas sus cabeceras municipales, que permiti\u00f3 la asignaci\u00f3n de recursos federales, que signific\u00f3 un cambio de escala y la organizaci\u00f3n de mecanismos administrativos.<\/p>\n\n\n\n<p>Los arquitectos, Julio Garc\u00eda Coll y Carlos Villalobos, se incorporaron, desde AURIS, al Gobierno del Estado. Operaci\u00f3n Progreso, integr\u00f3 a coordinadores y promotores locales; seleccion\u00f3 matrimonios para capacitar, a hombres como a mujeres, en actividades con orientaci\u00f3n de g\u00e9nero, mediante talleres, en los que, adem\u00e1s, se identificaron las necesidades y propuestas de la comunidad, para la integraci\u00f3n del proyecto, as\u00ed como para la ejecuci\u00f3n de las obras, tomando en cuenta la participaci\u00f3n los ritmos de la comunidad.<\/p>\n\n\n\n<p>Para la elaboraci\u00f3n de los proyectos urbanos sobre poblados y arquitect\u00f3nicos, el programa se dividi\u00f3 en dos grupos: el primero del Instituto AURIS, al que se asignaron 62 cabeceras municipales con su ejecuci\u00f3n por Operaci\u00f3n Progreso; el otro se asign\u00f3 al Arq. Francisco Artigas.<\/p>\n\n\n\n<p>Los proyectos de las cabeceras municipales se realizaron para mejorar su calidad de vida; hacerlo atractivo en sus condiciones f\u00edsicas y ambientales; mejorar su paisaje urbano, e impulsar sus actividades sociales y econ\u00f3micas. Se les dio valor como centros administrativos y culturales, transform\u00e1ndose en centralidades, en el \u00e1mbito metropolitano y, en el rural, se consolidaron para concentrar la poblaci\u00f3n de cada municipio, con equipamientos y unidades econ\u00f3micas.<\/p>\n\n\n\n<p>El programa se concert\u00f3 con la Secretar\u00eda de Obras P\u00fablicas, que proporcion\u00f3 materiales industrializados y cubri\u00f3 las estimaciones de la mano de obra especializada, mientras que, con la poblaci\u00f3n local, se organizaron brigadas que aportaron su mano de obra y materiales locales (arena, grava o piedra).<\/p>\n\n\n\n<figure class=\"wp-block-image size-full\"><img decoding=\"async\" width=\"512\" height=\"356\" src=\"http:\/\/calli.digital\/revista\/wp-content\/uploads\/2022\/04\/image034.jpg\" alt=\"\" class=\"wp-image-1991\" loading=\"lazy\" srcset=\"http:\/\/calli.digital\/revista\/wp-content\/uploads\/2022\/04\/image034.jpg 512w, http:\/\/calli.digital\/revista\/wp-content\/uploads\/2022\/04\/image034-300x209.jpg 300w, http:\/\/calli.digital\/revista\/wp-content\/uploads\/2022\/04\/image034-392x272.jpg 392w, http:\/\/calli.digital\/revista\/wp-content\/uploads\/2022\/04\/image034-130x90.jpg 130w\" sizes=\"auto, (max-width: 512px) 100vw, 512px\" \/><\/figure>\n\n\n\n<p>Se plante\u00f3 atender a la estructura de cada poblado, su infraestructura y servicios, sus espacios p\u00fablicos, vialidades y paramentos, as\u00ed como la conservaci\u00f3n de su patrimonio y se orient\u00f3 a la poblaci\u00f3n para el mejoramiento de sus viviendas.<\/p>\n\n\n\n<p>Al inicio de 1973 se integraron los proyectos urbanos con la participaci\u00f3n de equipos de arquitectos, que se les asignaron grupos de poblados:\u00a0 Cooperaron: Jos\u00e9 Luis Benlliure, con Alejandro Su\u00e1rez Parey\u00f3n y Enrique Lastra; en Ocoyacac y Metepec; Carlos Mijares, en Cuautitl\u00e1n, Tepotzotl\u00e1n y Tultitl\u00e1n; como municipios metropolitanos, Innes Webster, Chimalhuac\u00e1n, transformado en un punto de referencia para su entorno metropolitano; Manuel S\u00e1nchez de Carmona, Valle de Bravo, Donato Guerra, Amanalco y Santo Tom\u00e1s de los Pl\u00e1tanos; Alberto Arouesti; en el sur del Estado; Imanol Ordorica y Mariano Benito Araluce, en la zona sur de Toluca<\/p>\n\n\n\n<p>Un programa piloto para su ejecuci\u00f3n en Jocotitl\u00e1n, en el Eje Toluca- Atlacomulco por Xavier Hern\u00e1ndez Ben\u00edtez, Crisp\u00edn L\u00f3pez y Benjam\u00edn Arenas, iluminado con una paleta de colores amarillo mango, naranja, ocres y terracota, entendiendo que armonizar no es copiar, con un gran respeto, mediante el paisaje existente como ra\u00edz y cimiento de la obra nueva, respondi\u00f3 a las necesidades y aspiraciones de la poblaci\u00f3n.<\/p>\n\n\n\n<p>A trav\u00e9s de visitas y talleres, se estableci\u00f3 una metodolog\u00eda com\u00fan, que aplic\u00f3 enfoques conceptuales de c\u00f3mo abordar el mejoramiento y desarrollo de los poblados, poniendo en valor, lo patrimonial, el respeto a la arquitectura vern\u00e1cula y local, independientemente del tiempo en el que hubieran sido construidas.<\/p>\n\n\n\n<p>Se cont\u00f3, en visita a los poblados, con la participaci\u00f3n del Arq. Luis Barrag\u00e1n, quien coment\u00f3 sus experiencias sobre el espacio, el tiempo, las secuencias en el recorrido de los poblados, la luz y la arquitectura mexicana, los materiales, la naturaleza, el color, lo introspectivo y lo intangible que aportaban. Hab\u00eda que entender esto, conservarlo y enriquecerlo, haciendo \u00e9nfasis de la presencia del color como un elemento que los caracterizaba. \u201cPueblos azules, pueblos naranjas, pueblos morados y pueblos rosa mexicano\u2026\u201d<\/p>\n\n\n\n<p>Se elabor\u00f3 una cartera con los planos de su representaci\u00f3n, que inclu\u00eda la estructura visual, f\u00edsico-espacial y ambiental, as\u00ed como un esquema de desarrollo de cada poblado, que incorporaba sus \u00e1reas de conservaci\u00f3n, protecci\u00f3n y criterios para definir su crecimiento, considerando din\u00e1micas de tres a\u00f1os, que correspondieran con los gobiernos municipales.<\/p>\n\n\n\n<figure class=\"wp-block-image size-full\"><img decoding=\"async\" width=\"512\" height=\"356\" src=\"http:\/\/calli.digital\/revista\/wp-content\/uploads\/2022\/04\/image035.jpg\" alt=\"\" class=\"wp-image-1993\" loading=\"lazy\" srcset=\"http:\/\/calli.digital\/revista\/wp-content\/uploads\/2022\/04\/image035.jpg 512w, http:\/\/calli.digital\/revista\/wp-content\/uploads\/2022\/04\/image035-300x209.jpg 300w, http:\/\/calli.digital\/revista\/wp-content\/uploads\/2022\/04\/image035-392x272.jpg 392w, http:\/\/calli.digital\/revista\/wp-content\/uploads\/2022\/04\/image035-130x90.jpg 130w\" sizes=\"auto, (max-width: 512px) 100vw, 512px\" \/><\/figure>\n\n\n\n<p>Dentro de los planos que atend\u00edan a la estructura visual, se incorporaron l\u00edmites o bordes, senderos, secuencias y espacios integrados, puntos de referencia, nodos o intersecciones, zonas homog\u00e9neas de valor patrimonial y vistas panor\u00e1micas.<\/p>\n\n\n\n<p>Se identificaron los usos del suelo, la tenencia de la tierra, el inventario del equipamiento, las condiciones de la infraestructura urbana, los servicios y su calidad. Se establecieron prioridades para la estructura urbana; los aspectos ambientales, el tratamiento de espacios abiertos, vialidades e intersecciones, y los servicios p\u00fablicos y equipamientos; se sistematizaron y desarrollaron prototipos de mobiliario urbano.<\/p>\n\n\n\n<p>En paralelo, se ejecutaron los proyectos del Arq. Artigas, con una visi\u00f3n de pueblos blancos y especificaciones fuera de la realidad, con arreglos escenogr\u00e1ficos, ejecuci\u00f3n de obras por constructoras y p\u00e9rdida de los valores tradicionales de la arquitectura, lo que alter\u00f3 y modific\u00f3 el car\u00e1cter de los poblados.<\/p>\n\n\n\n<p>Finalmente, se decidi\u00f3 que el programa que ejecut\u00f3 Operaci\u00f3n Progreso pasara al Arq. Artigas, lo que gener\u00f3 desencanto en el grupo de arquitectos; adem\u00e1s, hubo comunidades a las que les pareci\u00f3 inaceptable el cambi\u00f3 de ejecuci\u00f3n y su limitada participaci\u00f3n. El Arq. Luis Barrag\u00e1n lo llam\u00f3 \u201cel artigazo\u201d y se\u00f1al\u00f3 que se hab\u00eda sustituido el rosa mexicano por el blanco de Espa\u00f1a.<\/p>\n\n\n\n<p><strong>Una Experiencia de Renovaci\u00f3n Urbana en el Centro Hist\u00f3rico de Guadalajara.<\/strong><strong> <\/strong><em><\/em><\/p>\n\n\n\n<p><strong>Juan Ricardo Gil Elizondo<\/strong><\/p>\n\n\n\n<p>Los objetivos del Plan Parcial para crear el Centro Metropolitano de Guadalajara, \u201cPlaza Tapat\u00eda\u201d, est\u00e1n expresados en el decreto del 4 de enero de 1979 que aprueba la figura de \u201curbanizaci\u00f3n y control de edificaci\u00f3n por causas de inter\u00e9s social\u201d en la que se permite la asociaci\u00f3n del Estado y los Particulares para la regeneraci\u00f3n de su pol\u00edgono. Contiene normas y procedimientos para respetar las garant\u00edas constitucionales de los participantes.<\/p>\n\n\n\n<p>La Guadalajara de esa \u00e9poca padec\u00eda los problemas de un acelerado crecimiento, debido a las altas tasas de natalidad, al fen\u00f3meno de concentraci\u00f3n de la poblaci\u00f3n en centros urbanos que produc\u00eda el crecimiento expansivo de su mancha urbana, lo que provoc\u00f3 el despoblamiento de su Centro Hist\u00f3rico, el abandono de sus elementos patrimoniales, el desaprovechamiento de los espacios p\u00fablicos y el equipamiento existente.<\/p>\n\n\n\n<p>Urg\u00eda una operaci\u00f3n m\u00faltiple en su per\u00edmetro, m\u00e1s deteriorado alrededor de la zona de San Juan de Dios, para rescatar su patrimonio cultural, transformando inmuebles hist\u00f3ricos degradados como: El Hospicio Caba\u00f1as (hoy el m\u00e1s importante Museo del Occidente del Pa\u00eds); El rescate del templo de Santa Mar\u00eda de Gracia, primera catedral de Guadalajara; La remodelaci\u00f3n de dos importantes fincas hist\u00f3ricas en su per\u00edmetro, en donde se instal\u00f3 la nueva sede del Congreso del Estado, y del edificio aleda\u00f1o al Teatro Degollado en el que se aloj\u00f3 la sede de los Tribunales del Estado. Se mejor\u00f3 el uso de la tierra, utilizando lotes bald\u00edos y fincas ruinosas, as\u00ed como se resolvi\u00f3 su congestionamiento vial, para hacer resurgir esta zona de la ciudad con una operaci\u00f3n concertada entre los gobiernos del Estado, del Municipio, los propietarios de tierra y el apoyo financiero de la banca oficial (Banobras).<\/p>\n\n\n\n<p>Las principales obras fueron:<\/p>\n\n\n\n<p>\u2013 El eje Ju\u00e1rez \u2013 Mina, forma un par que resuelve la circulaci\u00f3n de oriente a poniente del centro de la ciudad<\/p>\n\n\n\n<p>\u2013 Av. Hidalgo se prolonga y contin\u00faa por Av. Rep\u00fablica en 4 carriles<\/p>\n\n\n\n<p>\u2013 El T\u00fanel vehicular Miguel Hidalgo que desahoga el flujo vehicular.<\/p>\n\n\n\n<p>El pol\u00edgono de la \u201cPlaza Tapat\u00eda\u201d tiene una superficie de 70,000 m2: 20,000 de propiedad p\u00fablica y 50,000 privada. Fue un proyecto autofinanciable<\/p>\n\n\n\n<p>La plataforma que cubre los estacionamientos de la Plaza Tapat\u00eda sobre la que se construyeron las plazas y los paseos peatonales del conjunto; inicia en la fachada posterior del Teatro Degollado y termina al frente del Hospicio Caba\u00f1as, pasando 6 metros sobre la Calzada Independencia, antiguo cauce del rio de San Juan de Dios.<\/p>\n\n\n\n<p>As\u00ed se unieron en el proyecto, el oriente y el poniente del centro hist\u00f3rico que tiene una traza urbana de calles estrechas en las que se asientan edificios hist\u00f3ricos como la Catedral, el Museo Regional de Jalisco, Adem\u00e1s, se adaptaron: La Plaza de la Liberaci\u00f3n, la Rotonda de los Hombres Ilustres, la Plaza de Armas frente a Palacio de Gobierno y La Plaza de los Laureles frente al Ayuntamiento. El conjunto de estos cuatro espacios p\u00fablicos creados en los a\u00f1os 40 es conocido como \u201cLa Cruz de Plazas\u201d.<\/p>\n\n\n\n<p>Para facilitar a la zona del oriente de la ciudad y a las zonas populares del poniente su acceso al centro hist\u00f3rico con fluidez; se habilit\u00f3 un par vial de 16 kil\u00f3metros de longitud formado por las avenidas Hidalgo. en sentido oriente poniente y en sentido inverso Javier Mina y Vallarta, desde la Glorieta Minerva al Oriente, hasta Belisario Dom\u00ednguez al Poniente. Tambi\u00e9n se construy\u00f3 un t\u00fanel vehicular de un kil\u00f3metro de largo, del mercado Corona al Hospicio Caba\u00f1as, ante la imposibilidad de ampliar las vialidades en esa zona y se conect\u00f3 con los estacionamientos subterr\u00e1neos de la Plaza Tapat\u00eda; y con la ampliaci\u00f3n en dos kil\u00f3metros a cuatro carriles con la calle de Rep\u00fablica al poniente.<\/p>\n\n\n\n<p>El par vial fue dotado desde un principio por un sistema de transporte colectivo compuesto por trolebuses el\u00e9ctricos y semaforizaci\u00f3n computarizada.<\/p>\n\n\n\n<p>Las obras de la Plaza Tapat\u00eda se realizaron por la v\u00eda de la asociaci\u00f3n P\u00fablico-Privada entre el Estado y los particulares. Cabe mencionar que el 60% de los propietarios optaron por participar en el proyecto obteniendo una plusval\u00eda muy superior al valor original de su propiedad, en virtud de las obras p\u00fablicas de vialidad, hidro-sanitarias, espacios p\u00fablicos y estacionamientos que construy\u00f3 el Estado,<\/p>\n\n\n\n<p>dejando la medida de la expropiaci\u00f3n como \u00faltimo recurso para aquellos propietarios que no desearan asociarse, o en su caso vender sus propiedades al Fideicomiso P\u00fablico Privado que se instituy\u00f3<\/p>\n\n\n\n<p>Es importante destacar que, en el Pol\u00edgono, se regresaron a sus propietarios 40,000 m2, quienes los vendieron para la realizaci\u00f3n de edificios de usos mixtos con plantas bajas activas y 30,000 m2 se convirtieron en plazas y corredores arbolados.<\/p>\n\n\n\n<p>Con un cr\u00e9dito amortizado en 5 a\u00f1os se construyeron 1,000 lugares de estacionamientos subterr\u00e1neos. Los espacios p\u00fablicos se realizaron con las utilidades de la reventa de 16,000 m2, a cargo del Fideicomiso, ya que el decreto del Estado permiti\u00f3 vender estas propiedades a terceros siempre y cuando se reinvirtieran los recursos en acciones en favor del pol\u00edgono decretado.<\/p>\n\n\n\n<p>La Plaza Tapat\u00eda demostr\u00f3 que, con la conducci\u00f3n del Gobierno, con leyes claras para la participaci\u00f3n de la Iniciativa Privada, se pueden hacer proyectos de regeneraci\u00f3n urbana en \u00e1reas centrales, dinamizarlas, repoblarlas y hacerlas m\u00e1s vivibles y sustentables. Este sistema ha encontrado un nuevo cause en los pol\u00edgonos de Sistemas de Actuaci\u00f3n por Cooperaci\u00f3n (SAC \u0301s) de la CDMX; en los que tambi\u00e9n he participado, en particular en el correspondiente a Tacubaya en el que realic\u00e9 el Plan Maestro y fui l\u00edder del proyecto del 2017 al 2019.<\/p>\n\n\n\n<p>Patrono del Proyecto: Lic Flavio Romero de Velasco<\/p>\n\n\n\n<p>Gobernador del Estado<\/p>\n\n\n\n<p>Director General del Proyecto y Obra: Arq. Juan Ricardo Gil Elizondo.<\/p>\n\n\n\n<p><strong><em>Participaron:<\/em><\/strong><\/p>\n\n\n\n<p><em>Arq. Jos\u00e9 Pliego Mart\u00ednez, Arq. Guillermo Navarro Franco, Arq. Fabi\u00e1n Medina Ramos, Arq. Carlos Felipe Arias Garc\u00eda y Arq. Ignacio V\u00e1zquez Cese\u00f1a<\/em><\/p>\n\n\n\n<p><em>Los primeros conceptos para intervenir el \u00e1rea de la actual Plaza Tapat\u00eda se deben al Arq. Ignacio D\u00edaz Morales en los a\u00f1os 60.<\/em><\/p>\n\n\n\n<p><\/p>\n<\/body>","protected":false},"excerpt":{"rendered":"<p>En 1972, el Instituto AURIS, instrumento de planeaci\u00f3n urbana y vivienda del Estado de M\u00e9xico, estableci\u00f3 un programa para la<\/p>\n","protected":false},"author":13,"featured_media":0,"comment_status":"open","ping_status":"open","sticky":false,"template":"","format":"standard","meta":{"colormag_page_container_layout":"default_layout","colormag_page_sidebar_layout":"default_layout","om_disable_all_campaigns":false,"_monsterinsights_skip_tracking":false,"_monsterinsights_sitenote_active":false,"_monsterinsights_sitenote_note":"","_monsterinsights_sitenote_category":0,"footnotes":""},"categories":[34,10],"tags":[],"class_list":["post-1935","post","type-post","status-publish","format-standard","hentry","category-desarrollo-urbano-de-mexico","category-miradas"],"_links":{"self":[{"href":"http:\/\/calli.digital\/revista\/index.php\/wp-json\/wp\/v2\/posts\/1935","targetHints":{"allow":["GET"]}}],"collection":[{"href":"http:\/\/calli.digital\/revista\/index.php\/wp-json\/wp\/v2\/posts"}],"about":[{"href":"http:\/\/calli.digital\/revista\/index.php\/wp-json\/wp\/v2\/types\/post"}],"author":[{"embeddable":true,"href":"http:\/\/calli.digital\/revista\/index.php\/wp-json\/wp\/v2\/users\/13"}],"replies":[{"embeddable":true,"href":"http:\/\/calli.digital\/revista\/index.php\/wp-json\/wp\/v2\/comments?post=1935"}],"version-history":[{"count":2,"href":"http:\/\/calli.digital\/revista\/index.php\/wp-json\/wp\/v2\/posts\/1935\/revisions"}],"predecessor-version":[{"id":1994,"href":"http:\/\/calli.digital\/revista\/index.php\/wp-json\/wp\/v2\/posts\/1935\/revisions\/1994"}],"wp:attachment":[{"href":"http:\/\/calli.digital\/revista\/index.php\/wp-json\/wp\/v2\/media?parent=1935"}],"wp:term":[{"taxonomy":"category","embeddable":true,"href":"http:\/\/calli.digital\/revista\/index.php\/wp-json\/wp\/v2\/categories?post=1935"},{"taxonomy":"post_tag","embeddable":true,"href":"http:\/\/calli.digital\/revista\/index.php\/wp-json\/wp\/v2\/tags?post=1935"}],"curies":[{"name":"wp","href":"https:\/\/api.w.org\/{rel}","templated":true}]}}