{"id":1968,"date":"2022-05-01T00:19:01","date_gmt":"2022-05-01T05:19:01","guid":{"rendered":"http:\/\/calli.digital\/revista\/?p=1968"},"modified":"2022-05-01T00:19:03","modified_gmt":"2022-05-01T05:19:03","slug":"concurso-nacional-de-propuesta-de-diseno-arquitectonico-para-el-prototipo-de-vivienda-asequible","status":"publish","type":"post","link":"http:\/\/calli.digital\/revista\/index.php\/2022\/05\/01\/concurso-nacional-de-propuesta-de-diseno-arquitectonico-para-el-prototipo-de-vivienda-asequible\/","title":{"rendered":"CONCURSO NACIONAL DE PROPUESTA DE DISE\u00d1O ARQUITECT\u00d3NICO PARA EL PROTOTIPO DE VIVIENDA ASEQUIBLE:"},"content":{"rendered":"<body>\n<p class=\"has-medium-font-size\">Los Pirules, Celaya Gto.<\/p>\n\n\n\n<p>Este concurso se ha desarrollado en base a la invitaci\u00f3n de la Uni\u00f3n Internacional de Arquitectos para participar en el Foro de Vivienda Asequible a celebrarse en la Ciudad de Madrid, Espa\u00f1a del 18 al 21 de mayo del a\u00f1o 2022 y el proyecto ganador se presentar\u00e1 en dicho foro.<\/p>\n\n\n\n<p>El Instituto Municipal de Vivienda de Celaya (IMUVI), cuenta con una reserva territorial al nororiente del Municipio, donde tienen considerado desarrollar un conjunto habitacional de Inter\u00e9s social. Por lo que en colaboraci\u00f3n con la Federaci\u00f3n de Colegios de Arquitectos de la Rep\u00fablica Mexicana (FCARM) proponen generar un prototipo de vivienda asequible que genere calidad de vida y fomente la identidad, as\u00ed como se convierta en un referente e impulsor de una reflexi\u00f3n arquitect\u00f3nica sobre las posibilidades de la vivienda social y la ciudad.<\/p>\n\n\n\n<p>El prototipo debe ajustarse a la nueva situaci\u00f3n econ\u00f3mica y forma de habitar del 2022 y pr\u00f3ximos a\u00f1os, enfocado a aportar alternativas y soluciones positivas que respondan al contexto urbano, socio cultural y ambiental donde estar\u00e1 ubicado el conjunto habitacional.<\/p>\n\n\n\n<p>El objeto del concurso es seleccionar al Proyecto Arquitect\u00f3nico Base Ganador, que ser\u00e1 considerado para desarrollar la propuesta de dise\u00f1o arquitect\u00f3nico definitivo para el Prototipo de Vivienda Asequible: Los Pirules, Celaya Gto.<\/p>\n\n\n\n<p>El Instituto Municipal de Vivienda de Celaya Gto. Ha venido desarrollando proyectos de vivienda de inter\u00e9s social en diferentes puntos de la ciudad para mejorar las condiciones de habitabilidad<\/p>\n\n\n\n<p>\u00a0mejorar la calidad de vida de las personas de forma equitativa e incluyente.<\/p>\n\n\n\n<p>Es importante considerar en el proyecto el uso y selecci\u00f3n de un sistema constructivo coherente con el t\u00e9rmino \u201cAsequible\u201d y de \u201cNivel de Inter\u00e9s Social\u201d, y debe verse aplicado en las representaciones gr\u00e1ficas del proyecto que sean entregadas.<\/p>\n\n\n\n<p>JURADO:<\/p>\n\n\n\n<p>1.\u00a0\u00a0\u00a0\u00a0\u00a0\u00a0\u00a0\u00a0 Arq. Jos\u00e9 Luis Cortes, Presidente Uni\u00f3n Internacional de Arquitectos.<\/p>\n\n\n\n<p>2.\u00a0\u00a0\u00a0\u00a0\u00a0\u00a0\u00a0\u00a0 Arq. Marco Vergara V\u00e1zquez, Presidente FCARM<\/p>\n\n\n\n<p>3.\u00a0\u00a0\u00a0\u00a0\u00a0\u00a0\u00a0\u00a0 Dra. Arq. Mariana Flores Garc\u00eda, Directora del Instituto Nacional de Arquitectura y Urbanismo (INAU)<\/p>\n\n\n\n<p>4.\u00a0\u00a0\u00a0\u00a0\u00a0\u00a0\u00a0\u00a0 Arq. Ismael P\u00e9rez Ordaz, Comit\u00e9 t\u00e9cnico del laboratorio de vivienda asequible 22.30<\/p>\n\n\n\n<p>5.\u00a0\u00a0\u00a0\u00a0\u00a0\u00a0\u00a0\u00a0 Arq. Bel\u00e9n Moneo Feduchi, Socia fundadora de Moneo Brock<\/p>\n\n\n\n<p>6.\u00a0\u00a0\u00a0\u00a0\u00a0\u00a0\u00a0\u00a0 Arq. Jeff Brock, Socio fundador de Moneo Brock<\/p>\n\n\n\n<p>7.\u00a0\u00a0\u00a0\u00a0\u00a0\u00a0\u00a0\u00a0 Arq. Javier Mu\u00f1oz Men\u00e9ndez, Taller Mu\u00f1oz Arquitectos<\/p>\n\n\n\n<p>8.\u00a0\u00a0\u00a0\u00a0\u00a0\u00a0\u00a0\u00a0 Ing. Enrique Miranda Carrera, Director del Instituto Municipal de Vivienda de Celaya, Gto.<\/p>\n<\/body>","protected":false},"excerpt":{"rendered":"<p>Los Pirules, Celaya Gto. Este concurso se ha desarrollado en base a la invitaci\u00f3n de la Uni\u00f3n Internacional de Arquitectos<\/p>\n","protected":false},"author":1,"featured_media":0,"comment_status":"open","ping_status":"closed","sticky":false,"template":"","format":"standard","meta":{"colormag_page_container_layout":"default_layout","colormag_page_sidebar_layout":"default_layout","om_disable_all_campaigns":false,"_monsterinsights_skip_tracking":false,"_monsterinsights_sitenote_active":false,"_monsterinsights_sitenote_note":"","_monsterinsights_sitenote_category":0,"footnotes":""},"categories":[29],"tags":[],"class_list":["post-1968","post","type-post","status-publish","format-standard","hentry","category-uia"],"_links":{"self":[{"href":"http:\/\/calli.digital\/revista\/index.php\/wp-json\/wp\/v2\/posts\/1968","targetHints":{"allow":["GET"]}}],"collection":[{"href":"http:\/\/calli.digital\/revista\/index.php\/wp-json\/wp\/v2\/posts"}],"about":[{"href":"http:\/\/calli.digital\/revista\/index.php\/wp-json\/wp\/v2\/types\/post"}],"author":[{"embeddable":true,"href":"http:\/\/calli.digital\/revista\/index.php\/wp-json\/wp\/v2\/users\/1"}],"replies":[{"embeddable":true,"href":"http:\/\/calli.digital\/revista\/index.php\/wp-json\/wp\/v2\/comments?post=1968"}],"version-history":[{"count":1,"href":"http:\/\/calli.digital\/revista\/index.php\/wp-json\/wp\/v2\/posts\/1968\/revisions"}],"predecessor-version":[{"id":1969,"href":"http:\/\/calli.digital\/revista\/index.php\/wp-json\/wp\/v2\/posts\/1968\/revisions\/1969"}],"wp:attachment":[{"href":"http:\/\/calli.digital\/revista\/index.php\/wp-json\/wp\/v2\/media?parent=1968"}],"wp:term":[{"taxonomy":"category","embeddable":true,"href":"http:\/\/calli.digital\/revista\/index.php\/wp-json\/wp\/v2\/categories?post=1968"},{"taxonomy":"post_tag","embeddable":true,"href":"http:\/\/calli.digital\/revista\/index.php\/wp-json\/wp\/v2\/tags?post=1968"}],"curies":[{"name":"wp","href":"https:\/\/api.w.org\/{rel}","templated":true}]}}