{"id":2057,"date":"2022-05-03T10:09:44","date_gmt":"2022-05-03T15:09:44","guid":{"rendered":"https:\/\/calli.digital\/revista\/?p=2057"},"modified":"2022-05-03T10:19:23","modified_gmt":"2022-05-03T15:19:23","slug":"roberto-eibenschutz-hartman","status":"publish","type":"post","link":"http:\/\/calli.digital\/revista\/index.php\/2022\/05\/03\/roberto-eibenschutz-hartman\/","title":{"rendered":"Roberto Eibenschutz Hartman"},"content":{"rendered":"<body>\n<div class=\"wp-block-image\"><figure class=\"alignleft size-full\"><img decoding=\"async\" width=\"130\" height=\"150\" src=\"https:\/\/calli.digital\/revista\/wp-content\/uploads\/2022\/05\/r_ebinschutz2.jpg\" alt=\"\" class=\"wp-image-2059\" loading=\"lazy\"><figcaption><em>Arq. Roberto Eibenschutz<\/em><\/figcaption><\/figure><\/div>\n\n\n\n<p>Arquitecto y maestro en urbanismo (UNAM), con especializaci\u00f3n en Estudios Urbanos en Holanda y en Desarrollo Rural Integral en Egipto. Profesor-Investigador de la Universidad Aut\u00f3noma Metropolitana-Xochimilco, Coordinador de Proyectos del Programa de Investigaci\u00f3n en Estudios Metropolitanos de la UAM y del grupo de dise\u00f1o en Producci\u00f3n Social de Vivienda y Habitat. Profesor de la Maestr\u00eda en Urbanismo en la Facultad de Arquitectura de la UNAM.<\/p>\n\n\n\n<p>Ha sido profesor en las maestr\u00edas de Desarrollo Urbano del: El Colegio de M\u00e9xico y las universidades de Guanajuato, Colima, Guadalajara, Nuevo Le\u00f3n, Edo. de M\u00e9xico, Oaxaca, Veracruz, Puebla y Morelos; en la Universidad de Buenos Aires, en el Massachussets Institute of Technology (MIT) y asesor de Dise\u00f1o del Habitat en la Universidad Aut\u00f3noma de Yucat\u00e1n.<\/p>\n\n\n\n<p>Director-fundador de la Divisi\u00f3n de Ciencias y Artes para el Dise\u00f1o de la UAM Xochimilco, y fundador de la carrera de Dise\u00f1o de los Asentamientos Humanos (primera licenciatura en urbanismo en el pa\u00eds); Rector de la UAM Xochimilco; Coordinador del Programa Universitario de Investigaci\u00f3n Metropolitana y vicepresidente del Patronato de la UAM.<\/p>\n\n\n\n<p>Director T\u00e9cnico de Instituto de Acci\u00f3n Urbana e Integraci\u00f3n Social (AURIS); director general de Centros de Poblaci\u00f3n de la SAHOP; Director General del Fondo Nacional de Habitaciones Populares; Subsecretario de Desarrollo Urbano en la Secretar\u00eda de Desarrollo Urbano y Ecolog\u00eda. Secretario de Desarrollo Urbano y Vivienda en el primer gobierno electo del Distrito Federal.<\/p>\n\n\n\n<p>Coordinador de proyectos interdisciplinarios, como el Programa General de Desarrollo Urbano del DF y el Programa de Ordenaci\u00f3n de la Zona Metropolitana del Valle de M\u00e9xico. Asesor en la elaboraci\u00f3n de la Ley General de Asentamientos Humanos; en la Ley General de Asentamientos Humanos, Ordenamiento Territorial y Desarrollo Urbano y en el proyecto de Constituci\u00f3n para la Ciudad de M\u00e9xico.<\/p>\n\n\n\n<p>Mas 100 publicaciones nacionales e internacionales. Coordinador y coautor de libros sobre el desarrollo urbano, suelo y vivienda.<\/p>\n\n\n\n<p>Miembro del Consejo Nacional de Ordenamiento Territorial y Desarrollo Urbano, del Consejo Nacional de Vivienda e integrante del Grupo de Asesores Estrat\u00e9gicos de la Secretar\u00eda de Desarrollo Agrario, Territorial y Urbano; miembro del grupo para la integraci\u00f3n de la Estrategia Nacional de Ordenamiento Territorial; integrante del Comit\u00e9 Acad\u00e9mico Asesor\u00a0Externo\u00a0del PUEC-UNAM; miembro del Directorio T\u00e9cnico y de la Junta de Gobierno del IPDP CDMX; de la Red Ciudamericana; de la de Investigaci\u00f3n Urbana y de la Gobernanza Metropolitana; del Comit\u00e9 Cient\u00edfico Asesor sobre Ciencias Sociales del CENAPRED y del Comit\u00e9 Nacional Preparatorio de la Tercera Conferencia de la ONU sobre Vivienda y Desarrollo Urbano Sostenible, (H\u00e1bitat III).<\/p>\n\n\n\n<p>Miembro del comit\u00e9 editorial de las revistas Estudios Demogr\u00e1ficos y Urbanos del Colegio de M\u00e9xico; de Calli, Revista Anal\u00edtica de arquitectura y Urbanismo Contempor\u00e1neos; de Quivera, Revista de Estudios Territoriales de la UAEM. Recibi\u00f3 La Gran Orden de Honor Nacional al M\u00e9rito Autoral de la SEP, el Premio Carlos Lazo del CAM-SAM. \u201cProfesor Distinguido\u201d, otorgado por el Colegio Acad\u00e9mico de la UAM, el reconocimiento de la Rep\u00fablica de Chile por el apoyo brindado a los exiliados.<\/p>\n\n\n\n<p>Miembro de la Junta de Honor del CAM-SAM; Acad\u00e9mico Em\u00e9rito de la Academia Nacional de Arquitectura; de la Federaci\u00f3n Internacional de Vivienda y Planeaci\u00f3n. Ha sido Presidente de la Sociedad Mexicana de Planificaci\u00f3n. Presidente Fundador de la Junta de Honor de FOROPOLIS, y de la Federaci\u00f3n Iberoamericana de Urbanistas (FIU). Pertenece a la Alianza Intercontinental de Estudios Urbanos (AIEU).<\/p>\n<\/body>","protected":false},"excerpt":{"rendered":"<p>Arquitecto y maestro en urbanismo (UNAM), con especializaci\u00f3n en Estudios Urbanos en Holanda y en Desarrollo Rural Integral en Egipto.<\/p>\n","protected":false},"author":3,"featured_media":0,"comment_status":"open","ping_status":"open","sticky":false,"template":"","format":"standard","meta":{"colormag_page_container_layout":"default_layout","colormag_page_sidebar_layout":"default_layout","om_disable_all_campaigns":false,"_monsterinsights_skip_tracking":false,"_monsterinsights_sitenote_active":false,"_monsterinsights_sitenote_note":"","_monsterinsights_sitenote_category":0,"footnotes":""},"categories":[25,35],"tags":[],"class_list":["post-2057","post","type-post","status-publish","format-standard","hentry","category-monografias","category-roberto-eibenshutz-hartman"],"_links":{"self":[{"href":"http:\/\/calli.digital\/revista\/index.php\/wp-json\/wp\/v2\/posts\/2057","targetHints":{"allow":["GET"]}}],"collection":[{"href":"http:\/\/calli.digital\/revista\/index.php\/wp-json\/wp\/v2\/posts"}],"about":[{"href":"http:\/\/calli.digital\/revista\/index.php\/wp-json\/wp\/v2\/types\/post"}],"author":[{"embeddable":true,"href":"http:\/\/calli.digital\/revista\/index.php\/wp-json\/wp\/v2\/users\/3"}],"replies":[{"embeddable":true,"href":"http:\/\/calli.digital\/revista\/index.php\/wp-json\/wp\/v2\/comments?post=2057"}],"version-history":[{"count":2,"href":"http:\/\/calli.digital\/revista\/index.php\/wp-json\/wp\/v2\/posts\/2057\/revisions"}],"predecessor-version":[{"id":2061,"href":"http:\/\/calli.digital\/revista\/index.php\/wp-json\/wp\/v2\/posts\/2057\/revisions\/2061"}],"wp:attachment":[{"href":"http:\/\/calli.digital\/revista\/index.php\/wp-json\/wp\/v2\/media?parent=2057"}],"wp:term":[{"taxonomy":"category","embeddable":true,"href":"http:\/\/calli.digital\/revista\/index.php\/wp-json\/wp\/v2\/categories?post=2057"},{"taxonomy":"post_tag","embeddable":true,"href":"http:\/\/calli.digital\/revista\/index.php\/wp-json\/wp\/v2\/tags?post=2057"}],"curies":[{"name":"wp","href":"https:\/\/api.w.org\/{rel}","templated":true}]}}