{"id":2086,"date":"2022-07-01T08:09:34","date_gmt":"2022-07-01T13:09:34","guid":{"rendered":"https:\/\/calli.digital\/revista\/?p=2086"},"modified":"2022-07-01T08:09:36","modified_gmt":"2022-07-01T13:09:36","slug":"2086","status":"publish","type":"post","link":"http:\/\/calli.digital\/revista\/index.php\/2022\/07\/01\/2086\/","title":{"rendered":"Al arquitecto Reinaldo P\u00e9rez Ray\u00f3n, el Premio Nicol\u00e1s Bravo Rueda, al M\u00e9rito, por Investigaci\u00f3n"},"content":{"rendered":"<body>\n<h1 class=\"has-small-font-size wp-block-heading\">La Academia Nacional de Arquitectura otorga:<\/h1>\n\n\n\n<p>(S\u00edntesis) En 2010, en el marco del D\u00eda Mundial de la Arquitectura y el D\u00eda Nacional del Arquitecto, a celebrarse el 1 de octubre, el Colegio de Arquitectos de la Ciudad de M\u00e9xico y la Sociedad de Arquitectos Mexicanos (CAM-SAM), han convocado a nuestro gremio a aportar el nombre de compa\u00f1eros arquitectos, ingenieros-arquitectos, urbanistas y arquitectos de paisaje que han destacado en su quehacer profesional, contribuyendo as\u00ed al progreso, desarrollo, investigaci\u00f3n, difusi\u00f3n y ense\u00f1anza de la arquitectura.<\/p>\n\n\n\n<p>Por este motivo, la Academia Nacional de Arquitectura presenta la propuesta al Premio CAM-SAM Bicentenario: Nicol\u00e1s Bravo Rueda. Al M\u00e9rito por <strong>Investigaci\u00f3n,<\/strong> al<strong> arquitecto Reinaldo P\u00e9rez Ray\u00f3n, <\/strong>por considerar que re\u00fane los requisitos suficientes para recibir esta distinci\u00f3n, dada su labor profesional, en la que ha integrado a la creaci\u00f3n arquitect\u00f3nica, su labor de investigaci\u00f3n sobre conceptos arquitect\u00f3nicos, materiales y sistemas constructivos.<\/p>\n\n\n\n<p>Estudi\u00f3 en la Escuela Superior de Inge\u00adnier\u00eda y Arqui\u00adtectura del Instituto Polit\u00e9c\u00adnico Nacional, \u00adla se\u00adgunda escuela de arquitec\u00adtura fundada en el pa\u00eds; en los tiempos en que j\u00f3venes arquitec\u00adtos como Juan O\u2019 Gorman, Juan Lega\u00adrreta, \u00c1lvaro Aburto, Ra\u00fal Cacho y Hannes Meyer, en sus apa\u00adsio\u00adnadas clases, trataban de establecer una nueva forma de hacer arquitectu\u00adra, de integrar \u00e9sta a una vi\u00adsi\u00f3n global del conoci\u00admiento del hombre; donde la ciencia y la t\u00e9cnica se funden con el arte y las tradiciones de cada sociedad para llevarla al en\u00adcuentro de un nuevo mundo para el hombre.<\/p>\n\n\n\n<p><strong>Arq. Francisco Covarrubias Gait\u00e1n<\/strong><\/p>\n<\/body>","protected":false},"excerpt":{"rendered":"<p>La Academia Nacional de Arquitectura otorga: (S\u00edntesis) En 2010, en el marco del D\u00eda Mundial de la Arquitectura y el<\/p>\n","protected":false},"author":13,"featured_media":0,"comment_status":"open","ping_status":"open","sticky":false,"template":"","format":"standard","meta":{"colormag_page_container_layout":"no_sidebar_full_width","colormag_page_sidebar_layout":"no_sidebar","om_disable_all_campaigns":false,"_monsterinsights_skip_tracking":false,"_monsterinsights_sitenote_active":false,"_monsterinsights_sitenote_note":"","_monsterinsights_sitenote_category":0,"footnotes":""},"categories":[25,36],"tags":[],"class_list":["post-2086","post","type-post","status-publish","format-standard","hentry","category-monografias","category-reinaldo-perez-rayon"],"_links":{"self":[{"href":"http:\/\/calli.digital\/revista\/index.php\/wp-json\/wp\/v2\/posts\/2086","targetHints":{"allow":["GET"]}}],"collection":[{"href":"http:\/\/calli.digital\/revista\/index.php\/wp-json\/wp\/v2\/posts"}],"about":[{"href":"http:\/\/calli.digital\/revista\/index.php\/wp-json\/wp\/v2\/types\/post"}],"author":[{"embeddable":true,"href":"http:\/\/calli.digital\/revista\/index.php\/wp-json\/wp\/v2\/users\/13"}],"replies":[{"embeddable":true,"href":"http:\/\/calli.digital\/revista\/index.php\/wp-json\/wp\/v2\/comments?post=2086"}],"version-history":[{"count":2,"href":"http:\/\/calli.digital\/revista\/index.php\/wp-json\/wp\/v2\/posts\/2086\/revisions"}],"predecessor-version":[{"id":2089,"href":"http:\/\/calli.digital\/revista\/index.php\/wp-json\/wp\/v2\/posts\/2086\/revisions\/2089"}],"wp:attachment":[{"href":"http:\/\/calli.digital\/revista\/index.php\/wp-json\/wp\/v2\/media?parent=2086"}],"wp:term":[{"taxonomy":"category","embeddable":true,"href":"http:\/\/calli.digital\/revista\/index.php\/wp-json\/wp\/v2\/categories?post=2086"},{"taxonomy":"post_tag","embeddable":true,"href":"http:\/\/calli.digital\/revista\/index.php\/wp-json\/wp\/v2\/tags?post=2086"}],"curies":[{"name":"wp","href":"https:\/\/api.w.org\/{rel}","templated":true}]}}