{"id":2155,"date":"2022-07-01T08:11:26","date_gmt":"2022-07-01T13:11:26","guid":{"rendered":"https:\/\/calli.digital\/revista\/?p=2155"},"modified":"2022-07-01T08:11:28","modified_gmt":"2022-07-01T13:11:28","slug":"el-estado-actual-de-la-arquitectura","status":"publish","type":"post","link":"http:\/\/calli.digital\/revista\/index.php\/2022\/07\/01\/el-estado-actual-de-la-arquitectura\/","title":{"rendered":"El estado actual de la Arquitectura"},"content":{"rendered":"<body>\n<p><strong><em>Arq. Reinaldo P\u00e9rez Ray\u00f3n\u00a0<\/em><\/strong><\/p>\n\n\n\n<p class=\"has-small-font-size\"><em>febrero de 2010<\/em><\/p>\n\n\n\n<p>A principios del siglo XX, tuvo lugar el cambio m\u00e1s significativo en la larga historia de la arquitectura, pues los que hab\u00edan sucedido se se\u00f1alaban mediante los estilos art\u00edsticos, que atend\u00edan m\u00e1s a las formas externas. Este caso, fue m\u00e1s conceptual, al afirmar el papel de la arquitectura como satisfactor social, de acuerdo con las nuevas condiciones imperantes. Esto implic\u00f3 una mayor preocupaci\u00f3n por satisfacer las necesidades humanas, con preferencia las de los grupos m\u00e1s necesitados, por lo tanto, tambi\u00e9n con la mayor econom\u00eda, mediante el mejor aprovechamiento de los recursos tecnol\u00f3gicos.<\/p>\n\n\n\n<p>Viollet le Duc, el gran arquitecto franc\u00e9s, a mediados del siglo XIX ya hab\u00eda anticipado la necesidad de una arquitectura nueva que expresara con sinceridad sus posibilidades estructurales y constructivas y las necesidades por satisfacer.<\/p>\n\n\n\n<p>La nueva arquitectura, con esta conceptualizaci\u00f3n, moderna, funcional, racional, internacional, org\u00e1nica, etc\u00e9tera, como se le ha adjetivado, en referencia a sus caracter\u00edsticas, todas concurrentes en satisfacer con la mayor eficacia y econom\u00eda, las necesidades humanas, y ha sido determinante en las formas pl\u00e1sticas resultantes, y que la belleza fuera la consecuencia natural de la expresi\u00f3n sincera de la finalidad lograda.<\/p>\n\n\n\n<p>Louis H. Sullivan, de los principales iniciadores de la nueva arquitectura en EU dijo: \u201c<em>La forma sigue a la funci\u00f3n.<\/em><\/p>\n\n\n\n<p>Hist\u00f3ricamente la arquitectura ha sido determinada por las condiciones sociales, pol\u00edticas, econ\u00f3micas y culturales, y ha contribuido al mantenimiento de dichas condiciones y del poder pol\u00edtico. No en balde, las obras m\u00e1s significativas que nos han sido legadas son palacios y templos, cuya magnificencia se relaciona con el poder de los pr\u00edncipes y de las iglesias que las usufructuaron.<\/p>\n\n\n\n<p>Sin remontarnos demasiado al pasado, debemos puntualizar las condiciones cercanas que gestaron la nueva arquitectura:<\/p>\n\n\n\n<p>El Renacimiento, con el humanismo, inicia una revaloraci\u00f3n del hombre, que se ir\u00e1 afirmando mediante las sucesivas revoluciones sociales, otorgando derechos fundamentales, que se reflejan en una demanda a la arquitectura, para satisfacer un c\u00famulo in\u00e9dito de necesidades. Esta demanda en los pa\u00edses pobres supera con mucho las posibilidades econ\u00f3micas. La econom\u00eda resulta, entonces, una condici\u00f3n necesaria para la arquitectura.<\/p>\n\n\n\n<p>El desarrollo cient\u00edfico y tecnol\u00f3gico dio lugar a nuevos materiales: el concreto armado y el acero estructural fueron altamente propiciatorios para el surgimiento de una arquitectura, menos artesanal y m\u00e1s tecnificada y sobre todo con formas m\u00e1s novedosas y audaces.<\/p>\n\n\n\n<p>La arquitectura tradicional m\u00e1s preocupada por ser contemplada que habitada, por un pudor inexplicable, recurri\u00f3 a la decoraci\u00f3n para disimular sus propias formas, sobreponiendo, elementos constructivos de arquitecturas pasadas.<\/p>\n\n\n\n<p>Por el contrario, la nueva arquitectura, elimin\u00f3 toda decoraci\u00f3n superflua, confiando en la belleza de su desnudez. El ejemplo m\u00e1s significativo, fue el pabell\u00f3n alem\u00e1n para la Exposici\u00f3n Internacional de Barcelona en 1929, proyecto del arquitecto Mies van der Rohe. El edificio luce en todo su esplendor y en su interior, en el lugar propicio, est\u00e1 dispuesta una bella escultura. El edificio como continente y la escultura como contenido se complementan armoniosamente sin subordinaci\u00f3n alguna. Inexplicablemente la obra fue demolida.<\/p>\n\n\n\n<p>El concepto de belleza en la arquitectura moderna contar con una percepci\u00f3n diferente, el gusto visual, a diferencia del pasado, no se busca, como era lo com\u00fan, por la mera contemplaci\u00f3n de las fachadas. Ahora el disfrute visual se produce, tanto desde el exterior, como en el interior, y de adentro hacia fuera, por lo que el entorno natural cobra gran importancia, porque tanto los ecologistas ahora como los urbanistas del mundo, que en los a\u00f1os treinta firmaron, la Carta de Atenas, han clamado por recuperar y mantener, sobre todo en las ciudades, la necesaria relaci\u00f3n del hombre con su medio natural y que la ciudad misma se inserte en la naturaleza. Esto es una fuente de belleza indiscutible.<\/p>\n\n\n\n<p>La arquitectura moderna surgi\u00f3 en Europa. Le Corbusier, el principal realizador y proselitista del movimiento. Contribuy\u00f3, en forma muy importante; tambi\u00e9n la creaci\u00f3n de escuelas de dise\u00f1o moderno. La nueva arquitectura influy\u00f3 de inmediato en el entonces naciente dise\u00f1o industrial. La m\u00e1s importante de ellas fue la del Bauhaus en Alemania. El dise\u00f1o moderno es una forma de creatividad sin precedente hist\u00f3rico y ha llenado el mundo, sobre todo de los objetos cotidianos, de nuevos elementos.<\/p>\n\n\n\n<p>\u00bfQu\u00e9 es lo que pas\u00f3 en M\u00e9xico? Un grupo de j\u00f3venes y talentosos arquitectos, egresados de la escuela de arquitectura de la Universidad Nacional, \u00fanica escuela existente en el pa\u00eds, destacando entre ellos Juan O \u2018Gorman, se convirtieron en entusiasmados defensores de la nueva arquitectura y realizaron un conjunto de obras de beneficio social con la aplicaci\u00f3n rigurosa de sus principios. Su entusiasmo los llev\u00f3 a la ense\u00f1anza de la arquitectura donde se dieron dos circunstancias: Por una parte, el grupo enfrent\u00f3 la inercia de la tradici\u00f3n de su propia escuela que los rechaz\u00f3, y por otra, formaron los cuadros profesionales que el desarrollo del pa\u00eds demandaba, con esp\u00edritu nacionalista y de servicio social, en la Escuela Superior de Ingenier\u00eda y Arquitectura.<\/p>\n\n\n\n<p>Esta escuela de vanguardia influy\u00f3 en la transformaci\u00f3n de la ense\u00f1anza en la escuela de arquitectura de la Universidad.<\/p>\n\n\n\n<p>Podr\u00edamos decir que al t\u00e9rmino del segundo tercio del siglo pasado, la arquitectura que se realizaba en el mundo, salvo contadas excepciones obedec\u00eda a las premisas de la arquitectura moderna, y las formas resultantes eran consecuentes con dichas premisas.<\/p>\n\n\n\n<p>Aqu\u00ed en nuestro pa\u00eds, el desarrollo social y econ\u00f3mico previsto, propici\u00f3 la realizaci\u00f3n de m\u00faltiples e importantes obras con los postulados de la nueva arquitectura. Escuelas, sobre todo rurales, empezaron a llenar el pa\u00eds, y en el nivel de educaci\u00f3n superior, dos conjuntos destacaron: la Ciudad Universitaria y la Unidad Profesional de Zacatenco, importantes hospitales a la altura de los mejores del mundo, el Centro M\u00e9dico, destruido por el sismo del 85. Edificios e instalaciones para la cultura, la recreaci\u00f3n, varios parques deportivos.<\/p>\n\n\n\n<p>El proyecto de la Unidad Profesional de Zacatenco obedeci\u00f3 adem\u00e1s a otras premisas, en una etapa m\u00e1s actualizada y avanzada de la arquitectura moderna. Estas premisas consistieron en: Una rigurosa modulaci\u00f3n tanto para las partes como para el conjunto, con las ventajas de sistematizaci\u00f3n que esto implic\u00f3. Una concepci\u00f3n din\u00e1mica de los espacios, para ajustarlos a los cambios de las necesidades, tan acelerados en nuestro tiempo y una elasticidad en el proyecto para absorber los crecimientos futuros. Con estas condicionantes, mantener la funcionalidad el mayor tiempo posible.<\/p>\n\n\n\n<p>As\u00ed tambi\u00e9n, el uso de los materiales y sistemas constructivos m\u00e1s avanzados tecnol\u00f3gicamente, correspondiendo al hecho de ser el IPN, la instituci\u00f3n de ense\u00f1anza tecnol\u00f3gica m\u00e1s importante del pa\u00eds. Un ejemplo de esto fue el uso de estructuras met\u00e1licas soldadas, ligeras, cuando predominaban las remachadas tradicionales, pesadas y costosas.<\/p>\n\n\n\n<p>Se busc\u00f3 emplear, en el mayor grado, materiales de fabricaci\u00f3n fabril, as\u00ed como la aplicaci\u00f3n de sistemas constructivos mecanizados y de montaje, en un esfuerzo para lograr una arquitectura industrializada hasta donde fue posible, en su momento y en nuestro pa\u00eds. Estas premisas, dieron a la Unidad un valor propio y definido.<\/p>\n\n\n\n<p>El Estado, a trav\u00e9s de diversas instituciones, realiz\u00f3 conjuntos habitacionales de inter\u00e9s social, desafortunadamente insuficientes por la limitaci\u00f3n de recursos, pero en general apegados tambi\u00e9n a los postulados de la arquitectura y del urbanismo moderno: edificios de varios pisos, adecuadamente separados entre s\u00ed y dejando \u00e1reas\u00a0\u00a0 \u00a0intermedias con jardines de uso com\u00fan al margen de las circulaciones vehiculares.<\/p>\n\n\n\n<p>Pero no ha dejado de persistir la milenaria tradici\u00f3n art\u00edstica de la arquitectura, seg\u00fan la cual, si la arquitectura es una de las bellas artes, su finalidad debe ser la de crear belleza, al igual que las dem\u00e1s artes pl\u00e1sticas, s\u00f3lo que, en este caso, tambi\u00e9n tiene que cumplir con una utilidad, lo que necesariamente implica un compromiso en el manejo de las formas para satisfacer ambas premisas.<\/p>\n\n\n\n<p>Esta persistencia no ha dejado de mantener una preocupaci\u00f3n por las formas pl\u00e1sticas resultantes, como motivadoras del gusto visual. A veces disimulada, a veces abiertamente postulada.<\/p>\n\n\n\n<p>El hombre mismo, sobre todo el urbano, se ha llegado a parecer a los dem\u00e1s rebasando fronteras, lo mismo geogr\u00e1ficas que culturales \u2014el vestir es muy ejemplificador\u2014 La arquitectura, salvo las diferencias impuestas por los programas de necesidades, por los sistemas constructivos o por el clima, no puede, si es sincera y honesta, excluirse de esta realidad.<\/p>\n\n\n\n<p>Esta generalizaci\u00f3n de las formas cre\u00f3 una familiaridad que podr\u00eda parecerse a un estilo, seg\u00fan el concepto y el papel que estos asumieron en la arquitectura tradicional. Esto produjo formas de la nueva arquitectura sin importar la funci\u00f3n, que se ostentaran como modernas.<\/p>\n\n\n\n<p>Al iniciarse el gran desarrollo de las comunicaciones que ha achicado al mundo, hasta llegar a lo que hoy se menciona como la aldea global, tuvo lugar una euforia universalista. Hubo quienes, orgullosamente, se autonombraron ciudadanos del mundo. Se cre\u00f3 la Sociedad de las Naciones que se pensaba como antecedente de un gobierno universal. Se invent\u00f3 un idioma internacional, el esperanto. Se sucedieron las grandes ferias internacionales. Sobre todo, se confiaba en que esto traer\u00eda el fin de las guerras y de las desigualdades entre los pa\u00edses.<\/p>\n\n\n\n<p>Pero el sue\u00f1o dur\u00f3 poco. El despertar fue la primera guerra mundial y las consecuencias a su t\u00e9rmino, que condujeron a las grandes dictaduras, la de Franco en Espa\u00f1a, de Mussolini en Italia, de Hitler en Alemania y finalmente, a la segunda guerra mundial.<\/p>\n\n\n\n<p>Las dictaduras fomentaron los nacionalismos y coaccionaron a la arquitectura para adoptar las formas vern\u00e1culas de sus respectivos pa\u00edses, convirti\u00e9ndola en reh\u00e9n de sus ambiciones pol\u00edticas de dominio, afortunadamente s\u00f3lo por el tiempo que duraron.<\/p>\n\n\n\n<p>La necesidad del sistema capitalista de incrementar el consumo de lo que se produce, ha conducido a las modas, que crean una obsolescencia est\u00e9tica peri\u00f3dica, para que la gente deseche lo que a\u00fan sirve y adquiera lo mismo, que se le ofrece con nuevas formas aprovechando el gusto por lo novedoso que las mismas modas han propiciado. Esto se constata con la ropa, los autom\u00f3viles, los aparatos electrodom\u00e9sticos y con casi todo lo que se produce.<\/p>\n\n\n\n<p>El medio m\u00e1s efectivo ha sido la publicidad, empleando todos los recursos a su alcance, materiales y psicol\u00f3gicos. Aprovechando los medios de comunicaci\u00f3n masiva y los espacios p\u00fablicos visibles, en azoteas, calles, avenidas y carreteras. La arquitectura no escap\u00f3 al impacto cultural de las modas, que ha producido cambios en las formas que no obedecen a nuevas necesidades o a la evoluci\u00f3n de los sistemas constructivos.<\/p>\n\n\n\n<p>As\u00ed, se puso de moda el uso de formas propias de la prefabricaci\u00f3n, a pesar de que los sistemas constructivos fueran a\u00fan artesanales. La de los espacios triangulares, una especie de horror al \u00e1ngulo recto, con las consecuentes dificultades constructivas, innecesarias, y el menor aprovechamiento de los espacios, en detrimento de la econom\u00eda.<\/p>\n\n\n\n<p>El caso de la llamada arquitectura posmoderna, que inexplicablemente alcanz\u00f3 cierto \u00e9xito en Europa y en Estados Unidos, y alguno, tard\u00edamente en nuestro pa\u00eds, aun cuando, ya s\u00f3lo por el tiempo limitado, caracter\u00edstico de las modas.<\/p>\n\n\n\n<p>Buscar una arquitectura nacional mexicana ha sido una preocupaci\u00f3n meramente formal. Una arquitectura proyectada para satisfacer las necesidades de los mexicanos de hoy y con el empleo de los recursos constructivos, materiales y humanos, actuales del pa\u00eds, si es honesta y veraz, tendr\u00e1 que expresarse a s\u00ed misma. Por consecuencia tendr\u00e1 que resultar tan parecida a la de otros pa\u00edses, como los mexicanos actuales somos parecidos a sus nacionales respectivos y en el grado en que los recursos constructivos son internacionales. Las diferencias<\/p>\n\n\n\n<p>s\u00f3lo podr\u00e1n resultar de las propias condiciones del pa\u00eds, entre el campo y las ciudades, o las clim\u00e1ticas. Pero suponiendo que se justificara, si no copiar, por lo menos adoptar ciertas formas para caracterizar una arquitectura propia \u00bfCu\u00e1les ser\u00edan \u00e9stas?<\/p>\n\n\n\n<p>Las prehisp\u00e1nicas, ser\u00edan las \u00fanicas con derecho propio, \u00bfpero la enorme distancia que guarda el habitante del M\u00e9xico prehisp\u00e1nico con el mexicano actual, lo justificar\u00eda? De la arquitectura colonial tenemos experiencias frustradas; el colonial de Polanco de los a\u00f1os treinta y cuarenta, result\u00f3 una verdadera caricatura. \u00bfDe las formas afrancesadas del porfiriato o de las de las haciendas de esa misma \u00e9poca? Cualquier intento en este sentido, por talentoso y \u201cexitoso\u201d que sea, est\u00e1 condenado a ser una moda m\u00e1s.<\/p>\n\n\n\n<p>En el proyecto de la ciudad Universitaria, hubo el prop\u00f3sito de volver a una integraci\u00f3n pl\u00e1stica con la arquitectura, sobre todo con la pintura. Uno de los antecedentes m\u00e1s notables de esta integraci\u00f3n lo constituyen los Monasterios Pintados de la Moldavia Rumana, iglesias bizantinas cubiertas en su totalidad por frescos, que se pueden a\u00fan admirar por su magn\u00edfica conservaci\u00f3n.<\/p>\n\n\n\n<p>El edificio en el que, en mayor grado, se llev\u00f3 esto a cabo, fue el de la biblioteca, que por lo especial de su forma como un cubo cerrado, pr\u00e1cticamente se pudo cubrir con frescos. Adem\u00e1s de algunos intentos aislados, este prop\u00f3sito de integraci\u00f3n pl\u00e1stica, que naci\u00f3 y tuvo su mejor expresi\u00f3n en la Ciudad Universitaria, tambi\u00e9n ah\u00ed muri\u00f3.<\/p>\n\n\n\n<p>La publicidad tambi\u00e9n ha implicado a la arquitectura, importantes edificios, sobre todo rascacielos, se han erigido como s\u00edmbolos formales o im\u00e1genes corporativas de grandes empresas, sacrificando la funcionalidad y a\u00fan la rentabilidad de la inversi\u00f3n a cambio de la finalidad publicitaria. En este caso las formas de la arquitectura se han asimilado a las escult\u00f3ricas con detrimento de s\u00ed mismas.<\/p>\n\n\n\n<p>Lo importante es que las preocupaciones formales, distraen a la arquitectura de sus metas fundamentales de servicio. Por ejemplo, el de buscar el aprovechamiento al m\u00e1ximo de los recursos actuales de la tecnolog\u00eda, los nuevos materiales y los sistemas constructivos avanzados, de prefabricaci\u00f3n o de franca producci\u00f3n industrial sus valores inherentes como la funcionalidad, la seguridad y la agradabilidad.<\/p>\n\n\n\n<p>Lo anterior constituye un reto a la imaginaci\u00f3n y al talento de los arquitectos. Ojal\u00e1 y este reto lo tomaran los egresados del Polit\u00e9cnico, haciendo honor a los or\u00edgenes de su escuela.<\/p>\n\n\n\n<p>En la realidad actual, con la afirmaci\u00f3n del sistema capitalista como \u00fanica opci\u00f3n, por lo tanto, con el predominio del mercado para la producci\u00f3n de bienes y servicios, y frente a un estado cada vez m\u00e1s pobre de recursos, la arquitectura tiende a convertirse en una mercanc\u00eda m\u00e1s, con su consiguiente declinaci\u00f3n.<\/p>\n\n\n\n<p>Hay una zona en la ciudad de M\u00e9xico, de desarrollo muy reciente, la de Santa Fe, que puede considerarse como un ejemplo de lo que est\u00e1 pasando en la arquitectura y en donde, a mi modo de ver, se refleja todo lo que aqu\u00ed he considerado. La diversidad de los edificios parecer\u00eda efectivamente como si se hubiera tratado de ejemplificar con cada uno de ellos lo que he apuntado, con un acusado formalismo, parecen obedecer a prop\u00f3sitos comunes, como la significaci\u00f3n respecto de los dem\u00e1s; tanto el arquitecto como el propietario, sin preocupaci\u00f3n de su funcionalidad, en prejuicio de los ocupantes, de su rentabilidad, en detrimento de la econom\u00eda.<\/p>\n\n\n\n<p>El resultado, a mi modo de ver, es un conjunto an\u00e1rquico desde el punto de vista arquitect\u00f3nico, y sin un verdadero plan urban\u00edstico que lo articule. Dada la gran extensi\u00f3n de terreno, su alto valor, y la magnitud de la inversi\u00f3n, es triste que se haya perdido la oportunidad de realizar un conjunto de gran calidad, en lo arquitect\u00f3nico y urban\u00edstico.<\/p>\n\n\n\n<p>Es de vital importancia buscar el abaratamiento de la vivienda. Todos los esfuerzos hechos hasta ahora consistieron en lograr el mayor aprovechamiento del espacio para disminuir su tama\u00f1o, pero se ha llegado a un punto en que ya no es posible su reducci\u00f3n sin sacrificar los requerimientos m\u00ednimos de comodidad, seguridad y agradabilidad y s\u00f3lo aparece la corrupci\u00f3n como el motor de estas obras. Pero, si es posible buscar el abaratamiento de una buena realizaci\u00f3n.<\/p>\n\n\n\n<p>Los materiales pl\u00e1sticos, ocupan, en grado importante, el mundo de los objetos que nos rodean, supliendo a veces a los tradicionales con gran ventaja, por ejemplo, al acero ya que su resistencia llega a ser diez veces mayor en relaci\u00f3n con su peso.<\/p>\n\n\n\n<p>Su utilizaci\u00f3n en la arquitectura resulta particularmente ventajosa: por ser f\u00e1cilmente moldeable por su ligereza, resistencia y rigidez que los hacen id\u00f3neos para soportar los sismos, el aislamiento t\u00e9rmico y ac\u00fastico, sus superficies resistentes al desgaste y f\u00e1ciles de asear, la impermeabilidad, y su belleza por la casi infinita gama de colores y texturas que pueden lograrse.<\/p>\n\n\n\n<p>Una producci\u00f3n industrial de viviendas, factible ya con nuestros recursos tecnol\u00f3gicos e industriales, y con el aprovechamiento de nuevos materiales, parece ser el \u00fanico camino para acercase, por lo menos, a aliviar el problema de la habitaci\u00f3n en corto plazo y llegar a solucionarlo en un futuro pr\u00f3ximo.<\/p>\n\n\n\n<p>Para concluir, la arquitectura moderna, con sus aut\u00e9nticos y verdaderos valores, tiene un largo y promisorio camino para cumplir con el compromiso que le corresponde frente a las apremiantes demandas sociales, a condici\u00f3n de que los arquitectos sobre todo los j\u00f3venes, los reci\u00e9n egresados, tomen plena conciencia de la trascendencia de su actuaci\u00f3n.<\/p>\n<\/body>","protected":false},"excerpt":{"rendered":"<p>Arq. Reinaldo P\u00e9rez Ray\u00f3n\u00a0 febrero de 2010 A principios del siglo XX, tuvo lugar el cambio m\u00e1s significativo en la<\/p>\n","protected":false},"author":27,"featured_media":0,"comment_status":"open","ping_status":"open","sticky":false,"template":"","format":"standard","meta":{"colormag_page_container_layout":"no_sidebar_full_width","colormag_page_sidebar_layout":"no_sidebar","om_disable_all_campaigns":false,"_monsterinsights_skip_tracking":false,"_monsterinsights_sitenote_active":false,"_monsterinsights_sitenote_note":"","_monsterinsights_sitenote_category":0,"footnotes":""},"categories":[25,36],"tags":[],"class_list":["post-2155","post","type-post","status-publish","format-standard","hentry","category-monografias","category-reinaldo-perez-rayon"],"_links":{"self":[{"href":"http:\/\/calli.digital\/revista\/index.php\/wp-json\/wp\/v2\/posts\/2155","targetHints":{"allow":["GET"]}}],"collection":[{"href":"http:\/\/calli.digital\/revista\/index.php\/wp-json\/wp\/v2\/posts"}],"about":[{"href":"http:\/\/calli.digital\/revista\/index.php\/wp-json\/wp\/v2\/types\/post"}],"author":[{"embeddable":true,"href":"http:\/\/calli.digital\/revista\/index.php\/wp-json\/wp\/v2\/users\/27"}],"replies":[{"embeddable":true,"href":"http:\/\/calli.digital\/revista\/index.php\/wp-json\/wp\/v2\/comments?post=2155"}],"version-history":[{"count":2,"href":"http:\/\/calli.digital\/revista\/index.php\/wp-json\/wp\/v2\/posts\/2155\/revisions"}],"predecessor-version":[{"id":2240,"href":"http:\/\/calli.digital\/revista\/index.php\/wp-json\/wp\/v2\/posts\/2155\/revisions\/2240"}],"wp:attachment":[{"href":"http:\/\/calli.digital\/revista\/index.php\/wp-json\/wp\/v2\/media?parent=2155"}],"wp:term":[{"taxonomy":"category","embeddable":true,"href":"http:\/\/calli.digital\/revista\/index.php\/wp-json\/wp\/v2\/categories?post=2155"},{"taxonomy":"post_tag","embeddable":true,"href":"http:\/\/calli.digital\/revista\/index.php\/wp-json\/wp\/v2\/tags?post=2155"}],"curies":[{"name":"wp","href":"https:\/\/api.w.org\/{rel}","templated":true}]}}