{"id":2229,"date":"2022-09-01T01:11:35","date_gmt":"2022-09-01T06:11:35","guid":{"rendered":"https:\/\/calli.digital\/revista\/?p=2229"},"modified":"2022-11-02T06:32:06","modified_gmt":"2022-11-02T11:32:06","slug":"congreso-mundial-de-la-uia-en-copenhague-del-2-al-6-de-julio-de-2023-futuros-sostenibles-no-deje-a-nadie-atras","status":"publish","type":"post","link":"http:\/\/calli.digital\/revista\/index.php\/2022\/09\/01\/congreso-mundial-de-la-uia-en-copenhague-del-2-al-6-de-julio-de-2023-futuros-sostenibles-no-deje-a-nadie-atras\/","title":{"rendered":"Congreso Mundial de la UIA en Copenhague, del 2 al 6 de Julio de 2023 &#8220;FUTUROS SOSTENIBLES: NO DEJE A NADIE ATRAS&#8221;."},"content":{"rendered":"<body>\n<p>Tiene como objetivo promover, discutir, crear y mostrar la arquitectura como una herramienta vital para alcanzar los 17 Objetivos de Desarrollo Sostenible de la ONU para 2030. Compartir\u00e1 soluciones sostenibles; examinar\u00e1 los resultados de la investigaci\u00f3n y unir\u00e1 esfuerzos para hacer del 28\u00ba Congreso Mundial de la UIA un hito en la historia de lo que la Arquitectura puede hacer para ayudar a salvar el planeta.<\/p>\n\n\n\n<p>Se centrar\u00e1 en c\u00f3mo la Arquitectura puede crear un futuro m\u00e1s sostenible, que sea inclusivo y que no deje a nadie atr\u00e1s.<\/p>\n\n\n\n<p>Los 17 Objetivos de Desarrollo Sostenible de la ONU cubren todos los aspectos de una vida justa, segura y digna. Se recopilan en seis temas del congreso que reflejan la esencia del objetivo \/ objetivos espec\u00edficos y mejoran la forma en que se relacionan con la Arquitectura y la Planificaci\u00f3n de la ciudad.<\/p>\n\n\n\n<p><strong>LOS SEIS TEMAS son:<\/strong><\/p>\n\n\n\n<ul class=\"wp-block-list\">\n<li><strong>DISE\u00d1O PARA LA ADAPTACI\u00d3N AL CLIMA<\/strong><\/li>\n<\/ul>\n\n\n\n<p>Incluye soluciones de alta y baja tecnolog\u00eda para el dise\u00f1o ambiental que trabajan para hacer que los edificios sean m\u00e1s inteligentes y autosuficientes.<\/p>\n\n\n\n<ul class=\"wp-block-list\">\n<li><strong>DISE\u00d1O PARA REPENSAR RECURSOS<\/strong><\/li>\n<\/ul>\n\n\n\n<p>Reevaluar todos los aspectos de los ciclos de producci\u00f3n y consumo teniendo en cuenta la sostenibilidad. Los futuros sostenibles dependen de la planificaci\u00f3n cuidadosa de las ciudades y las comunidades.<\/p>\n\n\n\n<ul class=\"wp-block-list\">\n<li><strong>DISE\u00d1O PARA COMUNIDADES RESILIENTES<\/strong><\/li>\n<\/ul>\n\n\n\n<p>De la forma en que vivimos; en lo econ\u00f3mico; las comunidades autosostenibles, el uso responsable de la tierra y la transformaci\u00f3n del parque inmobiliario existente remodelando las econom\u00edas de nuestras comunidades y cambiar los beneficios a largo plazo para todos los habitantes.<\/p>\n\n\n\n<ul class=\"wp-block-list\">\n<li><strong>DISE\u00d1O PARA LA SALUD<\/strong><\/li>\n<\/ul>\n\n\n\n<p>El entorno construido afecta nuestra salud f\u00edsica y mental. Con el aumento de la poblaci\u00f3n y la infraestructura desigual, el acceso a la atenci\u00f3n m\u00e9dica, la propagaci\u00f3n de enfermedades y la mortalidad prematura prevenible son motivo de gran preocupaci\u00f3n para el futuro sostenible.<\/p>\n\n\n\n<p>\u2018Dise\u00f1o para la Salud\u2019 se\u00f1ala el dise\u00f1o para comunidades saludables.<\/p>\n\n\n\n<ul class=\"wp-block-list\">\n<li><strong>DISE\u00d1O PARA LA INCLUSI\u00d3N<\/strong><\/li>\n<\/ul>\n\n\n\n<p>Mejorar la infraestructura b\u00e1sica para asentamientos informales y mejores pr\u00e1cticas de construcci\u00f3n para la prevenci\u00f3n de enfermedades, aumentar en gran medida la salud p\u00fablica y el bienestar. El dise\u00f1o promueve la salud de las personas creando espacios para una vida activa al aire libre<\/p>\n\n\n\n<ul class=\"wp-block-list\">\n<li><strong>DISE\u00d1O PARA ALIANZAS DE CAMBIO<\/strong><\/li>\n<\/ul>\n\n\n\n<p>Es un trabajo en colaboraci\u00f3n mundial por la paz, la justicia social y un futuro sostenible. Se har\u00e1 con la asociaci\u00f3n entre los gobiernos, el sector privado y la sociedad civil.<\/p>\n\n\n\n<p>El objetivo es hacer que la arquitectura y el entorno construido fomenten organizaciones con el trabajo de todos se logren estos resultados.<\/p>\n\n\n\n<p><\/p>\n\n\n\n<p class=\"has-small-font-size\"><strong>Arq. Jos\u00e9 Luis Cort\u00e9s Delgado.<\/strong><\/p>\n\n\n\n<p class=\"has-small-font-size\"><strong>Presidente<\/strong><\/p>\n\n\n\n<p><\/p>\n\n\n\n<p><\/p>\n<\/body>","protected":false},"excerpt":{"rendered":"<p>Tiene como objetivo promover, discutir, crear y mostrar la arquitectura como una herramienta vital para alcanzar los 17 Objetivos de<\/p>\n","protected":false},"author":10,"featured_media":0,"comment_status":"open","ping_status":"closed","sticky":false,"template":"","format":"standard","meta":{"colormag_page_container_layout":"default_layout","colormag_page_sidebar_layout":"default_layout","om_disable_all_campaigns":false,"_monsterinsights_skip_tracking":false,"_monsterinsights_sitenote_active":false,"_monsterinsights_sitenote_note":"","_monsterinsights_sitenote_category":0,"footnotes":""},"categories":[29],"tags":[],"class_list":["post-2229","post","type-post","status-publish","format-standard","hentry","category-uia"],"_links":{"self":[{"href":"http:\/\/calli.digital\/revista\/index.php\/wp-json\/wp\/v2\/posts\/2229","targetHints":{"allow":["GET"]}}],"collection":[{"href":"http:\/\/calli.digital\/revista\/index.php\/wp-json\/wp\/v2\/posts"}],"about":[{"href":"http:\/\/calli.digital\/revista\/index.php\/wp-json\/wp\/v2\/types\/post"}],"author":[{"embeddable":true,"href":"http:\/\/calli.digital\/revista\/index.php\/wp-json\/wp\/v2\/users\/10"}],"replies":[{"embeddable":true,"href":"http:\/\/calli.digital\/revista\/index.php\/wp-json\/wp\/v2\/comments?post=2229"}],"version-history":[{"count":3,"href":"http:\/\/calli.digital\/revista\/index.php\/wp-json\/wp\/v2\/posts\/2229\/revisions"}],"predecessor-version":[{"id":2613,"href":"http:\/\/calli.digital\/revista\/index.php\/wp-json\/wp\/v2\/posts\/2229\/revisions\/2613"}],"wp:attachment":[{"href":"http:\/\/calli.digital\/revista\/index.php\/wp-json\/wp\/v2\/media?parent=2229"}],"wp:term":[{"taxonomy":"category","embeddable":true,"href":"http:\/\/calli.digital\/revista\/index.php\/wp-json\/wp\/v2\/categories?post=2229"},{"taxonomy":"post_tag","embeddable":true,"href":"http:\/\/calli.digital\/revista\/index.php\/wp-json\/wp\/v2\/tags?post=2229"}],"curies":[{"name":"wp","href":"https:\/\/api.w.org\/{rel}","templated":true}]}}