{"id":2429,"date":"2022-11-01T00:06:06","date_gmt":"2022-11-01T05:06:06","guid":{"rendered":"https:\/\/calli.digital\/revista\/?p=2429"},"modified":"2022-11-01T16:01:40","modified_gmt":"2022-11-01T21:01:40","slug":"xxiii-edicion-de-la-bienal-panamericana-de-arquitectura-de-quito-ecuador-14-18-noviembre-del-2022-2","status":"publish","type":"post","link":"http:\/\/calli.digital\/revista\/index.php\/2022\/11\/01\/xxiii-edicion-de-la-bienal-panamericana-de-arquitectura-de-quito-ecuador-14-18-noviembre-del-2022-2\/","title":{"rendered":"XXIII EDICION DE LA BIENAL PANAMERICANA DE ARQUITECTURA DE QUITO, ECUADOR. 14-18 NOVIEMBRE DEL 2022"},"content":{"rendered":"<body>\n<div class=\"wp-block-media-text alignwide is-stacked-on-mobile\" style=\"grid-template-columns:15% auto\"><figure class=\"wp-block-media-text__media\"><img decoding=\"async\" width=\"177\" height=\"512\" src=\"https:\/\/calli.digital\/revista\/wp-content\/uploads\/2022\/10\/image005.png\" alt=\"\" class=\"wp-image-2425 size-full\" loading=\"lazy\" srcset=\"http:\/\/calli.digital\/revista\/wp-content\/uploads\/2022\/10\/image005.png 177w, http:\/\/calli.digital\/revista\/wp-content\/uploads\/2022\/10\/image005-104x300.png 104w\" sizes=\"auto, (max-width: 177px) 100vw, 177px\" \/><\/figure><div class=\"wp-block-media-text__content\">\n<p class=\"has-text-align-left\">Esta Bienal es un espacio \u00fanico de encuentro, reflexi\u00f3n, comparaci\u00f3n y divulgaci\u00f3n sobre la arquitectura y la ciudad contempor\u00e1nea, por medio de tres ejes. Es el evento m\u00e1s importante de la regi\u00f3n, que se desarrolla desde 1978 y es organizado por el Colegio de Arquitectos de Ecuador, Provincial de Pichincha (CAE-P). Los 3 ejes son:<br><strong>Acad\u00e9mico<\/strong>, que incluye conversatorios, conferencias magistrales, con m\u00e1s de 30 conferencista, con una importante trayectoria en el \u00e1mbito arquitect\u00f3nico, charlas abiertas, exhibiciones, publicaciones y la convocatoria acad\u00e9mica de an\u00e1lisis cr\u00edtico a nivel nacional e internacional.<br><strong>Concurso<\/strong>, Confrontaci\u00f3n y exposici\u00f3n de arquitectura construida y publicaciones realizadas en el continente americano. Reconocidos jurados nacionales e internacionales juzgar\u00e1n m\u00e1s de 300 proyectos y publicaciones.<br>Cultura. Manifestaciones art\u00edsticas y culturales complementarias a los ejes especializados. Recorridos arquitect\u00f3nicos, exposiciones, actividades culturales, espacios de redes y otros eventos<\/p>\n<\/div><\/div>\n\n\n\n<p><\/p>\n\n\n\n<p><\/p>\n<\/body>","protected":false},"excerpt":{"rendered":"<p>Esta Bienal es un espacio \u00fanico de encuentro, reflexi\u00f3n, comparaci\u00f3n y divulgaci\u00f3n sobre la arquitectura y la ciudad contempor\u00e1nea, por<\/p>\n","protected":false},"author":1,"featured_media":0,"comment_status":"open","ping_status":"closed","sticky":false,"template":"","format":"standard","meta":{"colormag_page_container_layout":"default_layout","colormag_page_sidebar_layout":"default_layout","om_disable_all_campaigns":false,"_monsterinsights_skip_tracking":false,"_monsterinsights_sitenote_active":false,"_monsterinsights_sitenote_note":"","_monsterinsights_sitenote_category":0,"footnotes":""},"categories":[21,29],"tags":[],"class_list":["post-2429","post","type-post","status-publish","format-standard","hentry","category-editorial","category-uia"],"_links":{"self":[{"href":"http:\/\/calli.digital\/revista\/index.php\/wp-json\/wp\/v2\/posts\/2429","targetHints":{"allow":["GET"]}}],"collection":[{"href":"http:\/\/calli.digital\/revista\/index.php\/wp-json\/wp\/v2\/posts"}],"about":[{"href":"http:\/\/calli.digital\/revista\/index.php\/wp-json\/wp\/v2\/types\/post"}],"author":[{"embeddable":true,"href":"http:\/\/calli.digital\/revista\/index.php\/wp-json\/wp\/v2\/users\/1"}],"replies":[{"embeddable":true,"href":"http:\/\/calli.digital\/revista\/index.php\/wp-json\/wp\/v2\/comments?post=2429"}],"version-history":[{"count":1,"href":"http:\/\/calli.digital\/revista\/index.php\/wp-json\/wp\/v2\/posts\/2429\/revisions"}],"predecessor-version":[{"id":2438,"href":"http:\/\/calli.digital\/revista\/index.php\/wp-json\/wp\/v2\/posts\/2429\/revisions\/2438"}],"wp:attachment":[{"href":"http:\/\/calli.digital\/revista\/index.php\/wp-json\/wp\/v2\/media?parent=2429"}],"wp:term":[{"taxonomy":"category","embeddable":true,"href":"http:\/\/calli.digital\/revista\/index.php\/wp-json\/wp\/v2\/categories?post=2429"},{"taxonomy":"post_tag","embeddable":true,"href":"http:\/\/calli.digital\/revista\/index.php\/wp-json\/wp\/v2\/tags?post=2429"}],"curies":[{"name":"wp","href":"https:\/\/api.w.org\/{rel}","templated":true}]}}