{"id":2688,"date":"2022-12-23T13:14:00","date_gmt":"2022-12-23T18:14:00","guid":{"rendered":"https:\/\/calli.digital\/revista\/?p=2688"},"modified":"2022-12-23T13:14:05","modified_gmt":"2022-12-23T18:14:05","slug":"la-ensenanza-de-la-arquitectura-en-el-mexico-actual-y-futuro","status":"publish","type":"post","link":"http:\/\/calli.digital\/revista\/index.php\/2022\/12\/23\/la-ensenanza-de-la-arquitectura-en-el-mexico-actual-y-futuro\/","title":{"rendered":"La Ense\u00f1anza de la Arquitectura en el M\u00e9xico Actual y Futuro"},"content":{"rendered":"<body>\n<div class=\"wp-block-media-text alignwide is-stacked-on-mobile has-small-font-size\" style=\"grid-template-columns:15% auto\"><figure class=\"wp-block-media-text__media\"><img decoding=\"async\" width=\"175\" height=\"197\" src=\"http:\/\/calli.digital\/revista\/wp-content\/uploads\/2022\/12\/image057-e1671413616939.jpg\" alt=\"\" class=\"wp-image-2689 size-thumbnail\" loading=\"lazy\"><\/figure><div class=\"wp-block-media-text__content\">\n<p><strong>Mtro. Arq. Fernando Mora Mora<\/strong><\/p>\n\n\n\n<p><em>Maestro en Arquitectura y en Dise\u00f1o Urbano por la Universidad de Guadalajara. Profesor-investigador del Centro Universitario de Arte, Arquitectura y Dise\u00f1o de la UdeG. Director ejecutivo de la Acreditadora de Programas de Arquitectura y Disciplinas del Espacio Habitable, A.C. (ANPADEH) de 2017 a 2022. Firmante del Acuerdo de Canberra sobre la Educaci\u00f3n de la Arquitectura en 2008. Presidente de la FCARM, Profesional independiente.<\/em><\/p>\n<\/div><\/div>\n\n\n\n<p><a id=\"_edn1\" href=\"#_ednref1\"><\/a>\u00a0<\/p>\n\n\n\n<p>Por la enorme cantidad de Instituciones de Educaci\u00f3n Superior (IES) p\u00fablicas y privadas que ofrecen un sinn\u00famero de programas educativos de nivel profesional en el pa\u00eds, nos preguntamos: cuales son las condiciones de la ense\u00f1anza de la arquitectura en el M\u00e9xico actual. Y la pregunta es m\u00e1s evidente si se considera la responsabilidad de los arquitectos en el desarrollo del pa\u00eds, pero sobre todo con respecto de la sociedad a la que le ofrece sus servicios.<br>La profesi\u00f3n de arquitecto es considerada como de alto riesgo para la sociedad (al p\u00fablico), no solo en M\u00e9xico, sino en el mundo. En muchos pa\u00edses esto se toma en cuenta cuando la profesi\u00f3n tiene relaci\u00f3n y consecuencias por varios factores que pueden afectar al p\u00fablico: Falta de preparaci\u00f3n o de experiencia, o por malas pr\u00e1cticas. Por ello se requieren seguros u otro tipo de garant\u00edas. En el caso de la Uni\u00f3n Internacional de Arquitectos (UIA), con m\u00e1s de 110 mil \u00f3rganos gremiales, de igual n\u00famero de pa\u00edses, se se\u00f1ala que se debe resguardar la salud, seguridad y bienestar del p\u00fablico, incluyendo tambi\u00e9n el patrimonio en sus diferentes manifestaciones.<\/p>\n\n\n\n<p>En M\u00e9xico, en la exposici\u00f3n de motivos de la iniciativa para la Ley General del Ejercicio Profesional Sujeto a Colegiaci\u00f3n y Certificaci\u00f3n Obligatorias de 2014, se identificaron las \u201cactividades profesionales sujetas a regulaci\u00f3n\u201d de aquellas que \u201cguarden relaci\u00f3n con la vida, la salud, la seguridad, la libertad y el patrimonio\u201d. Tomando estos principios, se se\u00f1alaron las \u00e1reas profesionales de la salud, el derecho, las ingenier\u00edas, la arquitectura y la contadur\u00eda como las profesiones a regular. Aunque esta iniciativa no se concret\u00f3, sirvi\u00f3 de base para que algunos estados, como Jalisco, estableciera la Ley para el Ejercicio de las Actividades Profesionales del Estado de Jalisco, que fue efectiva a partir del 1 de enero de 2016. Aunque la mayor parte se refiere a las responsabilidades y obligaciones de los profesionales, tambi\u00e9n incluye a las Instituciones de educaci\u00f3n y los t\u00edtulos que expiden, as\u00ed como las<br>nuevas disposiciones para la expedici\u00f3n de la c\u00e9dula para las mismas cinco \u00e1reas profesionales reguladas en la iniciativa federal.<\/p>\n\n\n\n<p>Por tal motivo es de cuestionar si la entrega de la c\u00e9dula profesional como un mero tr\u00e1mite administrativo es correcta, o si se deben establecer otros lineamientos para por lo menos las cinco \u00e1reas profesionales que deben tener mayor regulaci\u00f3n por ser consideradas de alto riesgo para la sociedad. O encontrar otros mecanismos que garanticen la responsabilidad social inherente.<\/p>\n\n\n\n<figure class=\"wp-block-image aligncenter size-full\"><img decoding=\"async\" width=\"300\" height=\"168\" src=\"https:\/\/calli.digital\/revista\/wp-content\/uploads\/2022\/12\/image058.jpg\" alt=\"\" class=\"wp-image-2690\" loading=\"lazy\"><\/figure>\n\n\n\n<p>El perfil de egreso de los programas educativos es la base para establecer la curricula educativa del plan de estudios, y debe tomar en cuenta la responsabilidad social se\u00f1alada anteriormente. Y si la entrega de la c\u00e9dula es solo un tr\u00e1mite administrativo, este perfil debe contener los requerimientos m\u00ednimos para la profesi\u00f3n, y que otorgue las garant\u00edas al egresado para poder ofrecer sus servicios a la sociedad considerando la responsabilidad como profesi\u00f3n de alto riesgo. Asimismo, le debe permitir ejercer en cualquier parte de M\u00e9xico, pero sin limitaciones para practicar en otras partes del mundo. Esta preparaci\u00f3n no debe en M\u00e9xico estar dividida en dos o tres momentos distintos, o sea, una etapa de licenciatura o de nivel t\u00e9cnico, y lo dem\u00e1s en maestr\u00eda o incluso en doctorado como se hace en algunos pa\u00edses.<\/p>\n\n\n\n<p>Para que el Perfil de Egreso de los programas que ofrecen las IES en M\u00e9xico cumpla con objetivos de internacionalizaci\u00f3n, no solo deben considerar las competencias profesionales requeridas conforme a las caracter\u00edsticas de su regi\u00f3n, estado o tipo de instituci\u00f3n donde se imparte, sino las recomendadas en el mundo contempor\u00e1neo. Para tal efecto, la UIA ha establecido en el Acuerdo de la UIA sobre Est\u00e1ndares Internacionales Recomendados en la Pr\u00e1ctica de la Arquitectura 2 (2017, en adelante Acuerdo UIA) que la pr\u00e1ctica de la arquitectura se<br>define como: \u201c\u2026 la provisi\u00f3n de servicios profesionales en conexi\u00f3n con la planeaci\u00f3n urbana y el dise\u00f1o, construcci\u00f3n, ampliaci\u00f3n, conservaci\u00f3n, restauraci\u00f3n, o alteraci\u00f3n de un edificio o grupo de edificios.<\/p>\n\n\n\n<p>Estos servicios incluyen, pero no est\u00e1 limitado a, planeaci\u00f3n y planeaci\u00f3n del uso del suelo, dise\u00f1o urbano, provisi\u00f3n de estudios preliminares, dise\u00f1os, modelos, dibujos, especificaciones documentaci\u00f3n t\u00e9cnica, coordinaci\u00f3n de documentaci\u00f3n t\u00e9cnica preparada por otros (consultor\u00eda de ingenieros, planificadores.<\/p>\n\n\n\n<p>La forma en que se establezca en el perfil de egreso se hace por cada<br>programa, as\u00ed como los alcances de este en el plan de estudios y la curricula correspondiente. Sin embargo, la falta de algunos de los puntos puede tener repercusiones hac\u00eda con los egresados y sociedad.<br>Para alcanzar el perfil de egreso, se debe dise\u00f1ar el plan de estudios con cada uno de los programas de las unidades de aprendizaje del curr\u00edculo correspondiente. Adem\u00e1s de las diferencias de las propias IES, sean estas p\u00fablicas, privadas o tecnol\u00f3gicos, deben tener otro tipo de especificidades relacionadas a la regi\u00f3n donde se imparte, las caracter\u00edsticas del profesional que pretende formar, as\u00ed como el \u201csello\u201d que cada IES impregna y promueve en la oferta educativa que ofrece. Las diferencias de profesionales en la arquitectura en el pa\u00eds y del resto del mundo son recomendables, pero sin perder la esencia como arquitecto, y que se plasma de manera general en la definici\u00f3n de la UIA.<\/p>\n\n\n\n<figure class=\"wp-block-image aligncenter size-full is-resized\"><img decoding=\"async\" src=\"http:\/\/calli.digital\/revista\/wp-content\/uploads\/2022\/12\/image008.png\" alt=\"\" class=\"wp-image-2618\" width=\"247\" height=\"101\" loading=\"lazy\" srcset=\"http:\/\/calli.digital\/revista\/wp-content\/uploads\/2022\/12\/image008.png 493w, http:\/\/calli.digital\/revista\/wp-content\/uploads\/2022\/12\/image008-300x123.png 300w\" sizes=\"auto, (max-width: 247px) 100vw, 247px\" \/><\/figure>\n\n\n\n<p>El otro documento que es esencial para el proceso ense\u00f1anza \u2013aprendizaje en la arquitectura, y que al igual que el Acuerdo UIA son los pilares para la evaluaci\u00f3n de los programas de arquitectura por la ANPADEH<\/p>\n\n\n\n<p>En este documento se establecen 16 objetivos fundamentales para alcanzar el perfil del arquitecto en una IES as\u00ed como las capacidades en cuanto a la concepci\u00f3n, conocimiento y aptitudes en ella establecidas, los cuales se deben corroborar a trav\u00e9s de los trabajos de los alumnos. De esta manera la Acreditaci\u00f3n certifica ante la sociedad la calidad de los recursos humanos formados y de los diferentes procesos que tienen lugar en una instituci\u00f3n educativa.<br>Es necesario se\u00f1alar que la Carta UNESCO \u2013 UIA no pretende que la<br>educaci\u00f3n de la arquitectura se homologue en todo el mundo, sino que se utilice para lograr una formaci\u00f3n consciente de los desaf\u00edos de los problemas que el contexto construido pueda provocar en el medio ambiente y que ofrezca opciones adecuadas en la construcci\u00f3n de una sociedad conforme a las caracter\u00edsticas culturales de cada pa\u00eds.<br>Para que el proceso ense\u00f1anza \u2013 aprendizaje logre los objetivos establecidos en los puntos anteriores y se logre la adquisici\u00f3n equilibrada de las aptitudes y capacidades en ella se\u00f1aladas, la Carta UNESCO\/UIA se\u00f1ala que se requieren 5 a\u00f1os de estudios acad\u00e9micos de tiempo completo en una instituci\u00f3n reconocida. Este requerimiento tambi\u00e9n est\u00e1 avalado por los trabajos realizados por expertos en lo profesional y acad\u00e9mico para establecer los est\u00e1ndares<\/p>\n\n\n\n<p>internacionales en el Acuerdo UIA. Por tal motivo, este est\u00e1ndar est\u00e1 incluido como un requisito indispensable en el Acuerdo de Canberra dentro de las Reglas y 6 Para m\u00e1s informaci\u00f3n ver. Procedimientos de 2009, revisado y actualizado en 2021 para la Acreditaci\u00f3n de programas de arquitectura por todos los organismos miembros, incluido la ANPADEH en M\u00e9xico. Es importante se\u00f1alar que las acreditaciones realizadas por estos organismos antes y despu\u00e9s de cualquiera de los acuerdos incluidos en este documento, han comprobado que efectivamente este est\u00e1ndar est\u00e1 totalmente sustentado. Es posible que se agreguen otros objetivos a los 16 ya existentes por los nuevos conocimientos y requerimientos para arquitectos debido al cambio clim\u00e1tico, los fen\u00f3menos de alto riesgo, las nuevas tecnolog\u00edas y los procesos de urbanizaci\u00f3n por la cada vez mayor poblaci\u00f3n viviendo en ciudades. Quiz\u00e1s esto repercuta en los a\u00f1os de estudio requeridos en el futuro tomando en cuenta el objetivo principal de los acuerdos y de la acreditaci\u00f3n del resguardo de la salud, seguridad y bienestar de la sociedad.<br>A pesar de lo anterior, existe la enorme presi\u00f3n para que los programas de arquitectura de las IES p\u00fablicos y privados en M\u00e9xico se reduzcan los a\u00f1os de estudio a cuatro o menos a\u00f1os, sin sustento excepto por el inter\u00e9s econ\u00f3mico que implica \u201cproducir\u201d m\u00e1s profesionales en menos tiempo. Esto ir\u00e1 en perjuicio de la sociedad y de los egresados con menos oportunidades de competir en igualdad de condiciones con respecto a los programas acreditados y mucho menos en un mundo globalizado. Los modelos que presentan como soporte son principalmente los europeos incluido la Declaraci\u00f3n de Bolonia, sin tomar en cuenta los motivos que lo sustentaron en su momento, as\u00ed como los sistemas posteriores a la educaci\u00f3n de otorgamiento de licencias para ejercer.<br>Con respecto al proceso ense\u00f1anza \u2013 aprendizaje, se requiere de un personal acad\u00e9mico pertinente al programa, as\u00ed como de estudiantes conscientes de la responsabilidad de su futura profesi\u00f3n ante la sociedad a la cual ofrecer\u00e1n sus servicios.<br>Del personal acad\u00e9mico, es ineludible se\u00f1alar la necesidad de que se integren profesores con ejercicio profesional, no solamente profesores con maestr\u00edas y doctorados en las diferentes disciplinas que intervienen en la arquitectura. Actualmente se recomienda que los profesores de los programas educativos cuenten con grados de maestr\u00eda y doctorado, pero tambi\u00e9n que sean de preferencia j\u00f3venes menores a 35 a\u00f1os. Esto lo que generalmente implica es la poca pr\u00e1ctica profesional de los profesores, ya que buena parte de su vida la han dedicado a los estudios y a la investigaci\u00f3n propias de estos grados acad\u00e9micos. Aunque se eval\u00faa la pertinencia del personal acad\u00e9mico para cada una de las diferentes unidades de aprendizaje, los grados con los que se cuenta y a\u00f1os de experiencia docente, las IES le dan prioridad a los estudios con los que cuenten, y que puedan participar en PRODEP y SNI c\u00f3mo indicadores de calidad al programa.<br>Desgraciadamente en la actualidad hay poco espacio para profesores con ejercicio profesional.<\/p>\n\n\n\n<div class=\"wp-block-columns is-layout-flex wp-container-core-columns-is-layout-28f84493 wp-block-columns-is-layout-flex\">\n<div class=\"wp-block-column is-layout-flow wp-block-column-is-layout-flow\">\n<figure class=\"wp-block-image alignright size-full is-resized\"><img decoding=\"async\" src=\"http:\/\/calli.digital\/revista\/wp-content\/uploads\/2022\/12\/image059-e1671413961304.jpg\" alt=\"\" class=\"wp-image-2691\" width=\"262\" height=\"173\" loading=\"lazy\" srcset=\"http:\/\/calli.digital\/revista\/wp-content\/uploads\/2022\/12\/image059-e1671413961304.jpg 586w, http:\/\/calli.digital\/revista\/wp-content\/uploads\/2022\/12\/image059-e1671413961304-300x199.jpg 300w\" sizes=\"auto, (max-width: 262px) 100vw, 262px\" \/><\/figure>\n<\/div>\n\n\n\n<div class=\"wp-block-column is-layout-flow wp-block-column-is-layout-flow\">\n<figure class=\"wp-block-image alignleft size-full\"><img decoding=\"async\" width=\"264\" height=\"174\" src=\"http:\/\/calli.digital\/revista\/wp-content\/uploads\/2022\/12\/image060-e1671413911712.jpg\" alt=\"\" class=\"wp-image-2692\" loading=\"lazy\"><\/figure>\n<\/div>\n<\/div>\n\n\n\n<p>Por las caracter\u00edsticas de la arquitectura que implica el hacer adem\u00e1s del saber, la formaci\u00f3n pr\u00e1ctica tambi\u00e9n est\u00e1 se\u00f1alada en el Acuerdo UIA y la Carta UNESCO\/UIA se\u00f1alando que deber\u00e1n satisfacer al menos dos a\u00f1os, aunque se recomiendan tres, adem\u00e1s de los 5 a\u00f1os de estudio, antes de poder ejercer la profesi\u00f3n. Tomando en cuenta que en M\u00e9xico se otorga la C\u00e9dula Profesional inmediatamente despu\u00e9s de la titulaci\u00f3n, hayan hecho tesis o no, hayan tenido experiencia profesional previa o no, sin revisar si cumple o no con las competencias m\u00ednimas requeridas para ingresar al mercado laboral. En este caso, si la Ley otorga a las IES el derecho de expedir los t\u00edtulos profesionales, tambi\u00e9n deber\u00eda ser su responsabilidad incluir la formaci\u00f3n profesional de por lo menos 2 a\u00f1os como parte del proceso ense\u00f1anza \u2013 aprendizaje antes de la expedici\u00f3n del t\u00edtulo.<\/p>\n\n\n\n<p>Al respecto, el distinguido arquitecto Jos\u00e9 Mar\u00eda Guti\u00e9rrez Trujillo se\u00f1alaba que las escuelas de medicina cuentan con hospitales para sus internados, los arquitectos cuentan con las ciudades. Solo es posible complementar el proceso ense\u00f1anza \u2013 aprendizaje con la experiencia que se adquiere con la pr\u00e1ctica. Y en este caso, el comentario es pertinente ya que las ciudades tienen muchas \u00e1reas en las que se requiere la participaci\u00f3n conjunta de alumnos con la supervisi\u00f3n de profesores y profesionales, un binomio importante y necesario que puede servir como complemento al proceso de ense\u00f1anza \u2013 aprendizaje.<\/p>\n\n\n\n<p>Dicho lo anterior, los elementos que deben sustentar un programa educativo de arquitectura de calidad en M\u00e9xico, considerando sus leyes y reglamentos actuales, as\u00ed como los est\u00e1ndares internacionales son:<br>Un perfil de egreso pertinente a la profesi\u00f3n; un plan de estudios que permita lograr el perfil de egreso establecido con la obtenci\u00f3n de competencias profesionales y gen\u00e9ricas; que el tiempo de estudio sea de por lo menos el equivalente a 5 a\u00f1os para su cumplimento; un personal acad\u00e9mico pertinente pero que incluya a profesores con reconocida experiencia profesional; estudiantes que est\u00e9n conscientes<br>de las caracter\u00edsticas de la profesi\u00f3n y su futura responsabilidad ante la sociedad, y; que el programa incluya la formaci\u00f3n pr\u00e1ctica de por lo menos dos a\u00f1os antes del otorgamiento del t\u00edtulo profesional.<\/p>\n\n\n\n<p>Adem\u00e1s de lo anterior, los programas educativos deber\u00e1n contar con otro tipo de aspectos de tipo administrativo, de infraestructura y equipo, los marcos cognitivos y normativos de las IES, as\u00ed como opciones de formaci\u00f3n integral, servicios de apoyo, vinculaci\u00f3n y extensi\u00f3n. Todos estos elementos, tanto los b\u00e1sicos se\u00f1alados en el p\u00e1rrafo anterior, as\u00ed como los aspectos complementarios de apoyos acad\u00e9micos, son evaluados para el otorgamiento de la acreditaci\u00f3n por la ANPADEH como lo establece la LGDES 7, avalados por COPAES, y reconocidos por el Acuerdo de Canberra en lo internacional.<\/p>\n\n\n\n<div class=\"wp-block-columns is-layout-flex wp-container-core-columns-is-layout-28f84493 wp-block-columns-is-layout-flex\">\n<div class=\"wp-block-column is-layout-flow wp-block-column-is-layout-flow\">\n<figure class=\"wp-block-image alignright size-full\"><img decoding=\"async\" width=\"234\" height=\"225\" src=\"http:\/\/calli.digital\/revista\/wp-content\/uploads\/2022\/12\/image061-e1671414081561.png\" alt=\"\" class=\"wp-image-2693\" loading=\"lazy\"><\/figure>\n<\/div>\n\n\n\n<div class=\"wp-block-column is-layout-flow wp-block-column-is-layout-flow\">\n<figure class=\"wp-block-image alignleft size-full is-resized\"><img decoding=\"async\" src=\"http:\/\/calli.digital\/revista\/wp-content\/uploads\/2022\/12\/image062.png\" alt=\"\" class=\"wp-image-2694\" width=\"290\" height=\"224\" loading=\"lazy\" srcset=\"http:\/\/calli.digital\/revista\/wp-content\/uploads\/2022\/12\/image062.png 689w, http:\/\/calli.digital\/revista\/wp-content\/uploads\/2022\/12\/image062-300x233.png 300w\" sizes=\"auto, (max-width: 290px) 100vw, 290px\" \/><\/figure>\n<\/div>\n<\/div>\n\n\n\n<p>Es de resaltar que la demostraci\u00f3n de su cumplimiento para la acreditaci\u00f3n no es que se tengan todos, y que aparentemente sean de calidad, sino que los productos del proceso ense\u00f1anza \u2013 aprendizaje a trav\u00e9s de los trabajos de los alumnos demuestren que se cumplen los 16 objetivos fundamentales de la Carta UNESCO\/UIA. Los trabajos en cada una de las etapas del proceso permiten evaluar si se est\u00e1 capacitando y formando adecuadamente a los futuros arquitectos egresados de cada programa evaluado, con los conocimientos, capacidades, habilidades y aptitudes en el proceso de acreditaci\u00f3n.<br>La profesi\u00f3n de arquitecto se puede considerar como un oficio, el hacer<br>arquitectura. No solo es imaginar y proyectar en papel o en computadoras, sino convertir en realidad los proyectos, con todas las<br>implicaciones materiales, humanas, legales y econ\u00f3micas que esto requiere. Y este es un punto que se debe considerar como fundamental en el proceso ense\u00f1anza \u2013 aprendizaje en la formaci\u00f3n de arquitectos: como hacer realidad la arquitectura.<\/p>\n\n\n\n<p>Para la enorme cantidad de programas privadas a las cuales se les ha otorgado el RVOE 8 , la LGDES ahora establece el requerimiento de la acreditaci\u00f3n de los programas. Sin embargo, este se lleva a cabo hasta que tengan las primeras generaciones de egresados, normalmente 7 a\u00f1os posteriores a su puesta en marcha, por lo que es responsabilidad del Estado que puedan cumplir con los requerimientos m\u00ednimos para alcanzar la acreditaci\u00f3n antes del RVOE.<\/p>\n\n\n\n<p>Pero tambi\u00e9n es posible un proceso de revisi\u00f3n de los programas y planes de estudio, as\u00ed como de todos los aspectos que intervienen antes del otorgamiento del RVOE. Esto ya los est\u00e1 llevando a cabo Jalisco a trav\u00e9s de la Secretar\u00eda de Innovaci\u00f3n, Ciencia y Tecnolog\u00eda del Gobierno del Estado de Jalisco, con el apoyo de los \u00f3rganos acreditadores avalados por el COPAES, para hacer la revisi\u00f3n de propuestas para el otorgamiento del Registro RVOE\u2019s aunque le falta<br>mayor \u00e9nfasis en la revisi\u00f3n de las caracter\u00edsticas de las profesiones.<\/p>\n\n\n\n<p>Por \u00faltimo, considero necesario una revisi\u00f3n del enfoque de los planes de estudio que contemple los retos del mundo actual y hacia el futuro,<br>Con mercados m\u00e1s abiertos, con una poblaci\u00f3n mundial principalmente viviendo en ciudades, pero tambi\u00e9n con mayores riesgos que todo esto implica. Y esto sin perder de vista las caracter\u00edsticas naturales y sociales tan variadas de las diferentes regiones del pa\u00eds, la riqueza cultural con la que se cuenta y que ser\u00eda lamentable perder, entre muchas otras cuestiones que en ocasiones se disipan en los procesos de ense\u00f1anza \u2013 aprendizaje de una profesi\u00f3n que puede dejar sus huellas positivas, o de perder la identidad en la construcci\u00f3n del pa\u00eds en el corto y largo plazo, y alcanzar el desarrollo de ciudades sustentables y resilientes.<br>8 Registro de Validez Oficial.<\/p>\n\n\n\n<p><br><strong>Mtro. Arq. Fernando Mora Mora<\/strong><\/p>\n\n\n\n<p><\/p>\n\n\n\n<p style=\"font-size:12px\">1 En M\u00e9xico, al t\u00e9rmino de cualquier etapa se otorga una c\u00e9dula, est\u00e9 o no debidamente corroborado que este apto para ejercer.<br>1 La Declaraci\u00f3n de Bolonia (1999) que permite un primer nivel de por lo menos 3 para ingresar al mercado laboral y un segundo nivel o ciclo para un t\u00edtulo de m\u00e1ster o doctorado.<br>2 T\u00edtulo original UIA Accord on Recommended International Standards of Professionalism in Architectural Practice, inicialmente aprobado en 1999.<br>Traducci\u00f3n por el autor urbanos, arquitectos del paisaje y otros consultores especialistas) seg\u00fan corresponda y sin limitaci\u00f3n, econom\u00eda de la construcci\u00f3n, administraci\u00f3n de contratos, monitoreo de la construcci\u00f3n (denominada \u201csupervisi\u00f3n\u201d en algunos pa\u00edses), y gesti\u00f3n de proyectos.\u201d 3<br>4 para la obtenci\u00f3n de la Acreditaci\u00f3n avalada por el COPAES 5, y respaldada por los \u00f3rganos acreditadores m\u00e1s importantes del mundo de 9 pa\u00edses y 2 multinacionales<br>3 Pag, 5. Traducci\u00f3n por el autor<br>4 Acreditadora Nacional de Programas de Arquitectura y Disciplinas del Espacio Habitable, A. C.<br>5 Consejo Para la Acreditaci\u00f3n de la Educaci\u00f3n Superior, A. C.<br>miembros del Acuerdo de Canberra para la Educaci\u00f3n en la Arquitectura<br>6 es la Carta UNESCO\/UIA de la Formaci\u00f3n en Arquitectura (en adelante Carta UNESCO\/UIA), aprobada en 1996 y actualizada al 2017.<br>7 Ley General de Educaci\u00f3n Superior \u2013 2021<\/p>\n<\/body>","protected":false},"excerpt":{"rendered":"<p>Mtro. Arq. Fernando Mora Mora Maestro en Arquitectura y en Dise\u00f1o Urbano por la Universidad de Guadalajara. Profesor-investigador del Centro<\/p>\n","protected":false},"author":37,"featured_media":0,"comment_status":"open","ping_status":"open","sticky":false,"template":"","format":"standard","meta":{"colormag_page_container_layout":"no_sidebar_full_width","colormag_page_sidebar_layout":"no_sidebar","om_disable_all_campaigns":false,"_monsterinsights_skip_tracking":false,"_monsterinsights_sitenote_active":false,"_monsterinsights_sitenote_note":"","_monsterinsights_sitenote_category":0,"footnotes":""},"categories":[39,10],"tags":[],"class_list":["post-2688","post","type-post","status-publish","format-standard","hentry","category-ensenanza-de-arquitectura","category-miradas"],"_links":{"self":[{"href":"http:\/\/calli.digital\/revista\/index.php\/wp-json\/wp\/v2\/posts\/2688","targetHints":{"allow":["GET"]}}],"collection":[{"href":"http:\/\/calli.digital\/revista\/index.php\/wp-json\/wp\/v2\/posts"}],"about":[{"href":"http:\/\/calli.digital\/revista\/index.php\/wp-json\/wp\/v2\/types\/post"}],"author":[{"embeddable":true,"href":"http:\/\/calli.digital\/revista\/index.php\/wp-json\/wp\/v2\/users\/37"}],"replies":[{"embeddable":true,"href":"http:\/\/calli.digital\/revista\/index.php\/wp-json\/wp\/v2\/comments?post=2688"}],"version-history":[{"count":1,"href":"http:\/\/calli.digital\/revista\/index.php\/wp-json\/wp\/v2\/posts\/2688\/revisions"}],"predecessor-version":[{"id":2695,"href":"http:\/\/calli.digital\/revista\/index.php\/wp-json\/wp\/v2\/posts\/2688\/revisions\/2695"}],"wp:attachment":[{"href":"http:\/\/calli.digital\/revista\/index.php\/wp-json\/wp\/v2\/media?parent=2688"}],"wp:term":[{"taxonomy":"category","embeddable":true,"href":"http:\/\/calli.digital\/revista\/index.php\/wp-json\/wp\/v2\/categories?post=2688"},{"taxonomy":"post_tag","embeddable":true,"href":"http:\/\/calli.digital\/revista\/index.php\/wp-json\/wp\/v2\/tags?post=2688"}],"curies":[{"name":"wp","href":"https:\/\/api.w.org\/{rel}","templated":true}]}}