{"id":2825,"date":"2023-03-01T03:44:15","date_gmt":"2023-03-01T08:44:15","guid":{"rendered":"http:\/\/calli.digital\/revista\/?p=2825"},"modified":"2023-03-01T03:44:17","modified_gmt":"2023-03-01T08:44:17","slug":"sobre-nuesto-cam-sam","status":"publish","type":"post","link":"http:\/\/calli.digital\/revista\/index.php\/2023\/03\/01\/sobre-nuesto-cam-sam\/","title":{"rendered":"Sobre Nuesto CAM-SAM"},"content":{"rendered":"<body>\n<div class=\"wp-block-media-text alignwide is-stacked-on-mobile is-vertically-aligned-top\" style=\"grid-template-columns:33% auto\"><figure class=\"wp-block-media-text__media\"><img decoding=\"async\" width=\"960\" height=\"720\" src=\"http:\/\/calli.digital\/revista\/wp-content\/uploads\/2023\/02\/camsam.jpg\" alt=\"\" class=\"wp-image-2878 size-full\" loading=\"lazy\" srcset=\"http:\/\/calli.digital\/revista\/wp-content\/uploads\/2023\/02\/camsam.jpg 960w, http:\/\/calli.digital\/revista\/wp-content\/uploads\/2023\/02\/camsam-300x225.jpg 300w, http:\/\/calli.digital\/revista\/wp-content\/uploads\/2023\/02\/camsam-768x576.jpg 768w\" sizes=\"auto, (max-width: 960px) 100vw, 960px\" \/><\/figure><div class=\"wp-block-media-text__content\">\n<p>La Sociedad de Arquitectos Mexicanos, SAM, se origin\u00f3 a principios del siglo pasado, en 1905; se constituy\u00f3 legalmente en marzo de 1919, con el nombre de Asociaci\u00f3n de Arquitectos de M\u00e9xico, A.C. Y en agosto de 1934 con el nombre que hoy ostenta.<\/p>\n\n\n\n<p>La Ley de Profesiones demand\u00f3 a los gremios a crear cuerpos colegiados con atribuciones legales y en 1968 se nombr\u00f3 Colegio De Arquitectos Mexicanos, A.C. Al formarse otros colegios en entidades estatales que son aut\u00f3nomas, en 1994 se registr\u00f3 su nombre de Colegio de Arquitectos de la Ciudad de M\u00e9xico, A.C.<\/p>\n\n\n\n<p>Ambos organismos trabajan mancomunadamente como CAM-SAM, con objetivos y programas complementarios,<\/p>\n\n\n\n<p>A la Sociedad, le fueron conferidas las acciones de comunicaci\u00f3n, intercambio de ideas y de experiencias profesionales, acad\u00e9micas, sociales y culturales, para la superaci\u00f3n gremial. El Colegio tiene sus atribuciones que marca la Ley Reglamentaria del Art\u00edculo 5\u00ba Constitucional (Ley de Profesiones). Por ello el CAM se ocupa del cumplimiento de las obligaciones y de los derechos que para tal efecto determina esta Ley, aboc\u00e1ndose a todas las cuestiones relativas del ejercicio profesional y agrupando en el seno, a los arquitectos titulados que desean ejercer su profesi\u00f3n en el \u00e1mbito de la Ciudad de M\u00e9xico. Es garante del correcto ejercicio de la profesi\u00f3n, apoyo y soporte para los arquitectos agremiados al CAM; promotor r impulsor de las mejores pr\u00e1cticas en su ejercicio y el v\u00ednculo autorizado con las autoridades de la Ciudad para la discusi\u00f3n y an\u00e1lisis de lis asuntos de la Ciudad y ser un respaldo para la sociedad en lo relacionado son nuestra actividad profesional, representando siempre los intereses leg\u00edtimos y superiores de la profesi\u00f3n de arquitecto.<\/p>\n\n\n\n<p><strong><em>Arq. Honorato Carrasco Mahr. Presidente<\/em><\/strong><\/p>\n<\/div><\/div>\n\n\n\n<p><\/p>\n\n\n\n<p><\/p>\n\n\n\n<p><\/p>\n\n\n\n<p><\/p>\n\n\n\n<p><\/p>\n<\/body>","protected":false},"excerpt":{"rendered":"<p>La Sociedad de Arquitectos Mexicanos, SAM, se origin\u00f3 a principios del siglo pasado, en 1905; se constituy\u00f3 legalmente en marzo<\/p>\n","protected":false},"author":30,"featured_media":0,"comment_status":"open","ping_status":"closed","sticky":false,"template":"","format":"standard","meta":{"colormag_page_container_layout":"default_layout","colormag_page_sidebar_layout":"default_layout","om_disable_all_campaigns":false,"_monsterinsights_skip_tracking":false,"_monsterinsights_sitenote_active":false,"_monsterinsights_sitenote_note":"","_monsterinsights_sitenote_category":0,"footnotes":""},"categories":[21],"tags":[],"class_list":["post-2825","post","type-post","status-publish","format-standard","hentry","category-editorial"],"_links":{"self":[{"href":"http:\/\/calli.digital\/revista\/index.php\/wp-json\/wp\/v2\/posts\/2825","targetHints":{"allow":["GET"]}}],"collection":[{"href":"http:\/\/calli.digital\/revista\/index.php\/wp-json\/wp\/v2\/posts"}],"about":[{"href":"http:\/\/calli.digital\/revista\/index.php\/wp-json\/wp\/v2\/types\/post"}],"author":[{"embeddable":true,"href":"http:\/\/calli.digital\/revista\/index.php\/wp-json\/wp\/v2\/users\/30"}],"replies":[{"embeddable":true,"href":"http:\/\/calli.digital\/revista\/index.php\/wp-json\/wp\/v2\/comments?post=2825"}],"version-history":[{"count":2,"href":"http:\/\/calli.digital\/revista\/index.php\/wp-json\/wp\/v2\/posts\/2825\/revisions"}],"predecessor-version":[{"id":2879,"href":"http:\/\/calli.digital\/revista\/index.php\/wp-json\/wp\/v2\/posts\/2825\/revisions\/2879"}],"wp:attachment":[{"href":"http:\/\/calli.digital\/revista\/index.php\/wp-json\/wp\/v2\/media?parent=2825"}],"wp:term":[{"taxonomy":"category","embeddable":true,"href":"http:\/\/calli.digital\/revista\/index.php\/wp-json\/wp\/v2\/categories?post=2825"},{"taxonomy":"post_tag","embeddable":true,"href":"http:\/\/calli.digital\/revista\/index.php\/wp-json\/wp\/v2\/tags?post=2825"}],"curies":[{"name":"wp","href":"https:\/\/api.w.org\/{rel}","templated":true}]}}