{"id":2827,"date":"2023-03-01T03:43:47","date_gmt":"2023-03-01T08:43:47","guid":{"rendered":"http:\/\/calli.digital\/revista\/?p=2827"},"modified":"2023-03-01T03:43:50","modified_gmt":"2023-03-01T08:43:50","slug":"algunas-propuestas-para-la-ensenanza-de-la-arquitectura-2","status":"publish","type":"post","link":"http:\/\/calli.digital\/revista\/index.php\/2023\/03\/01\/algunas-propuestas-para-la-ensenanza-de-la-arquitectura-2\/","title":{"rendered":"Propuesta a la ACADEMIA NACIONAL DE ARQUITECTURA"},"content":{"rendered":"<body>\n<figure class=\"wp-block-image aligncenter size-full\"><img decoding=\"async\" width=\"317\" height=\"316\" src=\"http:\/\/calli.digital\/revista\/wp-content\/uploads\/2023\/02\/image018.jpg\" alt=\"\" class=\"wp-image-2733\" loading=\"lazy\" srcset=\"http:\/\/calli.digital\/revista\/wp-content\/uploads\/2023\/02\/image018.jpg 317w, http:\/\/calli.digital\/revista\/wp-content\/uploads\/2023\/02\/image018-300x300.jpg 300w, http:\/\/calli.digital\/revista\/wp-content\/uploads\/2023\/02\/image018-150x150.jpg 150w\" sizes=\"auto, (max-width: 317px) 100vw, 317px\" \/><\/figure>\n\n\n\n<p>Hist\u00f3ricamente, la Academia Nacional de Arquitectura es el organismo que debe representar a los arquitectos mexicanos que, desde sus diferentes campos de acci\u00f3n profesional, han demostrado su experiencia profesional, con algunos valores m\u00e1s; lo que ha permitido enriquecer y dignificar el florecimiento de la arquitectura que se realiza en M\u00e9xico.<\/p>\n\n\n\n<p>La Academia necesita ser la instancia que promueva y difunda la integraci\u00f3n de esta experiencia, con los nacientes derroteros que se\u00f1ala nuestra profesi\u00f3n, para que las nuevas generaciones enfrenten con mayores instrumentos, el mejor desempe\u00f1o de su labor como arquitectos.<\/p>\n\n\n\n<p>Desafortunadamente, por diversos factores, no se ha logrado la participaci\u00f3n de la Academia como ese organismo aglutinador de la alta experiencia profesional; por lo que, ante las condiciones en que se desenvuelve la arquitectura mexicana, es necesario que la Academia fortalezca esta actividad. Apoyemos a quien la dirige, en la b\u00fasqueda de nuevos caminos y mayores aportes.<\/p>\n\n\n\n<p>Todos los honorables miembros de la Academia Nacional de Arquitectura deben encauzar sus esfuerzos en buscar la participaci\u00f3n directa en la integraci\u00f3n de sus talentos para ampliar el conocimiento del medio en las labores de los arquitectos en el presente y el futuro.<\/p>\n\n\n\n<p>Hasta hoy, de sus miembros fallecidos no existe ning\u00fan reporte ni memoria sobre su labor profesional.<\/p>\n\n\n\n<p><strong>Por ello Proponemos:<\/strong><\/p>\n\n\n\n<p>Reestructurar a la Academia Nacional de Arquitectura, en sus programas de trabajo, motivando la mayor participaci\u00f3n de sus miembros en una Academia que marque las directrices, al enfrentar el futuro, conociendo las experiencias de nuestro pasado.<\/p>\n\n\n\n<p>Como una continuidad de lo realizado hasta hoy, todos sus miembros necesitar\u00e1n efectuar algunas acciones que permitan proseguir con una participaci\u00f3n activa dentro de la propia Academia; para ello ser\u00e1 necesario realizar en lapsos cortos lo siguiente:<\/p>\n\n\n\n<p>1. Formar un grupo que eval\u00fae las actividades realizadas hasta hoy.<\/p>\n\n\n\n<p>2. Convocar a los miembros de la ANA a efectuar una valoraci\u00f3n del presente, que contenga propuestas din\u00e1micas para un futuro muy s\u00f3lido y eficaz.<\/p>\n\n\n\n<p>3.\u00a0Incluir las intervenciones de los convocados y constituir su integraci\u00f3n, as\u00ed como los procedimientos que permitan establecer una Asamblea permanente de an\u00e1lisis y fortalecimiento de los procedimientos, para que se ponga en marcha, en un breve plazo, definiendo los objetivos permanentes. Encontrar las formas de continuar con la inclusi\u00f3n din\u00e1mica de los mejores profesionistas de la carrera en cada campo profesional.<\/p>\n\n\n\n<p>Entre los elementos resultantes planteamos que pudiera sumarse la integraci\u00f3n de lo siguiente:<\/p>\n\n\n\n<p>A. Formar un Bando de Datos con diferentes cap\u00edtulos, que permitan contener la mayor informaci\u00f3n posible sobre las actividades que han elaborado sus miembros, as\u00ed como los aspectos que son indispensables de conocer y utilizar en el desarrollo de las futuras realizaciones que se lleven a cabo, as\u00ed como contar con la Historia Grafica de lo realizado por sus miembros.<\/p>\n\n\n\n<p>A.1 Dentro del Banco, Se establecer\u00e1 un archivo documental en el que cada uno de sus miembros entregue un Curriculum de acuerdo con un formato preestablecido, solo sobre las principales actividades que ha efectuado, para as\u00ed conocer, clasificar y sumar los trascendentes trabajos que se han realizado y se llevan a cabo en nuestro pa\u00eds.<\/p>\n\n\n\n<p>A.2 Integrar fotograf\u00edas y planos sobre las obras realizadas por los miembros de la Academia, con una peque\u00f1a descripci\u00f3n para su publicaci\u00f3n, que marque el a\u00f1o de su realizaci\u00f3n, de forma electr\u00f3nica, en el formato preestablecido, con lo que se formar\u00e1 un archivo clasificado de las resultantes arquitect\u00f3nicas.<\/p>\n\n\n\n<p>A.3 Formar un cap\u00edtulo sobre los trabajos Te\u00f3ricos, Hist\u00f3ricos y de An\u00e1lisis Arquitect\u00f3nico sobre las tendencias que se han realizado en el pa\u00eds y sus posibles futuros derroteros\u00a0\u00a0\u00a0\u00a0\u00a0\u00a0\u00a0\u00a0\u00a0\u00a0\u00a0\u00a0\u00a0\u00a0\u00a0\u00a0\u00a0\u00a0\u00a0\u00a0\u00a0\u00a0\u00a0\u00a0\u00a0<\/p>\n\n\n\n<p>A.4 Formar un grupo encargado de reunir el material citado, de los miembros de la ENA que han fallecido, en donde se podr\u00eda invitar a la UNAM y a la UAM, a que apoyaran esta informaci\u00f3n.<\/p>\n\n\n\n<p>4.5\u00a0 Todo el material entregado se recibir\u00e1 en forma electr\u00f3nica, Fotograf\u00edas y textos, de acuerdo con las claves establecidas por la ENA para ello.<\/p>\n\n\n\n<p>4.6\u00a0 Invitar a los arquitectos miembros de la ENA que a\u00fan est\u00e1n en activo, a formar parte de un Grupo de Trabajo, mediante la participaci\u00f3n de uno de los miembros de su equipo, a medio tiempo, desde su propio lugar de labor, para, con el trabajo coordinado entre los que participen, operar el banco de datos, estructurado con la informaci\u00f3n obtenida permanentemente. Adem\u00e1s, a las Escuelas de Arquitectura, que, con sus acervos y estudiantes en Servicio Social, ser\u00edan un gran apoyo.<\/p>\n\n\n\n<p>4.7\u00a0 Difundir sus publicaciones y eventos sobre estas resultantes de la ENA, en las Escuelas de Arquitectura de M\u00e9xico, para que los estudiantes tengan el conocimiento de lo que se ha hecho en la arquitectura de M\u00e9xico. Adem\u00e1s, difundirlo en los organismos p\u00fablicos relacionados con la arquitectura.<\/p>\n\n\n\n<p>4.8 Integrar un cap\u00edtulo destinado a incluir y difundir: aniversarios, premios, situaciones luctuosas y saludos.<\/p>\n\n\n\n<p>A.9 Establecer una publicaci\u00f3n peri\u00f3dica, electr\u00f3nica y coleccionable, que s\u00f3lo presente la informaci\u00f3n sobre las realizaciones de cada uno de los miembros de la ENA.<\/p>\n\n\n\n<p><strong>B.<\/strong>\u00a0\u00a0 Para enriquecer la nueva estructura de la Academia Nacional de Arquitectura, se propone realizar un concurso con el fin de <strong>actualizar su logotipo,<\/strong> ya que el existente:<\/p>\n\n\n\n<ul class=\"wp-block-list\">\n<li>No tiene ning\u00fan v\u00ednculo con nuestra profesi\u00f3n, con nuestra realidad como naci\u00f3n, ni con nuestro tiempo, aunque provenga de un pasado muy remoto.<\/li>\n\n\n\n<li>Est\u00e1 formado por diversos componentes que son err\u00f3neos, excesivos, incomprensibles, fuera de toda actualidad, que no tienen nada que ver con la representaci\u00f3n de la Arquitectura Mexicana de hoy, de su pasado y su futuro.<\/li>\n<\/ul>\n\n\n\n<p>Se\u00f1alemos algunos de sus contenidos a los que nos referimos:<\/p>\n\n\n\n<ul class=\"wp-block-list\">\n<li>Su emblema se\u00f1ala: <em>Real Academia de Artes San Carlos de la Nueva Espa\u00f1a, <\/em>Cuando ya no tenemos relaci\u00f3n con la Pintura y Escultura; adem\u00e1s nos se\u00f1ala como un organismo del virreinato, entidad territorial integrante del imperio espa\u00f1ol que, desapareci\u00f3 hace m\u00e1s de dos siglos.<\/li>\n\n\n\n<li><em>A<\/em>parece el lema. <em>Plus Ultra<\/em>, Usado por Espa\u00f1a como divisa por el hallazgo, conquista y apropiaci\u00f3n del Nuevo Mundo.<\/li>\n\n\n\n<li>Se presenta una imagen de perfil de un rey que puede ser Carlos III; entre otras cosas, que no tienen nada que ver con nuestro pa\u00eds actual, ni tiene valor en el futuro.<\/li>\n\n\n\n<li>El emblema central est\u00e1 compuesto por m\u00faltiples elementos sin significado actual y lo remata una enorme corona, representaci\u00f3n que en este pa\u00eds solo se usa en eventos deportivos o bebidas alcoh\u00f3licas.<\/li>\n\n\n\n<li>Todo ello es parte de un sistema que dej\u00f3 de ser parte de nuestra verdad como naci\u00f3n independiente y que creemos no deber\u00eda de existir.<\/li>\n\n\n\n<li>Es necesario cambiar estos conceptos y que la representaci\u00f3n gr\u00e1fica de la Academia Nacional de Arquitectura provoque una percepci\u00f3n diferente de lo que debe ser su imagen en este mundo que avanza y cambia a pasos agigantados.<\/li>\n<\/ul>\n\n\n\n<p>Ello permitir\u00e1 la participaci\u00f3n activa de todos sus integrantes; que exploren el pasado reciente de la arquitectura y los arquitectos, para conocer las experiencias obtenidas y aplicarlas en acciones futuras. Se establezcan los programas de trabajo, de acuerdo con los cambios que se produzcan en el entorno social y cultural. Su acci\u00f3n deber\u00e1 impactar a la toma de decisiones y el quehacer profesional en los niveles de decisi\u00f3n institucionales.<\/p>\n\n\n\n<p class=\"has-small-font-size\"><em>Arq. Mario Alejandro Gayt\u00e1n Cervantes.<\/em><\/p>\n\n\n\n<p class=\"has-small-font-size\"><em>Arq. V\u00edctor Arias Montes<\/em><\/p>\n<\/body>","protected":false},"excerpt":{"rendered":"<p>Hist\u00f3ricamente, la Academia Nacional de Arquitectura es el organismo que debe representar a los arquitectos mexicanos que, desde sus diferentes<\/p>\n","protected":false},"author":2,"featured_media":0,"comment_status":"open","ping_status":"open","sticky":false,"template":"","format":"standard","meta":{"colormag_page_container_layout":"no_sidebar_full_width","colormag_page_sidebar_layout":"no_sidebar","om_disable_all_campaigns":false,"_monsterinsights_skip_tracking":false,"_monsterinsights_sitenote_active":false,"_monsterinsights_sitenote_note":"","_monsterinsights_sitenote_category":0,"footnotes":""},"categories":[21],"tags":[],"class_list":["post-2827","post","type-post","status-publish","format-standard","hentry","category-editorial"],"_links":{"self":[{"href":"http:\/\/calli.digital\/revista\/index.php\/wp-json\/wp\/v2\/posts\/2827","targetHints":{"allow":["GET"]}}],"collection":[{"href":"http:\/\/calli.digital\/revista\/index.php\/wp-json\/wp\/v2\/posts"}],"about":[{"href":"http:\/\/calli.digital\/revista\/index.php\/wp-json\/wp\/v2\/types\/post"}],"author":[{"embeddable":true,"href":"http:\/\/calli.digital\/revista\/index.php\/wp-json\/wp\/v2\/users\/2"}],"replies":[{"embeddable":true,"href":"http:\/\/calli.digital\/revista\/index.php\/wp-json\/wp\/v2\/comments?post=2827"}],"version-history":[{"count":5,"href":"http:\/\/calli.digital\/revista\/index.php\/wp-json\/wp\/v2\/posts\/2827\/revisions"}],"predecessor-version":[{"id":2912,"href":"http:\/\/calli.digital\/revista\/index.php\/wp-json\/wp\/v2\/posts\/2827\/revisions\/2912"}],"wp:attachment":[{"href":"http:\/\/calli.digital\/revista\/index.php\/wp-json\/wp\/v2\/media?parent=2827"}],"wp:term":[{"taxonomy":"category","embeddable":true,"href":"http:\/\/calli.digital\/revista\/index.php\/wp-json\/wp\/v2\/categories?post=2827"},{"taxonomy":"post_tag","embeddable":true,"href":"http:\/\/calli.digital\/revista\/index.php\/wp-json\/wp\/v2\/tags?post=2827"}],"curies":[{"name":"wp","href":"https:\/\/api.w.org\/{rel}","templated":true}]}}