{"id":3079,"date":"2023-05-01T18:53:21","date_gmt":"2023-05-01T23:53:21","guid":{"rendered":"https:\/\/calli.digital\/revista\/?p=3079"},"modified":"2023-05-02T19:11:18","modified_gmt":"2023-05-03T00:11:18","slug":"cam-sam-noticias","status":"publish","type":"post","link":"http:\/\/calli.digital\/revista\/index.php\/2023\/05\/01\/cam-sam-noticias\/","title":{"rendered":"CAM-SAM. Noticias"},"content":{"rendered":"<body>\n<div class=\"wp-block-media-text alignwide is-stacked-on-mobile is-vertically-aligned-top\" style=\"grid-template-columns:23% auto\"><figure class=\"wp-block-media-text__media\"><img decoding=\"async\" width=\"300\" height=\"225\" src=\"https:\/\/calli.digital\/revista\/wp-content\/uploads\/2023\/02\/camsam-300x225.jpg\" alt=\"\" class=\"wp-image-2878 size-medium\" loading=\"lazy\" srcset=\"http:\/\/calli.digital\/revista\/wp-content\/uploads\/2023\/02\/camsam-300x225.jpg 300w, http:\/\/calli.digital\/revista\/wp-content\/uploads\/2023\/02\/camsam-768x576.jpg 768w, http:\/\/calli.digital\/revista\/wp-content\/uploads\/2023\/02\/camsam.jpg 960w\" sizes=\"auto, (max-width: 300px) 100vw, 300px\" \/><\/figure><div class=\"wp-block-media-text__content\">\n<p>Al frente de los consejos del CAM-.SAM, enfrentamos desaf\u00edos y oportunidades, pero siempre comprometidos con el trabajo gremial, estoy agradecido con quienes me apoyaron en haber conformado un Consejo plural y diverso; con un esquema de participaci\u00f3n horizontal y transversal, con trabajo en equipo y sin protagonismos; creyendo siempre y firmemente en el valor de la colectividad y en ella, soportamos los avances a los que nos comprometimos.<\/p>\n\n\n\n<p class=\"has-text-align-right has-small-font-size\">Agradezco la participaci\u00f3n y atenciones de nuestro gremio de arquitectos, durante el periodo que me correspondi\u00f3 presidir nuestros organismos profesionales:<br><strong>Arq. Honorato Carrasco Mahr. Presidente<\/strong><\/p>\n\n\n\n<p>Un gremio Unido, hace un colegio fuerte; trabajemos juntos por un Colegio de equidad y respeto, fortaleciendo la relaci\u00f3n con las Sociedades especializadas afines a la arquitectura, recobrando la relaci\u00f3n con instituciones de la iniciativa privada y p\u00fablica, apoyando al gremio e impulsar el desarrollo profesional de los nuevos arquitectos y j\u00f3venes reci\u00e9n egresados, implementemos una bolsa de trabajo empresarial, impulsando al CAM-SAM en M\u00e9xico y el extranjero, en armon\u00eda con la FCARM, integrando la innovaci\u00f3n tecnol\u00f3gica, enalteciendo la arquitectura en la CDMX, a trav\u00e9s de proyectos para la edificaci\u00f3n, infraestructura y equipamiento urbano<\/p>\n\n\n\n<p class=\"has-text-align-right has-small-font-size\">Presidente electo del CAM-SAM 2023-2025<br><strong>Arq. Rodolfo S\u00e1nchez Zaragoza<\/strong><br><strong>.<\/strong><\/p>\n<\/div><\/div>\n<\/body>","protected":false},"excerpt":{"rendered":"<p>Al frente de los consejos del CAM-.SAM, enfrentamos desaf\u00edos y oportunidades, pero siempre comprometidos con el trabajo gremial, estoy agradecido<\/p>\n","protected":false},"author":30,"featured_media":0,"comment_status":"open","ping_status":"closed","sticky":false,"template":"","format":"standard","meta":{"colormag_page_container_layout":"default_layout","colormag_page_sidebar_layout":"default_layout","om_disable_all_campaigns":false,"_monsterinsights_skip_tracking":false,"_monsterinsights_sitenote_active":false,"_monsterinsights_sitenote_note":"","_monsterinsights_sitenote_category":0,"footnotes":""},"categories":[21],"tags":[],"class_list":["post-3079","post","type-post","status-publish","format-standard","hentry","category-editorial"],"_links":{"self":[{"href":"http:\/\/calli.digital\/revista\/index.php\/wp-json\/wp\/v2\/posts\/3079","targetHints":{"allow":["GET"]}}],"collection":[{"href":"http:\/\/calli.digital\/revista\/index.php\/wp-json\/wp\/v2\/posts"}],"about":[{"href":"http:\/\/calli.digital\/revista\/index.php\/wp-json\/wp\/v2\/types\/post"}],"author":[{"embeddable":true,"href":"http:\/\/calli.digital\/revista\/index.php\/wp-json\/wp\/v2\/users\/30"}],"replies":[{"embeddable":true,"href":"http:\/\/calli.digital\/revista\/index.php\/wp-json\/wp\/v2\/comments?post=3079"}],"version-history":[{"count":3,"href":"http:\/\/calli.digital\/revista\/index.php\/wp-json\/wp\/v2\/posts\/3079\/revisions"}],"predecessor-version":[{"id":3164,"href":"http:\/\/calli.digital\/revista\/index.php\/wp-json\/wp\/v2\/posts\/3079\/revisions\/3164"}],"wp:attachment":[{"href":"http:\/\/calli.digital\/revista\/index.php\/wp-json\/wp\/v2\/media?parent=3079"}],"wp:term":[{"taxonomy":"category","embeddable":true,"href":"http:\/\/calli.digital\/revista\/index.php\/wp-json\/wp\/v2\/categories?post=3079"},{"taxonomy":"post_tag","embeddable":true,"href":"http:\/\/calli.digital\/revista\/index.php\/wp-json\/wp\/v2\/tags?post=3079"}],"curies":[{"name":"wp","href":"https:\/\/api.w.org\/{rel}","templated":true}]}}