{"id":3113,"date":"2023-05-01T18:48:26","date_gmt":"2023-05-01T23:48:26","guid":{"rendered":"https:\/\/calli.digital\/revista\/?p=3113"},"modified":"2023-05-01T18:48:29","modified_gmt":"2023-05-01T23:48:29","slug":"casa-tenoch-lerma-e-de-m-2012","status":"publish","type":"post","link":"http:\/\/calli.digital\/revista\/index.php\/2023\/05\/01\/casa-tenoch-lerma-e-de-m-2012\/","title":{"rendered":"CASA TENOCH. Lerma E. de M. 2012"},"content":{"rendered":"<body>\n<div class=\"wp-block-columns is-layout-flex wp-container-core-columns-is-layout-28f84493 wp-block-columns-is-layout-flex\">\n<div class=\"wp-block-column is-layout-flow wp-block-column-is-layout-flow\">\n<figure class=\"wp-block-image size-large\"><img decoding=\"async\" width=\"1024\" height=\"683\" src=\"http:\/\/calli.digital\/revista\/wp-content\/uploads\/2023\/04\/image096-1024x683.jpg\" alt=\"\" class=\"wp-image-3007\" loading=\"lazy\" srcset=\"http:\/\/calli.digital\/revista\/wp-content\/uploads\/2023\/04\/image096-1024x683.jpg 1024w, http:\/\/calli.digital\/revista\/wp-content\/uploads\/2023\/04\/image096-300x200.jpg 300w, http:\/\/calli.digital\/revista\/wp-content\/uploads\/2023\/04\/image096-768x512.jpg 768w, http:\/\/calli.digital\/revista\/wp-content\/uploads\/2023\/04\/image096.jpg 1046w\" sizes=\"auto, (max-width: 1024px) 100vw, 1024px\" \/><\/figure>\n<\/div>\n\n\n\n<div class=\"wp-block-column is-layout-flow wp-block-column-is-layout-flow\">\n<figure class=\"wp-block-image size-large\"><img decoding=\"async\" width=\"1024\" height=\"661\" src=\"http:\/\/calli.digital\/revista\/wp-content\/uploads\/2023\/04\/image097-1024x661.jpg\" alt=\"\" class=\"wp-image-3008\" loading=\"lazy\" srcset=\"http:\/\/calli.digital\/revista\/wp-content\/uploads\/2023\/04\/image097-1024x661.jpg 1024w, http:\/\/calli.digital\/revista\/wp-content\/uploads\/2023\/04\/image097-300x194.jpg 300w, http:\/\/calli.digital\/revista\/wp-content\/uploads\/2023\/04\/image097-768x496.jpg 768w, http:\/\/calli.digital\/revista\/wp-content\/uploads\/2023\/04\/image097.jpg 1264w\" sizes=\"auto, (max-width: 1024px) 100vw, 1024px\" \/><figcaption class=\"wp-element-caption\"><em>Planta Principal<\/em><\/figcaption><\/figure>\n<\/div>\n<\/div>\n\n\n\n<p>Se trata de la ampliaci\u00f3n de una casa ya existente, nuevas \u00e1reas de habitaciones y las zonas privadas en vol\u00famenes irregulares de cristal y escamas de piedra.<\/p>\n\n\n\n<div class=\"wp-block-columns is-layout-flex wp-container-core-columns-is-layout-28f84493 wp-block-columns-is-layout-flex\">\n<div class=\"wp-block-column is-layout-flow wp-block-column-is-layout-flow\">\n<figure class=\"wp-block-image size-large\"><img decoding=\"async\" width=\"1024\" height=\"683\" src=\"http:\/\/calli.digital\/revista\/wp-content\/uploads\/2023\/04\/image098-1024x683.jpg\" alt=\"\" class=\"wp-image-3009\" loading=\"lazy\" srcset=\"http:\/\/calli.digital\/revista\/wp-content\/uploads\/2023\/04\/image098-1024x683.jpg 1024w, http:\/\/calli.digital\/revista\/wp-content\/uploads\/2023\/04\/image098-300x200.jpg 300w, http:\/\/calli.digital\/revista\/wp-content\/uploads\/2023\/04\/image098-768x512.jpg 768w, http:\/\/calli.digital\/revista\/wp-content\/uploads\/2023\/04\/image098.jpg 1046w\" sizes=\"auto, (max-width: 1024px) 100vw, 1024px\" \/><figcaption class=\"wp-element-caption\"><em>Se respet\u00f3 el frente ya existente<\/em><\/figcaption><\/figure>\n<\/div>\n\n\n\n<div class=\"wp-block-column is-layout-flow wp-block-column-is-layout-flow\">\n<figure class=\"wp-block-image size-large is-resized\"><img decoding=\"async\" src=\"http:\/\/calli.digital\/revista\/wp-content\/uploads\/2023\/04\/image099-1024x683.jpg\" alt=\"\" class=\"wp-image-3010\" width=\"403\" height=\"268\" loading=\"lazy\" srcset=\"http:\/\/calli.digital\/revista\/wp-content\/uploads\/2023\/04\/image099-1024x683.jpg 1024w, http:\/\/calli.digital\/revista\/wp-content\/uploads\/2023\/04\/image099-300x200.jpg 300w, http:\/\/calli.digital\/revista\/wp-content\/uploads\/2023\/04\/image099-768x512.jpg 768w, http:\/\/calli.digital\/revista\/wp-content\/uploads\/2023\/04\/image099.jpg 1046w\" sizes=\"auto, (max-width: 403px) 100vw, 403px\" \/><figcaption class=\"wp-element-caption\"><em>Los nuevos cuerpos consideran las distancias reglamentarias no construibles entre a los \u00e1rboles ya existentes.<\/em><\/figcaption><\/figure>\n<\/div>\n<\/div>\n\n\n\n<div class=\"wp-block-columns is-layout-flex wp-container-core-columns-is-layout-28f84493 wp-block-columns-is-layout-flex\">\n<div class=\"wp-block-column is-layout-flow wp-block-column-is-layout-flow\">\n<figure class=\"wp-block-image size-full\"><img decoding=\"async\" width=\"337\" height=\"505\" src=\"http:\/\/calli.digital\/revista\/wp-content\/uploads\/2023\/04\/image100.jpg\" alt=\"\" class=\"wp-image-3011\" loading=\"lazy\" srcset=\"http:\/\/calli.digital\/revista\/wp-content\/uploads\/2023\/04\/image100.jpg 337w, http:\/\/calli.digital\/revista\/wp-content\/uploads\/2023\/04\/image100-200x300.jpg 200w\" sizes=\"auto, (max-width: 337px) 100vw, 337px\" \/><\/figure>\n<\/div>\n\n\n\n<div class=\"wp-block-column is-layout-flow wp-block-column-is-layout-flow\">\n<figure class=\"wp-block-image size-full\"><img decoding=\"async\" width=\"342\" height=\"513\" src=\"http:\/\/calli.digital\/revista\/wp-content\/uploads\/2023\/04\/image101.jpg\" alt=\"\" class=\"wp-image-3012\" loading=\"lazy\" srcset=\"http:\/\/calli.digital\/revista\/wp-content\/uploads\/2023\/04\/image101.jpg 342w, http:\/\/calli.digital\/revista\/wp-content\/uploads\/2023\/04\/image101-200x300.jpg 200w\" sizes=\"auto, (max-width: 342px) 100vw, 342px\" \/><figcaption class=\"wp-element-caption\"><em>Las circulaciones est\u00e1n integradas con cristal en muros y cubiertas<\/em><\/figcaption><\/figure>\n<\/div>\n\n\n\n<div class=\"wp-block-column is-layout-flow wp-block-column-is-layout-flow\">\n<figure class=\"wp-block-image size-full\"><img decoding=\"async\" width=\"349\" height=\"523\" src=\"http:\/\/calli.digital\/revista\/wp-content\/uploads\/2023\/04\/image102.jpg\" alt=\"\" class=\"wp-image-3013\" loading=\"lazy\" srcset=\"http:\/\/calli.digital\/revista\/wp-content\/uploads\/2023\/04\/image102.jpg 349w, http:\/\/calli.digital\/revista\/wp-content\/uploads\/2023\/04\/image102-200x300.jpg 200w\" sizes=\"auto, (max-width: 349px) 100vw, 349px\" \/><\/figure>\n<\/div>\n<\/div>\n\n\n\n<div class=\"wp-block-columns is-layout-flex wp-container-core-columns-is-layout-28f84493 wp-block-columns-is-layout-flex\">\n<div class=\"wp-block-column is-layout-flow wp-block-column-is-layout-flow\">\n<figure class=\"wp-block-image size-full\"><img decoding=\"async\" width=\"541\" height=\"361\" src=\"http:\/\/calli.digital\/revista\/wp-content\/uploads\/2023\/04\/image103.jpg\" alt=\"\" class=\"wp-image-3014\" loading=\"lazy\" srcset=\"http:\/\/calli.digital\/revista\/wp-content\/uploads\/2023\/04\/image103.jpg 541w, http:\/\/calli.digital\/revista\/wp-content\/uploads\/2023\/04\/image103-300x200.jpg 300w\" sizes=\"auto, (max-width: 541px) 100vw, 541px\" \/><\/figure>\n<\/div>\n\n\n\n<div class=\"wp-block-column is-layout-flow wp-block-column-is-layout-flow\">\n<figure class=\"wp-block-image size-full\"><img decoding=\"async\" width=\"547\" height=\"366\" src=\"http:\/\/calli.digital\/revista\/wp-content\/uploads\/2023\/04\/image104.jpg\" alt=\"\" class=\"wp-image-3015\" loading=\"lazy\" srcset=\"http:\/\/calli.digital\/revista\/wp-content\/uploads\/2023\/04\/image104.jpg 547w, http:\/\/calli.digital\/revista\/wp-content\/uploads\/2023\/04\/image104-300x201.jpg 300w\" sizes=\"auto, (max-width: 547px) 100vw, 547px\" \/><\/figure>\n<\/div>\n<\/div>\n\n\n\n<p>Los interiores ya existentes se remodelaron con una propuesta mas contempor\u00e1nea y el uso de materiales de acabado y nuevos dise\u00f1os. Al respetar un radio de 4.5 metros de distancia a los \u00e1rboles se crearon ambientes interiores confortables<\/p>\n\n\n\n<figure class=\"wp-block-image size-large\"><img decoding=\"async\" width=\"1024\" height=\"683\" src=\"http:\/\/calli.digital\/revista\/wp-content\/uploads\/2023\/04\/image105-1024x683.jpg\" alt=\"\" class=\"wp-image-3016\" loading=\"lazy\" srcset=\"http:\/\/calli.digital\/revista\/wp-content\/uploads\/2023\/04\/image105-1024x683.jpg 1024w, http:\/\/calli.digital\/revista\/wp-content\/uploads\/2023\/04\/image105-300x200.jpg 300w, http:\/\/calli.digital\/revista\/wp-content\/uploads\/2023\/04\/image105-768x512.jpg 768w, http:\/\/calli.digital\/revista\/wp-content\/uploads\/2023\/04\/image105.jpg 1046w\" sizes=\"auto, (max-width: 1024px) 100vw, 1024px\" \/><\/figure>\n<\/body>","protected":false},"excerpt":{"rendered":"<p>Se trata de la ampliaci\u00f3n de una casa ya existente, nuevas \u00e1reas de habitaciones y las zonas privadas en vol\u00famenes<\/p>\n","protected":false},"author":42,"featured_media":0,"comment_status":"open","ping_status":"open","sticky":false,"template":"","format":"standard","meta":{"colormag_page_container_layout":"no_sidebar_full_width","colormag_page_sidebar_layout":"no_sidebar","om_disable_all_campaigns":false,"_monsterinsights_skip_tracking":false,"_monsterinsights_sitenote_active":false,"_monsterinsights_sitenote_note":"","_monsterinsights_sitenote_category":0,"footnotes":""},"categories":[41,25],"tags":[],"class_list":["post-3113","post","type-post","status-publish","format-standard","hentry","category-bernardo-gomez-pimienta","category-monografias"],"_links":{"self":[{"href":"http:\/\/calli.digital\/revista\/index.php\/wp-json\/wp\/v2\/posts\/3113","targetHints":{"allow":["GET"]}}],"collection":[{"href":"http:\/\/calli.digital\/revista\/index.php\/wp-json\/wp\/v2\/posts"}],"about":[{"href":"http:\/\/calli.digital\/revista\/index.php\/wp-json\/wp\/v2\/types\/post"}],"author":[{"embeddable":true,"href":"http:\/\/calli.digital\/revista\/index.php\/wp-json\/wp\/v2\/users\/42"}],"replies":[{"embeddable":true,"href":"http:\/\/calli.digital\/revista\/index.php\/wp-json\/wp\/v2\/comments?post=3113"}],"version-history":[{"count":1,"href":"http:\/\/calli.digital\/revista\/index.php\/wp-json\/wp\/v2\/posts\/3113\/revisions"}],"predecessor-version":[{"id":3114,"href":"http:\/\/calli.digital\/revista\/index.php\/wp-json\/wp\/v2\/posts\/3113\/revisions\/3114"}],"wp:attachment":[{"href":"http:\/\/calli.digital\/revista\/index.php\/wp-json\/wp\/v2\/media?parent=3113"}],"wp:term":[{"taxonomy":"category","embeddable":true,"href":"http:\/\/calli.digital\/revista\/index.php\/wp-json\/wp\/v2\/categories?post=3113"},{"taxonomy":"post_tag","embeddable":true,"href":"http:\/\/calli.digital\/revista\/index.php\/wp-json\/wp\/v2\/tags?post=3113"}],"curies":[{"name":"wp","href":"https:\/\/api.w.org\/{rel}","templated":true}]}}