{"id":3415,"date":"2023-08-31T22:45:09","date_gmt":"2023-09-01T03:45:09","guid":{"rendered":"https:\/\/calli.digital\/revista\/?p=3415"},"modified":"2023-08-31T22:45:12","modified_gmt":"2023-09-01T03:45:12","slug":"arq-joaquin-sanchez-hidalgo-bastidas","status":"publish","type":"post","link":"http:\/\/calli.digital\/revista\/index.php\/2023\/08\/31\/arq-joaquin-sanchez-hidalgo-bastidas\/","title":{"rendered":"Arq. Joaqu\u00edn S\u00e1nchez Hidalgo Bastidas"},"content":{"rendered":"<body>\n<div class=\"wp-block-media-text alignwide is-stacked-on-mobile\" style=\"grid-template-columns:15% auto\"><figure class=\"wp-block-media-text__media\"><img decoding=\"async\" width=\"216\" height=\"284\" src=\"http:\/\/calli.digital\/revista\/wp-content\/uploads\/2023\/08\/image023.jpg\" alt=\"\" class=\"wp-image-3295 size-thumbnail\" loading=\"lazy\"><\/figure><div class=\"wp-block-media-text__content\">\n<p>Naci\u00f3 en Mazatl\u00e1n, Sinaloa en 1920.<br>Estudi\u00f3 en el IPN de 1941 a 1944.<br>Profesor de Composici\u00f3n Arquitect\u00f3nica en la ESIA- IPN<br>Presidente de la Sociedad de Arquitectos del IPN, SAIPN<br>Vicepresidente del CAM-SAM<br>Proyecto Y Construcci\u00f3n de Hospitales, Oficinas, Vivienda Unifamiliar y Multifamiliar, principalmente.<br>Escribe el libro \u201cLa Instituci\u00f3n Polit\u00e9cnica\u201d Trazos y Mitos de una Utop\u00eda. A\u00f1o 2000<\/p>\n<\/div><\/div>\n\n\n\n<p>Estudiante de las primeras generaciones de la carrera de arquitectura en el IPN, se integr\u00f3 con las concepciones profesionales del maestro Juan O\u00b4Gorman, quien profesional e intelectualmente se transform\u00f3 en la base de la formaci\u00f3n de estas generaciones, con un horizonte formado por las teor\u00edas y obras de Le Corbusier y el Bauhaus, principalmente.<\/p>\n\n\n\n<p>Su trabajo profesional, que aqu\u00ed presentamos, se desarroll\u00f3 de una manera semejante a como aconteci\u00f3 con su generaci\u00f3n, as\u00ed como a ocurri\u00f3 con las dem\u00e1s generaciones de los estudiantes de arquitectura de la ESIA, del Instituto Polit\u00e9cnico Nacional.<\/p>\n\n\n\n<p>Podemos decir que fueron factores fundamentales en este desarrollo profesional:<\/p>\n\n\n\n<p>Una formaci\u00f3n funcionalista, basada en los conceptos se\u00f1alados por la arquitectura moderna, principalmente en la obra de Le Corbusier, ligada al conocimiento cr\u00edtico de lo que suced\u00eda en M\u00e9xico y el mundo, recibida de j\u00f3venes arquitectos universitarios, encabezados por el Maestro Juan O\u00b4Gorman, que permiti\u00f3 conocer y aplicar el mayor desarrollo tecnol\u00f3gico y entender el manejo del espacio sin concepciones formales, o de acuerdo con \u00f3rdenes y valores preconcebidos. \u00a0<\/p>\n\n\n\n<p>En la ESIA se produc\u00eda una integraci\u00f3n natural del aprendizaje arquitect\u00f3nico, y por lo tanto de su lenguaje, relacionado directamente con la arquitectura moderna que se desarrollaba en el mundo, con una especial vinculaci\u00f3n con sus principios, objetivos y metas.<\/p>\n\n\n\n<p>La relaci\u00f3n de su ense\u00f1anza con conceptos sociales, donde predomin\u00f3 la b\u00fasqueda de una arquitectura para las mayor\u00edas, en un pa\u00eds donde, en ese tiempo, se hab\u00edan producido grandes cambios, entre ellos la b\u00fasqueda de una modernizaci\u00f3n acelerada de sus principales rasgos socio econ\u00f3micos, con un enorme d\u00e9ficit de espacios. Esto acontec\u00eda aun cuando la estructura econ\u00f3mica y social, fuera primitiva.<\/p>\n\n\n\n<p>El conocimiento de los aspectos fisicomatem\u00e1ticos ligados a la edificaci\u00f3n, as\u00ed como sobre los materiales fueron definitivos. Entre los maestros que m\u00e1s influyeron en la formaci\u00f3n profesional del arquitecto S\u00e1nchez Hidalgo, se encuentran: el Maestro Juan O\u2019Gorman, Ra\u00fal Cacho y Carlos Rousseau.<\/p>\n\n\n\n<p>En lo profesional, fue con el arquitecto Enrique Y\u00e1\u00f1ez de la Fuente, con quien aprendi\u00f3 en base al trabajo de campo. Con \u00e9l colabor\u00f3 al egresar de la Escuela y labor\u00f3 durante los seis a\u00f1os que dur\u00f3 la construcci\u00f3n del Hospital de Zona N\u00famero 1 del IMSS, \u201cLa Raza\u201d, para despu\u00e9s realizar en forma individual diferentes proyectos.<\/p>\n\n\n\n<p>El arquitecto nos dice:<\/p>\n\n\n\n<p>Por tradici\u00f3n, me considero parte del amplio gremio de constructores, Maestros de Obra, Alarifes, Masones, Aparejadores, M\u00e1steres Builderer\u2026<\/p>\n\n\n\n<p>Mi conocimiento de la edificaci\u00f3n se sustenta en las ciencias fisicomatem\u00e1ticas, aplicadas a los sistemas estructurales y constructivos, materiales usados en las edificaciones y en forma paralela y complementaria en las instalaciones electromec\u00e1nicas, hidrosanitarias y de equipamiento integral.<\/p>\n\n\n\n<p>Nuestra coexistencia en las metr\u00f3polis nos obliga a participar en sociedades adelantadas basadas en respetar y ampliar el espacio urbano y su ordenamiento, parte intuitiva y social de mi acendrada individualidad y cooperaci\u00f3n ciudadana.<\/p>\n\n\n\n<p>El proceso de imaginar, expresar y edificar el espacio necesario y recomendable a la existencia humana forma parte de mis m\u00e1s altas aspiraciones\u201d.<\/p>\n\n\n\n<p><strong>PRINCIPALES OBRAS REALIZADAS<\/strong><\/p>\n\n\n\n<p><strong>UNIDADES MEDICAS<\/strong><strong><\/strong><\/p>\n\n\n\n<ul class=\"wp-block-list\">\n<li>Hospital de Especialidades en el CMN.<\/li>\n\n\n\n<li>Hospital General en Culiac\u00e1n Sinaloa.<\/li>\n\n\n\n<li>Hospital en Coatzacoalcos, Veracruz.<\/li>\n<\/ul>\n\n\n\n<p><\/p>\n\n\n\n<h5 class=\"wp-block-heading\"><strong>VIVIENDA MULTIFAMILIAR<\/strong><strong><\/strong><\/h5>\n\n\n\n<ul class=\"wp-block-list\">\n<li>Conjunto Colombia<\/li>\n\n\n\n<li>Colonia de los Doctores<\/li>\n\n\n\n<li>Mazatl\u00e1n<\/li>\n\n\n\n<li>Conjuntos Balbuena 1, 2 y 3<\/li>\n<\/ul>\n\n\n\n<p><strong>OTROS GENEROS DE EDIFICIOS<\/strong><strong><\/strong><\/p>\n\n\n\n<ul class=\"wp-block-list\">\n<li>Casas y edificios de Vivienda<\/li>\n\n\n\n<li>Edificios comerciales<\/li>\n<\/ul>\n<\/body>","protected":false},"excerpt":{"rendered":"<p>Naci\u00f3 en Mazatl\u00e1n, Sinaloa en 1920.Estudi\u00f3 en el IPN de 1941 a 1944.Profesor de Composici\u00f3n Arquitect\u00f3nica en la ESIA- IPNPresidente<\/p>\n","protected":false},"author":47,"featured_media":0,"comment_status":"open","ping_status":"open","sticky":false,"template":"","format":"standard","meta":{"colormag_page_container_layout":"no_sidebar_full_width","colormag_page_sidebar_layout":"no_sidebar","om_disable_all_campaigns":false,"_monsterinsights_skip_tracking":false,"_monsterinsights_sitenote_active":false,"_monsterinsights_sitenote_note":"","_monsterinsights_sitenote_category":0,"footnotes":""},"categories":[52,25],"tags":[],"class_list":["post-3415","post","type-post","status-publish","format-standard","hentry","category-joaquin-sanchez-hidalgo-bastidas","category-monografias"],"_links":{"self":[{"href":"http:\/\/calli.digital\/revista\/index.php\/wp-json\/wp\/v2\/posts\/3415","targetHints":{"allow":["GET"]}}],"collection":[{"href":"http:\/\/calli.digital\/revista\/index.php\/wp-json\/wp\/v2\/posts"}],"about":[{"href":"http:\/\/calli.digital\/revista\/index.php\/wp-json\/wp\/v2\/types\/post"}],"author":[{"embeddable":true,"href":"http:\/\/calli.digital\/revista\/index.php\/wp-json\/wp\/v2\/users\/47"}],"replies":[{"embeddable":true,"href":"http:\/\/calli.digital\/revista\/index.php\/wp-json\/wp\/v2\/comments?post=3415"}],"version-history":[{"count":2,"href":"http:\/\/calli.digital\/revista\/index.php\/wp-json\/wp\/v2\/posts\/3415\/revisions"}],"predecessor-version":[{"id":3417,"href":"http:\/\/calli.digital\/revista\/index.php\/wp-json\/wp\/v2\/posts\/3415\/revisions\/3417"}],"wp:attachment":[{"href":"http:\/\/calli.digital\/revista\/index.php\/wp-json\/wp\/v2\/media?parent=3415"}],"wp:term":[{"taxonomy":"category","embeddable":true,"href":"http:\/\/calli.digital\/revista\/index.php\/wp-json\/wp\/v2\/categories?post=3415"},{"taxonomy":"post_tag","embeddable":true,"href":"http:\/\/calli.digital\/revista\/index.php\/wp-json\/wp\/v2\/tags?post=3415"}],"curies":[{"name":"wp","href":"https:\/\/api.w.org\/{rel}","templated":true}]}}