{"id":3418,"date":"2023-08-31T22:46:23","date_gmt":"2023-09-01T03:46:23","guid":{"rendered":"https:\/\/calli.digital\/revista\/?p=3418"},"modified":"2023-08-31T22:46:59","modified_gmt":"2023-09-01T03:46:59","slug":"semblanza-del-arquitecto-joaquin-sanchez-hidalgo-bastidas","status":"publish","type":"post","link":"http:\/\/calli.digital\/revista\/index.php\/2023\/08\/31\/semblanza-del-arquitecto-joaquin-sanchez-hidalgo-bastidas\/","title":{"rendered":"Semblanza del arquitecto Joaqu\u00edn S\u00e1nchez Hidalgo Bastidas"},"content":{"rendered":"<body>\n<div class=\"wp-block-media-text alignwide is-stacked-on-mobile\" style=\"grid-template-columns:15% auto\"><figure class=\"wp-block-media-text__media\"><img decoding=\"async\" width=\"750\" height=\"915\" src=\"http:\/\/calli.digital\/revista\/wp-content\/uploads\/2023\/08\/image024.png\" alt=\"\" class=\"wp-image-3296 size-thumbnail\" loading=\"lazy\" srcset=\"http:\/\/calli.digital\/revista\/wp-content\/uploads\/2023\/08\/image024.png 750w, http:\/\/calli.digital\/revista\/wp-content\/uploads\/2023\/08\/image024-246x300.png 246w\" sizes=\"auto, (max-width: 750px) 100vw, 750px\" \/><\/figure><div class=\"wp-block-media-text__content\">\n<p>Joaqu\u00edn S\u00e1nchez Hidalgo Bastidas, naci\u00f3 en 1920 en el puerto de Mazatl\u00e1n, dentro de una familia sinaloense. Hijo de un <a>connotado<\/a> constructor (Palacio Municipal, entre sus obras) pas\u00f3 en el puerto su primera infancia, cuando en \u00e9l solo hab\u00eda dos autom\u00f3viles.<\/p>\n\n\n\n<p>La familia migr\u00f3 a la ciudad de M\u00e9xico. El objetivo, para su madre do\u00f1a Mar\u00eda fue que sus cuatro hijos estudiaran una carrera; lo que se logr\u00f3, ya que dos de ellos fueron egresados de la UNAM: Gabriel de Arquitectura y Gloria de Derecho, y dos del IPN: Octavio de Ingenier\u00eda El\u00e9ctrica y Joaqu\u00edn de Arquitectura.<\/p>\n<\/div><\/div>\n\n\n\n<p>En la primaria \u201cFlorencio M. del Castillo\u201d, perdi\u00f3 un a\u00f1o, ya que, en complicidad con la bibliotecaria, la pas\u00f3 viajando entre los relatos de Salgari, Julio Verne, Mark Twain, Marco Polo, Alejandro Dumas, Louisa May Alcott y algunos otros; por su gran afici\u00f3n por la lectura.<\/p>\n\n\n\n<p>Alguna vez, su amigo Alfredo Mota, se\u00f1al\u00f3 que Don Joaqu\u00edn era una persona muy culta; en su extensa biblioteca se pod\u00edan encontrar libros de Arquitectura, Historia, Geograf\u00eda, Filosof\u00eda, Arqueolog\u00eda, Religiones, Arte, Pol\u00edtica, Educaci\u00f3n; as\u00ed como novelas, poes\u00eda, biograf\u00edas, libros sobre museos; programas de diversas escuelas de Arquitectura, ponencias de Congresos, rese\u00f1as de una gran variedad de pa\u00edses y de los mundiales de futbol.<\/p>\n\n\n\n<p>Mi hermana Eugenia, al pedirle ayuda para resolver una tarea, cuando no exist\u00eda el internet, necesitaba dedicar tiempo, con paciencia y atenci\u00f3n, pues si se trataba de un problema num\u00e9rico, sal\u00eda la famosa regla de c\u00e1lculo, as\u00ed como papel para hacer sus croquis y los afilados e inolvidables l\u00e1pices azules. Si la duda era de Historia, aparec\u00eda el enorme y Atlas, o alguno que escog\u00eda del tema. Porque nos dec\u00eda: \u201cNo puedes saber Historia sin conocer la Geograf\u00eda\u201d.<\/p>\n\n\n\n<p>En 1941, ingres\u00f3 a la reci\u00e9n creada Escuela Superior de Ingenier\u00eda y Arquitectura (1938) del IPN, segunda escuela de Arquitectura en M\u00e9xico. Fue fundada originalmente como Escuela T\u00e9cnica de Constructores en 1922; transformada a Escuela Superior de Construcci\u00f3n en 1932, como parte de la \u201cEscuela Polit\u00e9cnica Nacional\u201d.<\/p>\n\n\n\n<p>Tuvo la fortuna de que sus maestros fueran Juan O\u00b4Gorman, Ra\u00fal Cacho, Fernando Beltr\u00e1n y Puga, Leonardo Noriega Stavoli, \u00c1lvaro Aburto entre otros; todos ellos participantes de la Uni\u00f3n de Arquitectos Socialistas, quienes le proporcionaron una ense\u00f1anza apegada al funcionalismo, lo que practic\u00f3 toda su vida.<\/p>\n\n\n\n<p>Aficionado a los deportes, practic\u00f3 f\u00fatbol, b\u00e1squetbol y volibol, llegando en alguna ocasi\u00f3n a enfrentar a su padre, que formaba parte del equipo de volibol de la YMCA y \u00e9l representando al Polit\u00e9cnico. Asistimos, en familia, a eventos de los II Juegos Panamericanos en 1955, de la XIX Olimpiada en 1968 y del Mundial de Futbol de 1970 y por supuesto en muchas ocasiones a los estadios: de la Ciudad de los Deportes, al Azteca y al Ol\u00edmpico de C.U.<\/p>\n\n\n\n<p>Al salir de la escuela, Don Enrique Y\u00e1\u00f1ez lo invit\u00f3 a colaborar en la realizaci\u00f3n del proyecto y obra del Hospital de la Raza. Fue ah\u00ed donde el joven S\u00e1nchez Hidalgo demostr\u00f3 su capacidad como arquitecto, al participar re proyectando escaleras y en eliminar todo un eje de columnas en el edificio principal. Con estas aportaciones se gan\u00f3 un lugar que poco a poco lleg\u00f3 a ser preponderante entre los colaboradores en la realizaci\u00f3n del Hospital de la Raza.<\/p>\n\n\n\n<p>Este proyecto marc\u00f3 a S\u00e1nchez Hidalgo para toda la vida, porque a partir de ese momento tuvo la oportunidad de proyectar una serie de edificios para el sector salud.<\/p>\n\n\n\n<p>Desde el inicio del proyecto del nuevo Centro M\u00e9dico de la Secretar\u00eda de Salubridad y Asistencial, S\u00e1nchez Hidalgo fue invitado por el arquitecto Enrique Y\u00e1\u00f1ez a ser el responsable del proyecto de su Hospital General. Cuando esta gran obra pas\u00f3 al Instituto Mexicano del Seguro Social (IMSS), como el Centro M\u00e9dico Nacional, nuevamente fue invitado a ser el responsable de continuar con el proyecto del Hospital General. Lo \u00fanico que ha perdurado de aquella \u00e9poca en el ahora llamado Centro M\u00e9dico Siglo XXI, son las Aulas que fueron cubiertas con elementos escult\u00f3ricos dedicados a la salud, realizados por el artista Jos\u00e9 Ch\u00e1vez Morado. Tambi\u00e9n realiz\u00f3 proyectos de unidades hospitalarias, en Culiac\u00e1n, Sin., Tapachula, Chis., Coatzacoalcos, Ver., entre otros.<\/p>\n\n\n\n<p>Otra faceta fue el proyecto y construcci\u00f3n de unidades multifamiliares. La primera en la calle de Colombia 96, junto al mercado Abelardo L. Rodr\u00edguez. La siguiente fue el Multifamiliar de la colonia Doctores, que se construy\u00f3 en lo que hab\u00eda sido un cementerio; siguieron dos Unidades Multifamiliares en la colonia Balbuena y concluyendo este ciclo, la Unidad Multifamiliar en el puerto de Mazatl\u00e1n.<\/p>\n\n\n\n<p>Tiempo despu\u00e9s realiz\u00f3 varios proyectos de prototipo, para la Unidad Ej\u00e9rcito de Oriente, DF, as\u00ed como para Puerto Pe\u00f1asco, Guaymas, Hermosillo y Obreg\u00f3n en Sonora, adem\u00e1s de Tierra Blanca, Ver., para el INDECO y una m\u00e1s para el Infonavit en Culiac\u00e1n, Sin.<\/p>\n\n\n\n<p>Realiz\u00f3 el proyecto de edificios de oficinas y comercios: en la colonia Doctores sobre Av. Ni\u00f1o Perdido; en Diagonal de Patriotismo; una remodelaci\u00f3n y restructuraci\u00f3n en Plaza de la Rep\u00fablica 30, as\u00ed como un edificio de oficinas para la CFE en Monterrey, N.L.<\/p>\n\n\n\n<p>S\u00e1nchez Hidalgo fue una persona interesada en la problem\u00e1tica social, econ\u00f3mica y pol\u00edtica del pa\u00eds. Desde joven, Joaqu\u00edn, conoci\u00f3 otras culturas. Realiz\u00f3 un viaje de pr\u00e1cticas como estudiante, por Estados Unidos, y posteriormente y casi siempre acompa\u00f1ado de su esposa, visit\u00f3 diversos lugares de nuestro pa\u00eds, as\u00ed c\u00f3modo de Norte, Centroam\u00e9rica, el Caribe y Europa, inclusive pa\u00edses detr\u00e1s de la entonces llamada \u201cCortina de Hierro\u201d, cuando no eran destinos tur\u00edsticos tan visitados. Adem\u00e1s de China Y Jap\u00f3n.<\/p>\n\n\n\n<p>Fue un hombre de ideas revolucionarias, pues naci\u00f3 y vivi\u00f3 en los primeros a\u00f1os del M\u00e9xico post revolucionario. Estudi\u00f3 en una escuela producto de la revoluci\u00f3n mexicana.<\/p>\n\n\n\n<p>Cuando el Instituto Polit\u00e9cnico Nacional celebr\u00f3 sus 25 a\u00f1os; aniversario, \u00e9l no estuvo de acuerdo con la fecha de su fundaci\u00f3n . Ante la nula informaci\u00f3n sobre la fundaci\u00f3n del Instituto y \u00fanicamente contando con sus vivencias, comenz\u00f3 una investigaci\u00f3n con las publicaciones a su alcance: en su biblioteca, en la documentaci\u00f3n del propio Polit\u00e9cnico, en la Hemeroteca Nacional, y a trav\u00e9s de los documentos que ten\u00edan sus amigos. El resultado de todo ello fue el libro:<\/p>\n\n\n\n<p>LA INSTITUCI\u00d3N POLITECNICA, TRAZOS Y MITOS. De 1961 a 2000, a\u00f1o de su publicaci\u00f3n, donde documenta el origen del polit\u00e9cnico en otra fecha.<\/p>\n\n\n\n<p>Joaqu\u00edn perteneci\u00f3 a una \u00e9poca en que no era com\u00fan traer una c\u00e1mara fotogr\u00e1fica como sucede ahora. Despu\u00e9s de la confusi\u00f3n de un fot\u00f3grafo, al retratar el edificio de \u201cInsurgentes 11 Sur\u201d, S\u00e1nchez Hidalgo, se aficion\u00f3 y comenz\u00f3 a fotografiar todas sus obras, a\u00fan si por la importancia de la obra interviniera un fot\u00f3grafo profesional, a quien le daba indicaciones por medio de las fotograf\u00edas que previamente ya hab\u00eda tomado; asimismo trasmit\u00eda sus vivencias de sus viajes, por medio de sus fotograf\u00edas y comentarios.<\/p>\n\n\n\n<p>Ya como arquitecto, junto con un grupo de egresados del Polit\u00e9cnico, fund\u00f3 la Sociedad Arquitectos del Instituto Polit\u00e9cnico Nacional en 1951, donde fue el 5\u00ba presidente, de 1960 a 1963. La SAIPN tuvo su primer domicilio en Av. Oaxaca N.\u00ba 23, 2\u00ba piso. Adem\u00e1s, fue Vicepresidente del Colegio Nacional de Arquitectos de M\u00e9xico de 1962 a 1964.<\/p>\n\n\n\n<p>En la d\u00e9cada de los cincuenta regres\u00f3 a su escuela a retribuir lo que le hab\u00edan ense\u00f1ado, impartiendo las materias de \u201cAn\u00e1lisis de Edificios\u201d y \u201cComposici\u00f3n Arquitect\u00f3nica\u201d.<\/p>\n\n\n\n<p>Perteneci\u00f3 a una generaci\u00f3n de arquitectos, del Instituto Polit\u00e9cnico Nacional muy prol\u00edfica. Si nos referimos a los participantes de la Exposici\u00f3n: 50 a\u00f1os de Arquitectura del IPN, que organiz\u00f3 la Arq. Teru Quevedo Seki cuando fue Presidente de la SAIPN, en 1991 en el Palacio de Bellas Artes, podemos se\u00f1alar a algunos de esa generaci\u00f3n como Reinaldo P\u00e9rez Ray\u00f3n, realizador de varias unidades del IPN; Manuel Teja y Juan Becerra, quienes efectuaron diversos productos de piezas prefabricadas, intercambiables y de f\u00e1cil manejo; proyectistas de obras arquitect\u00f3nicas donde fabricaron y dise\u00f1aron sistemas estructurales, mobiliario y equipo, Jaime Sevilla gran constructor y proyectista en el noroeste, Jorge Cuevas F\u00e9lix y Fernando Hern\u00e1ndez Serrano, quienes proyectaron y construyeron unas 15 Unidades Multifamiliares.<\/p>\n\n\n\n<p>A partir de 1966 poco a poco me fui integrando al despacho mi padre y particip\u00e9 en el proyecto y construcci\u00f3n de Multifamiliares, as\u00ed como en las casas habitaci\u00f3n y en edificios de oficinas.<\/p>\n<\/body>","protected":false},"excerpt":{"rendered":"<p>Joaqu\u00edn S\u00e1nchez Hidalgo Bastidas, naci\u00f3 en 1920 en el puerto de Mazatl\u00e1n, dentro de una familia sinaloense. Hijo de un<\/p>\n","protected":false},"author":48,"featured_media":0,"comment_status":"open","ping_status":"open","sticky":false,"template":"","format":"standard","meta":{"colormag_page_container_layout":"no_sidebar_full_width","colormag_page_sidebar_layout":"no_sidebar","om_disable_all_campaigns":false,"_monsterinsights_skip_tracking":false,"_monsterinsights_sitenote_active":false,"_monsterinsights_sitenote_note":"","_monsterinsights_sitenote_category":0,"footnotes":""},"categories":[52,25],"tags":[],"class_list":["post-3418","post","type-post","status-publish","format-standard","hentry","category-joaquin-sanchez-hidalgo-bastidas","category-monografias"],"_links":{"self":[{"href":"http:\/\/calli.digital\/revista\/index.php\/wp-json\/wp\/v2\/posts\/3418","targetHints":{"allow":["GET"]}}],"collection":[{"href":"http:\/\/calli.digital\/revista\/index.php\/wp-json\/wp\/v2\/posts"}],"about":[{"href":"http:\/\/calli.digital\/revista\/index.php\/wp-json\/wp\/v2\/types\/post"}],"author":[{"embeddable":true,"href":"http:\/\/calli.digital\/revista\/index.php\/wp-json\/wp\/v2\/users\/48"}],"replies":[{"embeddable":true,"href":"http:\/\/calli.digital\/revista\/index.php\/wp-json\/wp\/v2\/comments?post=3418"}],"version-history":[{"count":1,"href":"http:\/\/calli.digital\/revista\/index.php\/wp-json\/wp\/v2\/posts\/3418\/revisions"}],"predecessor-version":[{"id":3419,"href":"http:\/\/calli.digital\/revista\/index.php\/wp-json\/wp\/v2\/posts\/3418\/revisions\/3419"}],"wp:attachment":[{"href":"http:\/\/calli.digital\/revista\/index.php\/wp-json\/wp\/v2\/media?parent=3418"}],"wp:term":[{"taxonomy":"category","embeddable":true,"href":"http:\/\/calli.digital\/revista\/index.php\/wp-json\/wp\/v2\/categories?post=3418"},{"taxonomy":"post_tag","embeddable":true,"href":"http:\/\/calli.digital\/revista\/index.php\/wp-json\/wp\/v2\/tags?post=3418"}],"curies":[{"name":"wp","href":"https:\/\/api.w.org\/{rel}","templated":true}]}}