{"id":3420,"date":"2023-08-31T22:42:53","date_gmt":"2023-09-01T03:42:53","guid":{"rendered":"https:\/\/calli.digital\/revista\/?p=3420"},"modified":"2023-08-31T22:42:56","modified_gmt":"2023-09-01T03:42:56","slug":"las-obras-del-arquitecto-bernardo-gomez-pimienta","status":"publish","type":"post","link":"http:\/\/calli.digital\/revista\/index.php\/2023\/08\/31\/las-obras-del-arquitecto-bernardo-gomez-pimienta\/","title":{"rendered":"Las Obras del Arquitecto Joaqu\u00edn S\u00e1nchez Hidalgo"},"content":{"rendered":"<body>\n<hr class=\"wp-block-separator has-alpha-channel-opacity\">\n\n\n\n<p class=\"has-medium-font-size\">Hospital de Zona N\u00ba 1, La Raza, del IMSS.<\/p>\n\n\n\n<p>Arq. Enrique Y\u00e1\u00f1ez de la Fuente. 1952<\/p>\n\n\n\n<div class=\"wp-block-columns is-layout-flex wp-container-core-columns-is-layout-28f84493 wp-block-columns-is-layout-flex\">\n<div class=\"wp-block-column is-layout-flow wp-block-column-is-layout-flow\">\n<figure class=\"wp-block-image alignright size-full is-resized\"><img decoding=\"async\" src=\"http:\/\/calli.digital\/revista\/wp-content\/uploads\/2023\/08\/image025.jpg\" alt=\"\" class=\"wp-image-3297\" style=\"width:371px;height:205px\" width=\"371\" height=\"205\" loading=\"lazy\" srcset=\"http:\/\/calli.digital\/revista\/wp-content\/uploads\/2023\/08\/image025.jpg 302w, http:\/\/calli.digital\/revista\/wp-content\/uploads\/2023\/08\/image025-300x166.jpg 300w\" sizes=\"auto, (max-width: 371px) 100vw, 371px\" \/><\/figure>\n<\/div>\n\n\n\n<div class=\"wp-block-column is-layout-flow wp-block-column-is-layout-flow\">\n<p>Al egresar de la Escuela Superior de Ingenier\u00eda y Arquitectura del IPN, el arquitecto Joaqu\u00edn S\u00e1nchez Hidalgo, colabor\u00f3 intensamente con el arquitecto Enrique Y\u00e1\u00f1ez de la Fuente, creador del Hospital de la Raza; lo hizo, durante los seis a\u00f1os que dur\u00f3 su realizaci\u00f3n.<\/p>\n\n\n\n<p>Fue el primer gran hospital del IMSS, basado en la Escuela Mexicana de Arquitectura Nosocomial; todos los locales tienen iluminaci\u00f3n natural En 1952 esta unidad m\u00e9dica fue inaugurada como el primer Hospital de Especialidades del IMSS.<\/p>\n<\/div>\n<\/div>\n\n\n\n<div class=\"wp-block-columns is-layout-flex wp-container-core-columns-is-layout-28f84493 wp-block-columns-is-layout-flex\">\n<div class=\"wp-block-column is-layout-flow wp-block-column-is-layout-flow\">\n<figure class=\"wp-block-image alignright size-full is-resized\"><img decoding=\"async\" src=\"http:\/\/calli.digital\/revista\/wp-content\/uploads\/2023\/08\/image026.jpg\" alt=\"\" class=\"wp-image-3298\" style=\"width:528px;height:335px\" width=\"528\" height=\"335\" loading=\"lazy\"><figcaption class=\"wp-element-caption\"><em>Adem\u00e1s de su participaci\u00f3n en el desarrollo del proyecto, en el proceso constructivo fue fundamental, al mejorar el manejo de los espacios en las escaleras y participar en la adecuaci\u00f3n estructural de los diferentes cuerpos del hospital<\/em><br><em>\u00a0<\/em><\/figcaption><\/figure>\n<\/div>\n\n\n\n<div class=\"wp-block-column is-layout-flow wp-block-column-is-layout-flow\">\n<figure class=\"wp-block-image alignleft size-full is-resized\"><img decoding=\"async\" src=\"http:\/\/calli.digital\/revista\/wp-content\/uploads\/2023\/08\/image027.jpg\" alt=\"\" class=\"wp-image-3299\" style=\"width:432px;height:335px\" width=\"432\" height=\"335\" loading=\"lazy\"><\/figure>\n<\/div>\n<\/div>\n\n\n\n<div class=\"wp-block-columns is-layout-flex wp-container-core-columns-is-layout-28f84493 wp-block-columns-is-layout-flex\">\n<div class=\"wp-block-column is-layout-flow wp-block-column-is-layout-flow\">\n<figure class=\"wp-block-image size-full is-resized\"><img decoding=\"async\" src=\"http:\/\/calli.digital\/revista\/wp-content\/uploads\/2023\/08\/image028.jpg\" alt=\"\" class=\"wp-image-3300\" style=\"width:345px;height:398px\" width=\"345\" height=\"398\" loading=\"lazy\"><figcaption class=\"wp-element-caption\"><em>Planta general inicial. Se trabaj\u00f3 para lograr la iluminaci\u00f3n natural de todos sus lecales y para facilitar el apoyo a las centrales de enfermeras. En su remodelaci\u00f3n se han fortalecido los servicios, para hacerlo un hospital de alta especialidad: Planta de Conjunto remodelada<\/em><\/figcaption><\/figure>\n<\/div>\n\n\n\n<div class=\"wp-block-column is-layout-flow wp-block-column-is-layout-flow\">\n<figure class=\"wp-block-image size-large is-resized\"><img decoding=\"async\" src=\"http:\/\/calli.digital\/revista\/wp-content\/uploads\/2023\/08\/image029-1024x768.png\" alt=\"\" class=\"wp-image-3301\" style=\"width:536px;height:402px\" width=\"536\" height=\"402\" loading=\"lazy\" srcset=\"http:\/\/calli.digital\/revista\/wp-content\/uploads\/2023\/08\/image029-1024x768.png 1024w, http:\/\/calli.digital\/revista\/wp-content\/uploads\/2023\/08\/image029-300x225.png 300w, http:\/\/calli.digital\/revista\/wp-content\/uploads\/2023\/08\/image029-768x576.png 768w, http:\/\/calli.digital\/revista\/wp-content\/uploads\/2023\/08\/image029-1536x1152.png 1536w, http:\/\/calli.digital\/revista\/wp-content\/uploads\/2023\/08\/image029-2048x1536.png 2048w\" sizes=\"auto, (max-width: 536px) 100vw, 536px\" \/><\/figure>\n<\/div>\n<\/div>\n\n\n\n<p>El Hospital de Alta especialidad est\u00e1 formado por cuerpos destinados a distintas especialidades, las que, permanentemente han ido fortaleciendo su estructura de atenci\u00f3n, en base al desarrollo de la propia Instituci\u00f3n. El Hospital, contaba inicialmente ce 800 camas. En \u00e9l se prestan los tres grandes servicios de la medicina: Preventiva, Curativa y de Rehabilitaci\u00f3n; adem\u00e1s de contar con una estructura que permite la mejor utilizaci\u00f3n de las tres funciones de una unidad m\u00e9dica, que son la Atenci\u00f3n M\u00e9dica, Ense\u00f1anza e Investigaci\u00f3n.<\/p>\n\n\n\n<figure class=\"wp-block-image size-full is-resized\"><img decoding=\"async\" src=\"http:\/\/calli.digital\/revista\/wp-content\/uploads\/2023\/08\/image030.jpg\" alt=\"\" class=\"wp-image-3302\" style=\"width:600px;height:328px\" width=\"600\" height=\"328\" loading=\"lazy\" srcset=\"http:\/\/calli.digital\/revista\/wp-content\/uploads\/2023\/08\/image030.jpg 320w, http:\/\/calli.digital\/revista\/wp-content\/uploads\/2023\/08\/image030-300x164.jpg 300w\" sizes=\"auto, (max-width: 600px) 100vw, 600px\" \/><\/figure>\n\n\n\n<div class=\"wp-block-columns is-layout-flex wp-container-core-columns-is-layout-28f84493 wp-block-columns-is-layout-flex\">\n<div class=\"wp-block-column is-layout-flow wp-block-column-is-layout-flow\">\n<figure class=\"wp-block-image alignright size-full is-resized\"><img decoding=\"async\" src=\"http:\/\/calli.digital\/revista\/wp-content\/uploads\/2023\/08\/image031.jpg\" alt=\"\" class=\"wp-image-3303\" style=\"width:378px;height:293px\" width=\"378\" height=\"293\" loading=\"lazy\" srcset=\"http:\/\/calli.digital\/revista\/wp-content\/uploads\/2023\/08\/image031.jpg 449w, http:\/\/calli.digital\/revista\/wp-content\/uploads\/2023\/08\/image031-300x233.jpg 300w\" sizes=\"auto, (max-width: 378px) 100vw, 378px\" \/><\/figure>\n<\/div>\n\n\n\n<div class=\"wp-block-column is-layout-flow wp-block-column-is-layout-flow\">\n<figure class=\"wp-block-image alignleft size-full is-resized\"><img decoding=\"async\" src=\"http:\/\/calli.digital\/revista\/wp-content\/uploads\/2023\/08\/image026.jpg\" alt=\"\" class=\"wp-image-3298\" style=\"width:455px;height:289px\" width=\"455\" height=\"289\" loading=\"lazy\"><\/figure>\n<\/div>\n<\/div>\n\n\n\n<p class=\"has-text-align-center\">Los servicios m\u00e9dicos desarrollados en el pa\u00eds por medio de una estructura nacional de atenci\u00f3n m\u00e9dica, tuvo como parte sustancial al Centro M\u00e9dico Nacional y al Hospital General de la Raza, que fueron complementados con ocho Hospitales de alta Especialidad, distribuidos en toda la rep\u00fablica.<\/p>\n\n\n\n<figure class=\"wp-block-image size-full\"><img decoding=\"async\" width=\"387\" height=\"258\" src=\"http:\/\/calli.digital\/revista\/wp-content\/uploads\/2023\/08\/image032.jpg\" alt=\"\" class=\"wp-image-3304\" style=\"object-fit:cover\" loading=\"lazy\" srcset=\"http:\/\/calli.digital\/revista\/wp-content\/uploads\/2023\/08\/image032.jpg 387w, http:\/\/calli.digital\/revista\/wp-content\/uploads\/2023\/08\/image032-300x200.jpg 300w\" sizes=\"auto, (max-width: 387px) 100vw, 387px\" \/><figcaption class=\"wp-element-caption\"><em>Por una Seguridad Social para todos los Mexicanos. David Alfaro Siqueiros<\/em><\/figcaption><\/figure>\n\n\n\n<div class=\"wp-block-columns is-layout-flex wp-container-core-columns-is-layout-28f84493 wp-block-columns-is-layout-flex\">\n<div class=\"wp-block-column is-layout-flow wp-block-column-is-layout-flow\">\n<figure class=\"wp-block-image alignright size-full is-resized\"><img decoding=\"async\" src=\"https:\/\/calli.digital\/revista\/wp-content\/uploads\/2023\/08\/image033.jpg\" alt=\"\" class=\"wp-image-3305\" style=\"object-fit:cover;width:412px;height:257px\" width=\"412\" height=\"257\" loading=\"lazy\" srcset=\"http:\/\/calli.digital\/revista\/wp-content\/uploads\/2023\/08\/image033.jpg 615w, http:\/\/calli.digital\/revista\/wp-content\/uploads\/2023\/08\/image033-300x187.jpg 300w\" sizes=\"auto, (max-width: 412px) 100vw, 412px\" \/><\/figure>\n<\/div>\n\n\n\n<div class=\"wp-block-column is-layout-flow wp-block-column-is-layout-flow\">\n<figure class=\"wp-block-image alignleft size-full\"><img decoding=\"async\" width=\"387\" height=\"258\" src=\"http:\/\/calli.digital\/revista\/wp-content\/uploads\/2023\/08\/image032.jpg\" alt=\"\" class=\"wp-image-3304\" style=\"object-fit:cover\" loading=\"lazy\" srcset=\"http:\/\/calli.digital\/revista\/wp-content\/uploads\/2023\/08\/image032.jpg 387w, http:\/\/calli.digital\/revista\/wp-content\/uploads\/2023\/08\/image032-300x200.jpg 300w\" sizes=\"auto, (max-width: 387px) 100vw, 387px\" \/><\/figure>\n<\/div>\n<\/div>\n\n\n\n<figure class=\"wp-block-image aligncenter size-full\"><img decoding=\"async\" width=\"560\" height=\"357\" src=\"http:\/\/calli.digital\/revista\/wp-content\/uploads\/2023\/08\/image035.jpg\" alt=\"\" class=\"wp-image-3307\" style=\"object-fit:cover\" loading=\"lazy\" srcset=\"http:\/\/calli.digital\/revista\/wp-content\/uploads\/2023\/08\/image035.jpg 560w, http:\/\/calli.digital\/revista\/wp-content\/uploads\/2023\/08\/image035-300x191.jpg 300w\" sizes=\"auto, (max-width: 560px) 100vw, 560px\" \/><figcaption class=\"wp-element-caption\"><em>En su acceso principal del Hospital de la Raza se encuentra el mura: El pueblo en demanda de salud, de Diego Rivera; Integra la medicina tradicional de M\u00e9xico, con los nuevos avances y tecnolog\u00edas de la medicina moderna.<\/em><\/figcaption><\/figure>\n\n\n\n<figure class=\"wp-block-image size-large is-resized\"><img decoding=\"async\" src=\"http:\/\/calli.digital\/revista\/wp-content\/uploads\/2023\/08\/image036-e1693522128476-1024x602.png\" alt=\"\" class=\"wp-image-3308\" style=\"width:762px;height:448px\" width=\"762\" height=\"448\" loading=\"lazy\" srcset=\"http:\/\/calli.digital\/revista\/wp-content\/uploads\/2023\/08\/image036-e1693522128476-1024x602.png 1024w, http:\/\/calli.digital\/revista\/wp-content\/uploads\/2023\/08\/image036-e1693522128476-300x177.png 300w, http:\/\/calli.digital\/revista\/wp-content\/uploads\/2023\/08\/image036-e1693522128476-768x452.png 768w, http:\/\/calli.digital\/revista\/wp-content\/uploads\/2023\/08\/image036-e1693522128476-1536x904.png 1536w, http:\/\/calli.digital\/revista\/wp-content\/uploads\/2023\/08\/image036-e1693522128476-2048x1205.png 2048w\" sizes=\"auto, (max-width: 762px) 100vw, 762px\" \/><figcaption class=\"wp-element-caption\"><em>El Hospital de la Raza visto desde Av. Insurgentes, hasta la salida a Pachuca<\/em><\/figcaption><\/figure>\n\n\n\n<p>El Nosocomio cuenta con dos grandes murales; de David Alfaro Siqueiros, con su concepto del movimiento en el arte y cancela visualmente una esquina. Y Diego Rivera lo realiza desde un aspecto hist\u00f3rico, presentando los sistemas m\u00e9dicos de los pueblos prehisp\u00e1nicos y la pr\u00e1ctica m\u00e9dica actual, con sus avances sociales y m\u00e9dicos.<\/p>\n\n\n\n<div style=\"height:20px\" aria-hidden=\"true\" class=\"wp-block-spacer\"><\/div>\n\n\n\n<p class=\"has-medium-font-size\"><strong>Hospital General del Centro M\u00e9dico Nacional del IMSS <\/strong><\/p>\n\n\n\n<figure class=\"wp-block-image size-full is-resized\"><img decoding=\"async\" src=\"http:\/\/calli.digital\/revista\/wp-content\/uploads\/2023\/08\/image037.jpg\" alt=\"\" class=\"wp-image-3309\" style=\"width:663px;height:509px\" width=\"663\" height=\"509\" loading=\"lazy\" srcset=\"http:\/\/calli.digital\/revista\/wp-content\/uploads\/2023\/08\/image037.jpg 723w, http:\/\/calli.digital\/revista\/wp-content\/uploads\/2023\/08\/image037-300x230.jpg 300w\" sizes=\"auto, (max-width: 663px) 100vw, 663px\" \/><figcaption class=\"wp-element-caption\"><em>El terreno donde se construy\u00f3 el Centro M\u00e9dico Nacional. Aparece solo el Hospital General de la SSA, construido en 1905. Fotograf\u00eda de 1928.<\/em><\/figcaption><\/figure>\n\n\n\n<figure class=\"wp-block-image size-full is-resized\"><img decoding=\"async\" src=\"http:\/\/calli.digital\/revista\/wp-content\/uploads\/2023\/08\/image038.jpg\" alt=\"\" class=\"wp-image-3310\" style=\"width:659px;height:482px\" width=\"659\" height=\"482\" loading=\"lazy\" srcset=\"http:\/\/calli.digital\/revista\/wp-content\/uploads\/2023\/08\/image038.jpg 578w, http:\/\/calli.digital\/revista\/wp-content\/uploads\/2023\/08\/image038-300x220.jpg 300w\" sizes=\"auto, (max-width: 659px) 100vw, 659px\" \/><figcaption class=\"wp-element-caption\"><em>El cuerpo principal de Hospitalizaci\u00f3n, teniendo al frente las Aulas, dise\u00f1adas y calculadas por S\u00e1nchez Hidalgo, que sobrevivieron al terremoto.<\/em><\/figcaption><\/figure>\n\n\n\n<p>Al decidir ampliar el Hospital General de la Secretar\u00eda de Salubridad de 1905, se plante\u00f3 hacerlo en el terreno adjunto. En la foto de 1928, adem\u00e1s del Hospital General, aparece el Estadio Nacional, bald\u00edos de la Colonia Roma, el pante\u00f3n Frances y el parque Delta.<\/p>\n\n\n\n<p>Por su alto costo se debi\u00f3 suspender la obra, iniciada pero inconclusa, y se le vendi\u00f3 al IMSS. As\u00ed se realiz\u00f3 el Centro M\u00e9dico Nacional del IMSS, en base a los es\u00adtudios para su desarrollo realizados por el Arq. Enrique Y\u00e1\u00f1ez con la colabo\u00adraci\u00f3n de los arquitectos: Enrique Guerrero Larra\u00ad\u00f1aga y Joaqu\u00edn S\u00e1n\u00adchez Hidalgo, a partir de 1959.<\/p>\n\n\n\n<p>El programa final fue efectuado posteriormente por un equipo encabezado por los Arquitectos Alejandro Prieto y Jos\u00e9 Mar\u00eda Guti\u00e9rrez<\/p>\n\n\n\n<div class=\"wp-block-columns is-layout-flex wp-container-core-columns-is-layout-28f84493 wp-block-columns-is-layout-flex\">\n<div class=\"wp-block-column is-layout-flow wp-block-column-is-layout-flow\">\n<figure class=\"wp-block-image alignright size-full\"><img decoding=\"async\" width=\"292\" height=\"153\" src=\"http:\/\/calli.digital\/revista\/wp-content\/uploads\/2023\/08\/image039-e1693522472379.jpg\" alt=\"\" class=\"wp-image-3311\" style=\"object-fit:cover\" loading=\"lazy\"><figcaption class=\"wp-element-caption\"><em>Su construcci\u00f3n<\/em><\/figcaption><\/figure>\n<\/div>\n\n\n\n<div class=\"wp-block-column is-layout-flow wp-block-column-is-layout-flow\">\n<figure class=\"wp-block-image alignleft size-medium\"><img decoding=\"async\" width=\"300\" height=\"226\" src=\"https:\/\/calli.digital\/revista\/wp-content\/uploads\/2023\/08\/image040-300x226.jpg\" alt=\"\" class=\"wp-image-3312\" style=\"object-fit:cover\" loading=\"lazy\" srcset=\"http:\/\/calli.digital\/revista\/wp-content\/uploads\/2023\/08\/image040-300x226.jpg 300w, http:\/\/calli.digital\/revista\/wp-content\/uploads\/2023\/08\/image040.jpg 550w\" sizes=\"auto, (max-width: 300px) 100vw, 300px\" \/><figcaption class=\"wp-element-caption\"><em>Vista posterior<\/em><\/figcaption><\/figure>\n<\/div>\n<\/div>\n\n\n\n<div class=\"wp-block-columns is-layout-flex wp-container-core-columns-is-layout-28f84493 wp-block-columns-is-layout-flex\">\n<div class=\"wp-block-column is-layout-flow wp-block-column-is-layout-flow\">\n<figure class=\"wp-block-image alignright size-full\"><img decoding=\"async\" width=\"957\" height=\"632\" src=\"http:\/\/calli.digital\/revista\/wp-content\/uploads\/2023\/08\/image041.jpg\" alt=\"\" class=\"wp-image-3313\" style=\"object-fit:cover\" loading=\"lazy\" srcset=\"http:\/\/calli.digital\/revista\/wp-content\/uploads\/2023\/08\/image041.jpg 957w, http:\/\/calli.digital\/revista\/wp-content\/uploads\/2023\/08\/image041-300x198.jpg 300w, http:\/\/calli.digital\/revista\/wp-content\/uploads\/2023\/08\/image041-768x507.jpg 768w\" sizes=\"auto, (max-width: 957px) 100vw, 957px\" \/><\/figure>\n<\/div>\n\n\n\n<div class=\"wp-block-column is-layout-flow wp-block-column-is-layout-flow\">\n<figure class=\"wp-block-image alignleft size-full\"><img decoding=\"async\" width=\"482\" height=\"320\" src=\"http:\/\/calli.digital\/revista\/wp-content\/uploads\/2023\/08\/image042-e1693522653893.jpg\" alt=\"\" class=\"wp-image-3314\" loading=\"lazy\" srcset=\"http:\/\/calli.digital\/revista\/wp-content\/uploads\/2023\/08\/image042-e1693522653893.jpg 482w, http:\/\/calli.digital\/revista\/wp-content\/uploads\/2023\/08\/image042-e1693522653893-300x199.jpg 300w\" sizes=\"auto, (max-width: 482px) 100vw, 482px\" \/><figcaption class=\"wp-element-caption\"><em>Las Aulas fueron dise\u00f1o de S\u00e1nchez Hidalgo; los murales de Jos\u00e9 Chavez Morado<\/em><\/figcaption><\/figure>\n<\/div>\n<\/div>\n\n\n\n<div class=\"wp-block-columns is-layout-flex wp-container-core-columns-is-layout-28f84493 wp-block-columns-is-layout-flex\">\n<div class=\"wp-block-column is-layout-flow wp-block-column-is-layout-flow\">\n<figure class=\"wp-block-image alignright size-full\"><img decoding=\"async\" width=\"298\" height=\"169\" src=\"http:\/\/calli.digital\/revista\/wp-content\/uploads\/2023\/08\/image043.jpg\" alt=\"\" class=\"wp-image-3315\" style=\"object-fit:cover\" loading=\"lazy\"><\/figure>\n\n\n\n<figure class=\"wp-block-image alignright size-full\"><img decoding=\"async\" width=\"826\" height=\"760\" src=\"http:\/\/calli.digital\/revista\/wp-content\/uploads\/2023\/08\/image045.jpg\" alt=\"\" class=\"wp-image-3317\" loading=\"lazy\" srcset=\"http:\/\/calli.digital\/revista\/wp-content\/uploads\/2023\/08\/image045.jpg 826w, http:\/\/calli.digital\/revista\/wp-content\/uploads\/2023\/08\/image045-300x276.jpg 300w, http:\/\/calli.digital\/revista\/wp-content\/uploads\/2023\/08\/image045-768x707.jpg 768w\" sizes=\"auto, (max-width: 826px) 100vw, 826px\" \/><\/figure>\n<\/div>\n\n\n\n<div class=\"wp-block-column is-layout-flow wp-block-column-is-layout-flow\">\n<figure class=\"wp-block-image size-full\"><img decoding=\"async\" width=\"539\" height=\"335\" src=\"http:\/\/calli.digital\/revista\/wp-content\/uploads\/2023\/08\/image044-e1693522794677.jpg\" alt=\"\" class=\"wp-image-3316\" style=\"object-fit:cover\" loading=\"lazy\" srcset=\"http:\/\/calli.digital\/revista\/wp-content\/uploads\/2023\/08\/image044-e1693522794677.jpg 539w, http:\/\/calli.digital\/revista\/wp-content\/uploads\/2023\/08\/image044-e1693522794677-300x186.jpg 300w\" sizes=\"auto, (max-width: 539px) 100vw, 539px\" \/><\/figure>\n\n\n\n<figure class=\"wp-block-image size-full\"><img decoding=\"async\" width=\"645\" height=\"422\" src=\"http:\/\/calli.digital\/revista\/wp-content\/uploads\/2023\/08\/image046-e1693522901764.jpg\" alt=\"\" class=\"wp-image-3318\" loading=\"lazy\" srcset=\"http:\/\/calli.digital\/revista\/wp-content\/uploads\/2023\/08\/image046-e1693522901764.jpg 645w, http:\/\/calli.digital\/revista\/wp-content\/uploads\/2023\/08\/image046-e1693522901764-300x196.jpg 300w\" sizes=\"auto, (max-width: 645px) 100vw, 645px\" \/><\/figure>\n<\/div>\n<\/div>\n\n\n\n<div class=\"wp-block-columns is-layout-flex wp-container-core-columns-is-layout-28f84493 wp-block-columns-is-layout-flex\">\n<div class=\"wp-block-column is-layout-flow wp-block-column-is-layout-flow\">\n<figure class=\"wp-block-image alignright size-full\"><img decoding=\"async\" width=\"259\" height=\"194\" src=\"http:\/\/calli.digital\/revista\/wp-content\/uploads\/2023\/08\/image047.jpg\" alt=\"\" class=\"wp-image-3319\" style=\"object-fit:cover\" loading=\"lazy\"><\/figure>\n<\/div>\n\n\n\n<div class=\"wp-block-column is-layout-flow wp-block-column-is-layout-flow\">\n<figure class=\"wp-block-image size-full\"><img decoding=\"async\" width=\"246\" height=\"290\" src=\"http:\/\/calli.digital\/revista\/wp-content\/uploads\/2023\/08\/image048.jpg\" alt=\"\" class=\"wp-image-3320\" loading=\"lazy\"><\/figure>\n<\/div>\n\n\n\n<div class=\"wp-block-column is-layout-flow wp-block-column-is-layout-flow\">\n<figure class=\"wp-block-image alignleft size-full is-resized\"><img decoding=\"async\" src=\"http:\/\/calli.digital\/revista\/wp-content\/uploads\/2023\/08\/image049.jpg\" alt=\"\" class=\"wp-image-3321\" style=\"width:379px;height:287px\" width=\"379\" height=\"287\" loading=\"lazy\" srcset=\"http:\/\/calli.digital\/revista\/wp-content\/uploads\/2023\/08\/image049.jpg 372w, http:\/\/calli.digital\/revista\/wp-content\/uploads\/2023\/08\/image049-300x227.jpg 300w\" sizes=\"auto, (max-width: 379px) 100vw, 379px\" \/><\/figure>\n<\/div>\n<\/div>\n\n\n\n<div style=\"height:20px\" aria-hidden=\"true\" class=\"wp-block-spacer\"><\/div>\n\n\n\n<p class=\"has-medium-font-size\"><strong>EL CENTRO MEDICO NACIONAL 1964-1985<\/strong><\/p>\n\n\n\n<div class=\"wp-block-columns is-layout-flex wp-container-core-columns-is-layout-28f84493 wp-block-columns-is-layout-flex\">\n<div class=\"wp-block-column is-layout-flow wp-block-column-is-layout-flow\">\n<figure class=\"wp-block-image alignright size-large\"><img decoding=\"async\" width=\"1024\" height=\"711\" src=\"http:\/\/calli.digital\/revista\/wp-content\/uploads\/2023\/08\/image050-1024x711.jpg\" alt=\"\" class=\"wp-image-3322\" style=\"object-fit:cover\" loading=\"lazy\" srcset=\"http:\/\/calli.digital\/revista\/wp-content\/uploads\/2023\/08\/image050-1024x711.jpg 1024w, http:\/\/calli.digital\/revista\/wp-content\/uploads\/2023\/08\/image050-300x208.jpg 300w, http:\/\/calli.digital\/revista\/wp-content\/uploads\/2023\/08\/image050-768x533.jpg 768w, http:\/\/calli.digital\/revista\/wp-content\/uploads\/2023\/08\/image050-392x272.jpg 392w, http:\/\/calli.digital\/revista\/wp-content\/uploads\/2023\/08\/image050-130x90.jpg 130w, http:\/\/calli.digital\/revista\/wp-content\/uploads\/2023\/08\/image050.jpg 1210w\" sizes=\"auto, (max-width: 1024px) 100vw, 1024px\" \/><\/figure>\n<\/div>\n\n\n\n<div class=\"wp-block-column is-layout-flow wp-block-column-is-layout-flow\">\n<figure class=\"wp-block-image aligncenter size-full\"><img decoding=\"async\" width=\"275\" height=\"183\" src=\"http:\/\/calli.digital\/revista\/wp-content\/uploads\/2023\/08\/image051.jpg\" alt=\"\" class=\"wp-image-3323\" style=\"object-fit:cover\" loading=\"lazy\"><\/figure>\n<\/div>\n\n\n\n<div class=\"wp-block-column is-layout-flow wp-block-column-is-layout-flow\">\n<figure class=\"wp-block-image alignleft size-full is-resized\"><img decoding=\"async\" src=\"http:\/\/calli.digital\/revista\/wp-content\/uploads\/2023\/08\/image052.jpg\" alt=\"\" class=\"wp-image-3324\" style=\"width:285px;height:250px\" width=\"285\" height=\"250\" loading=\"lazy\" srcset=\"http:\/\/calli.digital\/revista\/wp-content\/uploads\/2023\/08\/image052.jpg 317w, http:\/\/calli.digital\/revista\/wp-content\/uploads\/2023\/08\/image052-300x263.jpg 300w\" sizes=\"auto, (max-width: 285px) 100vw, 285px\" \/><figcaption class=\"wp-element-caption\"><em>Planta de Conjunto<\/em><\/figcaption><\/figure>\n<\/div>\n<\/div>\n\n\n\n<div class=\"wp-block-columns is-layout-flex wp-container-core-columns-is-layout-28f84493 wp-block-columns-is-layout-flex\">\n<div class=\"wp-block-column is-layout-flow wp-block-column-is-layout-flow\">\n<figure class=\"wp-block-image alignright size-full\"><img decoding=\"async\" width=\"750\" height=\"578\" src=\"http:\/\/calli.digital\/revista\/wp-content\/uploads\/2023\/08\/image053.jpg\" alt=\"\" class=\"wp-image-3325\" style=\"object-fit:cover\" loading=\"lazy\" srcset=\"http:\/\/calli.digital\/revista\/wp-content\/uploads\/2023\/08\/image053.jpg 750w, http:\/\/calli.digital\/revista\/wp-content\/uploads\/2023\/08\/image053-300x231.jpg 300w\" sizes=\"auto, (max-width: 750px) 100vw, 750px\" \/><figcaption class=\"wp-element-caption\"><em>Plaza Interior; al frente, las Aulas. en la parte<\/em><\/figcaption><\/figure>\n<\/div>\n\n\n\n<div class=\"wp-block-column is-layout-flow wp-block-column-is-layout-flow\">\n<figure class=\"wp-block-image alignleft size-full\"><img decoding=\"async\" width=\"500\" height=\"352\" src=\"http:\/\/calli.digital\/revista\/wp-content\/uploads\/2023\/08\/image054.png\" alt=\"\" class=\"wp-image-3326\" loading=\"lazy\" srcset=\"http:\/\/calli.digital\/revista\/wp-content\/uploads\/2023\/08\/image054.png 500w, http:\/\/calli.digital\/revista\/wp-content\/uploads\/2023\/08\/image054-300x211.png 300w\" sizes=\"auto, (max-width: 500px) 100vw, 500px\" \/><figcaption class=\"wp-element-caption\"><em>superior: Miradores de Quir\u00f3fanos<\/em><\/figcaption><\/figure>\n<\/div>\n<\/div>\n\n\n\n<div class=\"wp-block-columns is-layout-flex wp-container-core-columns-is-layout-28f84493 wp-block-columns-is-layout-flex\">\n<div class=\"wp-block-column is-layout-flow wp-block-column-is-layout-flow\">\n<figure class=\"wp-block-image alignright size-full\"><img decoding=\"async\" width=\"615\" height=\"384\" src=\"http:\/\/calli.digital\/revista\/wp-content\/uploads\/2023\/08\/image055.jpg\" alt=\"\" class=\"wp-image-3327\" loading=\"lazy\" srcset=\"http:\/\/calli.digital\/revista\/wp-content\/uploads\/2023\/08\/image055.jpg 615w, http:\/\/calli.digital\/revista\/wp-content\/uploads\/2023\/08\/image055-300x187.jpg 300w\" sizes=\"auto, (max-width: 615px) 100vw, 615px\" \/><figcaption class=\"wp-element-caption\"><em>Las Aulas, a\u00fan subsisten<\/em><\/figcaption><\/figure>\n<\/div>\n\n\n\n<div class=\"wp-block-column is-layout-flow wp-block-column-is-layout-flow\">\n<figure class=\"wp-block-image alignleft size-large\"><img decoding=\"async\" width=\"1024\" height=\"724\" src=\"http:\/\/calli.digital\/revista\/wp-content\/uploads\/2023\/08\/image056-1024x724.png\" alt=\"\" class=\"wp-image-3328\" style=\"object-fit:cover\" loading=\"lazy\" srcset=\"http:\/\/calli.digital\/revista\/wp-content\/uploads\/2023\/08\/image056-1024x724.png 1024w, http:\/\/calli.digital\/revista\/wp-content\/uploads\/2023\/08\/image056-300x212.png 300w, http:\/\/calli.digital\/revista\/wp-content\/uploads\/2023\/08\/image056-768x543.png 768w, http:\/\/calli.digital\/revista\/wp-content\/uploads\/2023\/08\/image056-1536x1086.png 1536w, http:\/\/calli.digital\/revista\/wp-content\/uploads\/2023\/08\/image056-2048x1448.png 2048w\" sizes=\"auto, (max-width: 1024px) 100vw, 1024px\" \/><figcaption class=\"wp-element-caption\"><em>El Centro M\u00e9dico Siglo XXI, hoy\u00a0 <\/em>\u00a0<\/figcaption><\/figure>\n<\/div>\n<\/div>\n\n\n\n<div style=\"height:20px\" aria-hidden=\"true\" class=\"wp-block-spacer\"><\/div>\n\n\n\n<p class=\"has-medium-font-size\"><strong>Cl\u00ednica Hospital y Medicina Familiar en<\/strong> <strong>Culiac\u00e1n, Sinaloa 1964<\/strong><\/p>\n\n\n\n<figure class=\"wp-block-image aligncenter size-full\"><img decoding=\"async\" width=\"577\" height=\"290\" src=\"http:\/\/calli.digital\/revista\/wp-content\/uploads\/2023\/08\/image057.jpg\" alt=\"\" class=\"wp-image-3329\" loading=\"lazy\" srcset=\"http:\/\/calli.digital\/revista\/wp-content\/uploads\/2023\/08\/image057.jpg 577w, http:\/\/calli.digital\/revista\/wp-content\/uploads\/2023\/08\/image057-300x151.jpg 300w\" sizes=\"auto, (max-width: 577px) 100vw, 577px\" \/><figcaption class=\"wp-element-caption\">Se aprecia a la izquierda la Consulta Externa; al fondo la torre hospitalaria; y7 a la derecha, ls Servicios Administrativos Regionales<\/figcaption><\/figure>\n\n\n\n<p>El Centro Hospitalario y de Servicios Administrativos y Sociales del IMSS en Culiac\u00e1n, Sinaloa, es un conjunto que concentra funciones regionales en los servicios m\u00e9dicos, estatales en lo administrativo, y locales, para lo social.<\/p>\n\n\n\n<p>La Cl\u00ednica Hospital consta de 5 niveles para la hospitalizaci\u00f3n, caracterizada por sus defensas solares; y la Cl\u00ednica, en dos plantas, que son extendidas por su relaci\u00f3n directa con la poblaci\u00f3n.<\/p>\n\n\n\n<p>En su acceso se localiza el edificio de las Oficinas Administrativas, caracterizado por su libertad de composici\u00f3n.<\/p>\n\n\n\n<p>Complementa el conjunto, del Centro de Seguridad Social en la parte posterior del terreno, con un espacio abierto, con la funci\u00f3n de plaza, que les da la unidad a los espacios de los edificios, integrando el teatro al conjunto. Se complementa el proyecto con los cuerpos de servicios electromec\u00e1nicos, de almac\u00e9n y de vigilancia.<\/p>\n\n\n\n<div class=\"wp-block-columns is-layout-flex wp-container-core-columns-is-layout-28f84493 wp-block-columns-is-layout-flex\">\n<div class=\"wp-block-column is-layout-flow wp-block-column-is-layout-flow\">\n<figure class=\"wp-block-image alignright size-full\"><img decoding=\"async\" width=\"732\" height=\"525\" src=\"http:\/\/calli.digital\/revista\/wp-content\/uploads\/2023\/08\/image058.jpg\" alt=\"\" class=\"wp-image-3330\" loading=\"lazy\" srcset=\"http:\/\/calli.digital\/revista\/wp-content\/uploads\/2023\/08\/image058.jpg 732w, http:\/\/calli.digital\/revista\/wp-content\/uploads\/2023\/08\/image058-300x215.jpg 300w\" sizes=\"auto, (max-width: 732px) 100vw, 732px\" \/><figcaption class=\"wp-element-caption\"><em>Planta de Conjunto<\/em><\/figcaption><\/figure>\n<\/div>\n\n\n\n<div class=\"wp-block-column is-layout-flow wp-block-column-is-layout-flow\">\n<figure class=\"wp-block-image alignleft size-full\"><img decoding=\"async\" width=\"327\" height=\"142\" src=\"http:\/\/calli.digital\/revista\/wp-content\/uploads\/2023\/08\/image059-e1693523652358.jpg\" alt=\"\" class=\"wp-image-3331\" style=\"object-fit:cover\" loading=\"lazy\" srcset=\"http:\/\/calli.digital\/revista\/wp-content\/uploads\/2023\/08\/image059-e1693523652358.jpg 327w, http:\/\/calli.digital\/revista\/wp-content\/uploads\/2023\/08\/image059-e1693523652358-300x130.jpg 300w\" sizes=\"auto, (max-width: 327px) 100vw, 327px\" \/><\/figure>\n\n\n\n<figure class=\"wp-block-image alignleft size-full\"><img decoding=\"async\" src=\"http:\/\/calli.digital\/revista\/wp-content\/uploads\/2023\/08\/image060.png\" alt=\"\" class=\"wp-image-3332\" loading=\"lazy\"><\/figure>\n<\/div>\n<\/div>\n\n\n\n<div class=\"wp-block-columns is-layout-flex wp-container-core-columns-is-layout-28f84493 wp-block-columns-is-layout-flex\">\n<div class=\"wp-block-column is-layout-flow wp-block-column-is-layout-flow\">\n<figure class=\"wp-block-image alignright size-full\"><img decoding=\"async\" width=\"550\" height=\"338\" src=\"http:\/\/calli.digital\/revista\/wp-content\/uploads\/2023\/08\/image061.jpg\" alt=\"\" class=\"wp-image-3333\" loading=\"lazy\" srcset=\"http:\/\/calli.digital\/revista\/wp-content\/uploads\/2023\/08\/image061.jpg 550w, http:\/\/calli.digital\/revista\/wp-content\/uploads\/2023\/08\/image061-300x184.jpg 300w\" sizes=\"auto, (max-width: 550px) 100vw, 550px\" \/><figcaption class=\"wp-element-caption\"><em>La protecci\u00f3n solar en las ditintas edificaciones fue fundamental<\/em><\/figcaption><\/figure>\n<\/div>\n\n\n\n<div class=\"wp-block-column is-layout-flow wp-block-column-is-layout-flow\">\n<figure class=\"wp-block-image aligncenter size-full\"><img decoding=\"async\" width=\"435\" height=\"270\" src=\"http:\/\/calli.digital\/revista\/wp-content\/uploads\/2023\/08\/image062.jpg\" alt=\"\" class=\"wp-image-3334\" loading=\"lazy\" srcset=\"http:\/\/calli.digital\/revista\/wp-content\/uploads\/2023\/08\/image062.jpg 435w, http:\/\/calli.digital\/revista\/wp-content\/uploads\/2023\/08\/image062-300x186.jpg 300w\" sizes=\"auto, (max-width: 435px) 100vw, 435px\" \/><\/figure>\n<\/div>\n\n\n\n<div class=\"wp-block-column is-layout-flow wp-block-column-is-layout-flow\">\n<figure class=\"wp-block-image alignleft size-full is-resized\"><img decoding=\"async\" src=\"http:\/\/calli.digital\/revista\/wp-content\/uploads\/2023\/08\/image063.jpg\" alt=\"\" class=\"wp-image-3335\" style=\"width:291px;height:226px\" width=\"291\" height=\"226\" loading=\"lazy\" srcset=\"http:\/\/calli.digital\/revista\/wp-content\/uploads\/2023\/08\/image063.jpg 517w, http:\/\/calli.digital\/revista\/wp-content\/uploads\/2023\/08\/image063-300x233.jpg 300w\" sizes=\"auto, (max-width: 291px) 100vw, 291px\" \/><figcaption class=\"wp-element-caption\">\u00a0<em>La concepci\u00f3n de una Seguridad Social Integral produjo unidades que cuentan con los servicios de medicina general, de especialidades, as\u00ed como los servicios administrativos y sociales, como son los Centros de Seguridad Social, Cultural y Deportiva<\/em><\/figcaption><\/figure>\n<\/div>\n<\/div>\n\n\n\n<div class=\"wp-block-columns is-layout-flex wp-container-core-columns-is-layout-28f84493 wp-block-columns-is-layout-flex\">\n<div class=\"wp-block-column is-layout-flow wp-block-column-is-layout-flow\">\n<figure class=\"wp-block-image alignright size-full is-resized\"><img decoding=\"async\" src=\"http:\/\/calli.digital\/revista\/wp-content\/uploads\/2023\/08\/image065.jpg\" alt=\"\" class=\"wp-image-3337\" style=\"width:438px;height:297px\" width=\"438\" height=\"297\" loading=\"lazy\" srcset=\"http:\/\/calli.digital\/revista\/wp-content\/uploads\/2023\/08\/image065.jpg 320w, http:\/\/calli.digital\/revista\/wp-content\/uploads\/2023\/08\/image065-300x203.jpg 300w\" sizes=\"auto, (max-width: 438px) 100vw, 438px\" \/><\/figure>\n<\/div>\n\n\n\n<div class=\"wp-block-column is-layout-flow wp-block-column-is-layout-flow\">\n<figure class=\"wp-block-image alignleft size-full is-resized\"><img decoding=\"async\" src=\"http:\/\/calli.digital\/revista\/wp-content\/uploads\/2023\/08\/image064.jpg\" alt=\"\" class=\"wp-image-3336\" style=\"width:436px;height:294px\" width=\"436\" height=\"294\" loading=\"lazy\" srcset=\"http:\/\/calli.digital\/revista\/wp-content\/uploads\/2023\/08\/image064.jpg 320w, http:\/\/calli.digital\/revista\/wp-content\/uploads\/2023\/08\/image064-300x203.jpg 300w\" sizes=\"auto, (max-width: 436px) 100vw, 436px\" \/><\/figure>\n<\/div>\n<\/div>\n\n\n\n<div style=\"height:20px\" aria-hidden=\"true\" class=\"wp-block-spacer\"><\/div>\n\n\n\n<p class=\"has-medium-font-size\"><strong>Cl\u00ednica Hospital General en Tapachula, Chiapas. 1966<\/strong><\/p>\n\n\n\n<figure class=\"wp-block-image size-full\"><img decoding=\"async\" width=\"549\" height=\"337\" src=\"http:\/\/calli.digital\/revista\/wp-content\/uploads\/2023\/08\/image066-e1693524904926.jpg\" alt=\"\" class=\"wp-image-3338\" loading=\"lazy\" srcset=\"http:\/\/calli.digital\/revista\/wp-content\/uploads\/2023\/08\/image066-e1693524904926.jpg 549w, http:\/\/calli.digital\/revista\/wp-content\/uploads\/2023\/08\/image066-e1693524904926-300x184.jpg 300w\" sizes=\"auto, (max-width: 549px) 100vw, 549px\" \/><figcaption class=\"wp-element-caption\"><em>Acceso Principal.\u00a0\u00a0\u00a0\u00a0\u00a0\u00a0\u00a0\u00a0\u00a0\u00a0\u00a0\u00a0\u00a0\u00a0\u00a0\u00a0\u00a0\u00a0\u00a0\u00a0\u00a0\u00a0\u00a0\u00a0\u00a0\u00a0\u00a0\u00a0<\/em><\/figcaption><\/figure>\n\n\n\n<div class=\"wp-block-columns is-layout-flex wp-container-core-columns-is-layout-28f84493 wp-block-columns-is-layout-flex\">\n<div class=\"wp-block-column is-layout-flow wp-block-column-is-layout-flow\">\n<figure class=\"wp-block-image alignright size-medium\"><img decoding=\"async\" width=\"262\" height=\"300\" src=\"https:\/\/calli.digital\/revista\/wp-content\/uploads\/2023\/08\/image067-e1693525067771-262x300.jpg\" alt=\"\" class=\"wp-image-3339\" loading=\"lazy\" srcset=\"http:\/\/calli.digital\/revista\/wp-content\/uploads\/2023\/08\/image067-e1693525067771-262x300.jpg 262w, http:\/\/calli.digital\/revista\/wp-content\/uploads\/2023\/08\/image067-e1693525067771.jpg 563w\" sizes=\"auto, (max-width: 262px) 100vw, 262px\" \/><figcaption class=\"wp-element-caption\"><em>Plantas arquitectonicas. Primer Cuerpo: Oficinas\u00a0delegacionales y segundo y tercero, el Hosoital General<\/em><\/figcaption><\/figure>\n<\/div>\n\n\n\n<div class=\"wp-block-column is-layout-flow wp-block-column-is-layout-flow\">\n<figure class=\"wp-block-image alignleft size-medium\"><img decoding=\"async\" width=\"253\" height=\"300\" src=\"https:\/\/calli.digital\/revista\/wp-content\/uploads\/2023\/08\/image068-253x300.jpg\" alt=\"\" class=\"wp-image-3340\" loading=\"lazy\" srcset=\"http:\/\/calli.digital\/revista\/wp-content\/uploads\/2023\/08\/image068-253x300.jpg 253w, http:\/\/calli.digital\/revista\/wp-content\/uploads\/2023\/08\/image068.jpg 486w\" sizes=\"auto, (max-width: 253px) 100vw, 253px\" \/><\/figure>\n\n\n\n<p><\/p>\n<\/div>\n<\/div>\n\n\n\n<p>La obra se compone de tres cuerpos principales, uno destinado a las oficinas de la delegaci\u00f3n en el lugar y los otros dos constituyen la unidad hospitalaria.<\/p>\n\n\n\n<div class=\"wp-block-columns is-layout-flex wp-container-core-columns-is-layout-28f84493 wp-block-columns-is-layout-flex\">\n<div class=\"wp-block-column is-layout-flow wp-block-column-is-layout-flow\">\n<figure class=\"wp-block-image alignright size-full\"><img decoding=\"async\" width=\"944\" height=\"745\" src=\"http:\/\/calli.digital\/revista\/wp-content\/uploads\/2023\/08\/image070.jpg\" alt=\"\" class=\"wp-image-3342\" style=\"object-fit:cover\" loading=\"lazy\" srcset=\"http:\/\/calli.digital\/revista\/wp-content\/uploads\/2023\/08\/image070.jpg 944w, http:\/\/calli.digital\/revista\/wp-content\/uploads\/2023\/08\/image070-300x237.jpg 300w, http:\/\/calli.digital\/revista\/wp-content\/uploads\/2023\/08\/image070-768x606.jpg 768w\" sizes=\"auto, (max-width: 944px) 100vw, 944px\" \/><\/figure>\n<\/div>\n\n\n\n<div class=\"wp-block-column is-layout-flow wp-block-column-is-layout-flow\">\n<figure class=\"wp-block-image alignleft size-full\"><img decoding=\"async\" width=\"710\" height=\"514\" src=\"http:\/\/calli.digital\/revista\/wp-content\/uploads\/2023\/08\/image071.jpg\" alt=\"\" class=\"wp-image-3343\" loading=\"lazy\" srcset=\"http:\/\/calli.digital\/revista\/wp-content\/uploads\/2023\/08\/image071.jpg 710w, http:\/\/calli.digital\/revista\/wp-content\/uploads\/2023\/08\/image071-300x217.jpg 300w\" sizes=\"auto, (max-width: 710px) 100vw, 710px\" \/><figcaption class=\"wp-element-caption\"><em>Conjunto<\/em><\/figcaption><\/figure>\n<\/div>\n<\/div>\n\n\n\n<p>Las disposiciones de los locales, su dimensionamiento, las relaciones entre ellos, as\u00ed como las instalaciones con que est\u00e1n dotados, responden a los requerimientos de funcionamiento analizados por la Jefatura de Planeaci\u00f3n y Supervisi\u00f3n del IMSS.<\/p>\n\n\n\n<p>Las fachadas provistas de elementos de protecci\u00f3n contra el sol logran variedad y contraste<\/p>\n\n\n\n<figure class=\"wp-block-image size-full is-resized\"><img decoding=\"async\" src=\"http:\/\/calli.digital\/revista\/wp-content\/uploads\/2023\/08\/image072-e1693525449267.jpg\" alt=\"\" class=\"wp-image-3344\" style=\"width:683px;height:195px\" width=\"683\" height=\"195\" loading=\"lazy\" srcset=\"http:\/\/calli.digital\/revista\/wp-content\/uploads\/2023\/08\/image072-e1693525449267.jpg 511w, http:\/\/calli.digital\/revista\/wp-content\/uploads\/2023\/08\/image072-e1693525449267-300x86.jpg 300w\" sizes=\"auto, (max-width: 683px) 100vw, 683px\" \/><figcaption class=\"wp-element-caption\"><em>Vista de conjunto. y Acceso<\/em><\/figcaption><\/figure>\n\n\n\n<div class=\"wp-block-columns is-layout-flex wp-container-core-columns-is-layout-28f84493 wp-block-columns-is-layout-flex\">\n<div class=\"wp-block-column is-layout-flow wp-block-column-is-layout-flow\">\n<figure class=\"wp-block-image alignright size-full\"><img decoding=\"async\" width=\"296\" height=\"169\" src=\"http:\/\/calli.digital\/revista\/wp-content\/uploads\/2023\/08\/image073-e1693525523303.jpg\" alt=\"\" class=\"wp-image-3345\" style=\"object-fit:cover\" loading=\"lazy\"><\/figure>\n<\/div>\n\n\n\n<div class=\"wp-block-column is-layout-flow wp-block-column-is-layout-flow\">\n<figure class=\"wp-block-image alignleft size-full\"><img decoding=\"async\" width=\"511\" height=\"393\" src=\"http:\/\/calli.digital\/revista\/wp-content\/uploads\/2023\/08\/image074.jpg\" alt=\"\" class=\"wp-image-3346\" style=\"object-fit:cover\" loading=\"lazy\" srcset=\"http:\/\/calli.digital\/revista\/wp-content\/uploads\/2023\/08\/image074.jpg 511w, http:\/\/calli.digital\/revista\/wp-content\/uploads\/2023\/08\/image074-300x231.jpg 300w\" sizes=\"auto, (max-width: 511px) 100vw, 511px\" \/><\/figure>\n<\/div>\n<\/div>\n\n\n\n<div style=\"height:20px\" aria-hidden=\"true\" class=\"wp-block-spacer\"><\/div>\n\n\n\n<p class=\"has-medium-font-size\"><strong>Hospital General en Coatzacoalcos, Veracruz. 1964\u00a0\u00a0 A\u00f1o de inauguraci\u00f3n 1970<\/strong><\/p>\n\n\n\n<div class=\"wp-block-columns is-layout-flex wp-container-core-columns-is-layout-28f84493 wp-block-columns-is-layout-flex\">\n<div class=\"wp-block-column is-layout-flow wp-block-column-is-layout-flow\">\n<figure class=\"wp-block-image size-large\"><img decoding=\"async\" width=\"1024\" height=\"852\" src=\"http:\/\/calli.digital\/revista\/wp-content\/uploads\/2023\/08\/image075-1024x852.jpg\" alt=\"\" class=\"wp-image-3347\" loading=\"lazy\" srcset=\"http:\/\/calli.digital\/revista\/wp-content\/uploads\/2023\/08\/image075-1024x852.jpg 1024w, http:\/\/calli.digital\/revista\/wp-content\/uploads\/2023\/08\/image075-300x250.jpg 300w, http:\/\/calli.digital\/revista\/wp-content\/uploads\/2023\/08\/image075-768x639.jpg 768w, http:\/\/calli.digital\/revista\/wp-content\/uploads\/2023\/08\/image075-1536x1278.jpg 1536w\" sizes=\"auto, (max-width: 1024px) 100vw, 1024px\" \/><\/figure>\n\n\n\n<p>Una de las caracter\u00edsticas de este conjunto son las columnas inclinadas en las fachadas, independientes de los edificios<\/p>\n\n\n\n<p>Las fachadas est\u00e1n provistas de elementos para la protecci\u00f3n solar, propuesta que el arquitecto S\u00e1nchez Hidalgo repet\u00eda cada vez que era necesario por clima y la orientaci\u00f3n de los edificios.<\/p>\n<\/div>\n\n\n\n<div class=\"wp-block-column is-layout-flow wp-block-column-is-layout-flow\">\n<p>La obra se compone de 3 edificios, uno de consulta externa, otro con servicios generales y un tercero de hospitalizaci\u00f3n.<\/p>\n\n\n\n<p>El programa arquitect\u00f3nico sigui\u00f3 los lineamientos del Instituto Mexicano del Seguro Social.<\/p>\n\n\n\n<div class=\"wp-block-columns is-layout-flex wp-container-core-columns-is-layout-28f84493 wp-block-columns-is-layout-flex\">\n<div class=\"wp-block-column is-layout-flow wp-block-column-is-layout-flow\">\n<figure class=\"wp-block-image size-full\"><img decoding=\"async\" width=\"277\" height=\"185\" src=\"http:\/\/calli.digital\/revista\/wp-content\/uploads\/2023\/08\/image078.jpg\" alt=\"\" class=\"wp-image-3350\" loading=\"lazy\"><\/figure>\n\n\n\n<figure class=\"wp-block-image size-full is-resized\"><img decoding=\"async\" src=\"http:\/\/calli.digital\/revista\/wp-content\/uploads\/2023\/08\/image076.jpg\" alt=\"\" class=\"wp-image-3348\" style=\"width:266px;height:179px\" width=\"266\" height=\"179\" loading=\"lazy\"><\/figure>\n<\/div>\n\n\n\n<div class=\"wp-block-column is-layout-flow wp-block-column-is-layout-flow\">\n<figure class=\"wp-block-image size-full is-resized\"><img decoding=\"async\" src=\"http:\/\/calli.digital\/revista\/wp-content\/uploads\/2023\/08\/image077.jpg\" alt=\"\" class=\"wp-image-3349\" style=\"width:165px;height:247px\" width=\"165\" height=\"247\" loading=\"lazy\"><\/figure>\n<\/div>\n<\/div>\n<\/div>\n<\/div>\n\n\n\n<div class=\"wp-block-columns is-layout-flex wp-container-core-columns-is-layout-28f84493 wp-block-columns-is-layout-flex\">\n<div class=\"wp-block-column is-layout-flow wp-block-column-is-layout-flow\"><\/div>\n<\/div>\n\n\n\n<p class=\"has-large-font-size\"><strong>Vivienda Multifamiliar<\/strong><\/p>\n\n\n\n<p class=\"has-medium-font-size\"><strong>Multifamiliar Colombia<\/strong><\/p>\n\n\n\n<div class=\"wp-block-columns is-layout-flex wp-container-core-columns-is-layout-28f84493 wp-block-columns-is-layout-flex\">\n<div class=\"wp-block-column is-layout-flow wp-block-column-is-layout-flow\" style=\"flex-basis:33.33%\">\n<p>Ubicado en las calles de Colombia y Rodr\u00edguez Puebla a unos metros del mercado Abelardo L. Rodr\u00edguez del centro de la Ciudad de M\u00e9xico. Fue el primero de una serie de multifamiliares que proyect\u00f3 y tuvo a su cargo construir. \u00a0\u00a0\u00a0<\/p>\n\n\n\n<figure class=\"wp-block-image alignright size-large\"><img decoding=\"async\" width=\"1024\" height=\"969\" src=\"http:\/\/calli.digital\/revista\/wp-content\/uploads\/2023\/08\/image080-e1693526004363-1024x969.png\" alt=\"\" class=\"wp-image-3352\" loading=\"lazy\" srcset=\"http:\/\/calli.digital\/revista\/wp-content\/uploads\/2023\/08\/image080-e1693526004363-1024x969.png 1024w, http:\/\/calli.digital\/revista\/wp-content\/uploads\/2023\/08\/image080-e1693526004363-300x284.png 300w, http:\/\/calli.digital\/revista\/wp-content\/uploads\/2023\/08\/image080-e1693526004363-768x726.png 768w, http:\/\/calli.digital\/revista\/wp-content\/uploads\/2023\/08\/image080-e1693526004363-1536x1453.png 1536w, http:\/\/calli.digital\/revista\/wp-content\/uploads\/2023\/08\/image080-e1693526004363-2048x1937.png 2048w\" sizes=\"auto, (max-width: 1024px) 100vw, 1024px\" \/><\/figure>\n\n\n\n<figure class=\"wp-block-image alignright size-large\"><img decoding=\"async\" width=\"972\" height=\"1024\" src=\"http:\/\/calli.digital\/revista\/wp-content\/uploads\/2023\/08\/image081-e1693526162618-972x1024.png\" alt=\"\" class=\"wp-image-3353\" loading=\"lazy\" srcset=\"http:\/\/calli.digital\/revista\/wp-content\/uploads\/2023\/08\/image081-e1693526162618-972x1024.png 972w, http:\/\/calli.digital\/revista\/wp-content\/uploads\/2023\/08\/image081-e1693526162618-285x300.png 285w, http:\/\/calli.digital\/revista\/wp-content\/uploads\/2023\/08\/image081-e1693526162618-768x809.png 768w, http:\/\/calli.digital\/revista\/wp-content\/uploads\/2023\/08\/image081-e1693526162618-1458x1536.png 1458w, http:\/\/calli.digital\/revista\/wp-content\/uploads\/2023\/08\/image081-e1693526162618-1944x2048.png 1944w\" sizes=\"auto, (max-width: 972px) 100vw, 972px\" \/><\/figure>\n<\/div>\n\n\n\n<div class=\"wp-block-column is-layout-flow wp-block-column-is-layout-flow\" style=\"flex-basis:66.66%\">\n<figure class=\"wp-block-image size-full\"><img decoding=\"async\" width=\"574\" height=\"384\" src=\"http:\/\/calli.digital\/revista\/wp-content\/uploads\/2023\/08\/image079.jpg\" alt=\"\" class=\"wp-image-3351\" loading=\"lazy\" srcset=\"http:\/\/calli.digital\/revista\/wp-content\/uploads\/2023\/08\/image079.jpg 574w, http:\/\/calli.digital\/revista\/wp-content\/uploads\/2023\/08\/image079-300x201.jpg 300w\" sizes=\"auto, (max-width: 574px) 100vw, 574px\" \/><\/figure>\n\n\n\n<div class=\"wp-block-columns is-layout-flex wp-container-core-columns-is-layout-28f84493 wp-block-columns-is-layout-flex\">\n<div class=\"wp-block-column is-layout-flow wp-block-column-is-layout-flow\" style=\"flex-basis:66.66%\">\n<figure class=\"wp-block-image alignleft size-full\"><img decoding=\"async\" width=\"509\" height=\"574\" src=\"http:\/\/calli.digital\/revista\/wp-content\/uploads\/2023\/08\/image082.jpg\" alt=\"\" class=\"wp-image-3354\" loading=\"lazy\" srcset=\"http:\/\/calli.digital\/revista\/wp-content\/uploads\/2023\/08\/image082.jpg 509w, http:\/\/calli.digital\/revista\/wp-content\/uploads\/2023\/08\/image082-266x300.jpg 266w\" sizes=\"auto, (max-width: 509px) 100vw, 509px\" \/><\/figure>\n<\/div>\n\n\n\n<div class=\"wp-block-column is-layout-flow wp-block-column-is-layout-flow\" style=\"flex-basis:33.33%\">\n<p>En un terreno irregular se proyectan los tres edificios de 5 niveles con 73 viviendas, locales comerciales y estacionamientos a la calle en planta baja; el proyecto guarda un equilibrio entre las construcciones y los amplios espacios abiert<\/p>\n<\/div>\n<\/div>\n<\/div>\n<\/div>\n\n\n\n<div class=\"wp-block-columns is-layout-flex wp-container-core-columns-is-layout-28f84493 wp-block-columns-is-layout-flex\">\n<div class=\"wp-block-column is-layout-flow wp-block-column-is-layout-flow\" style=\"flex-basis:33.33%\">\n<figure class=\"wp-block-image size-full\"><img decoding=\"async\" width=\"245\" height=\"364\" src=\"http:\/\/calli.digital\/revista\/wp-content\/uploads\/2023\/08\/image083.jpg\" alt=\"\" class=\"wp-image-3355\" loading=\"lazy\" srcset=\"http:\/\/calli.digital\/revista\/wp-content\/uploads\/2023\/08\/image083.jpg 245w, http:\/\/calli.digital\/revista\/wp-content\/uploads\/2023\/08\/image083-202x300.jpg 202w\" sizes=\"auto, (max-width: 245px) 100vw, 245px\" \/><\/figure>\n<\/div>\n\n\n\n<div class=\"wp-block-column is-layout-flow wp-block-column-is-layout-flow\" style=\"flex-basis:66.66%\">\n<figure class=\"wp-block-image size-full\"><img decoding=\"async\" width=\"784\" height=\"301\" src=\"https:\/\/calli.digital\/revista\/wp-content\/uploads\/2023\/08\/image084-e1693526406617.jpg\" alt=\"\" class=\"wp-image-3356\" loading=\"lazy\" srcset=\"http:\/\/calli.digital\/revista\/wp-content\/uploads\/2023\/08\/image084-e1693526406617.jpg 784w, http:\/\/calli.digital\/revista\/wp-content\/uploads\/2023\/08\/image084-e1693526406617-300x115.jpg 300w, http:\/\/calli.digital\/revista\/wp-content\/uploads\/2023\/08\/image084-e1693526406617-768x295.jpg 768w\" sizes=\"auto, (max-width: 784px) 100vw, 784px\" \/><\/figure>\n<\/div>\n<\/div>\n\n\n\n<div style=\"height:20px\" aria-hidden=\"true\" class=\"wp-block-spacer\"><\/div>\n\n\n\n<p class=\"has-medium-font-size\"><strong>Multifamiliar Doctores<\/strong><\/p>\n\n\n\n<div class=\"wp-block-columns is-layout-flex wp-container-core-columns-is-layout-28f84493 wp-block-columns-is-layout-flex\">\n<div class=\"wp-block-column is-layout-flow wp-block-column-is-layout-flow\" style=\"flex-basis:33.33%\">\n<figure class=\"wp-block-image size-full\"><img decoding=\"async\" width=\"896\" height=\"742\" src=\"http:\/\/calli.digital\/revista\/wp-content\/uploads\/2023\/08\/image085.jpg\" alt=\"\" class=\"wp-image-3357\" loading=\"lazy\" srcset=\"http:\/\/calli.digital\/revista\/wp-content\/uploads\/2023\/08\/image085.jpg 896w, http:\/\/calli.digital\/revista\/wp-content\/uploads\/2023\/08\/image085-300x248.jpg 300w, http:\/\/calli.digital\/revista\/wp-content\/uploads\/2023\/08\/image085-768x636.jpg 768w\" sizes=\"auto, (max-width: 896px) 100vw, 896px\" \/><\/figure>\n<\/div>\n\n\n\n<div class=\"wp-block-column is-layout-flow wp-block-column-is-layout-flow\" style=\"flex-basis:66.66%\">\n<p>Conjunto construido en un terreno de 6,500 m\u00b2.\u00a0 donde se realizaron 258 viviendas, un jard\u00edn de ni\u00f1os y locales comerciales hacia los frentes que se integran con sus calles circundantes. Cada departamento cuenta con un balc\u00f3n, lo que les dan un ambiente muy agradable a los patios interiores; es notable el equilibrio que existe entre las construcciones y los espacios abiertos, en el edificio administrativo que est\u00e1 en el acceso al conjunto, existen un testimonio del muralismo mexicano, dos murales del pintor Jos\u00e9 Ch\u00e1vez Morado; el que da a la calle lo llam\u00f3 \u201cLa Patria\u201d y al patio interior nombr\u00f3 \u201cLos Juegos Infantiles\u201d.<\/p>\n\n\n\n<p>Al comentar con el pintor Jos\u00e9 Ch\u00e1vez Morado, este mencion\u00f3 que \u00e9l estaba muy agradecido con los arquitectos Enrique Y\u00e1\u00f1ez, Alejandro Prieto, Pedro Ram\u00edrez V\u00e1zquez, Joaqu\u00edn S\u00e1nchez Hidalgo, y con todos los arquitectos que hab\u00edan proyectado muros para realizar murales.<\/p>\n<\/div>\n<\/div>\n\n\n\n<div class=\"wp-block-columns is-layout-flex wp-container-core-columns-is-layout-28f84493 wp-block-columns-is-layout-flex\">\n<div class=\"wp-block-column is-layout-flow wp-block-column-is-layout-flow\">\n<figure class=\"wp-block-image alignright size-large\"><img decoding=\"async\" width=\"1024\" height=\"685\" src=\"http:\/\/calli.digital\/revista\/wp-content\/uploads\/2023\/08\/image086-1024x685.jpg\" alt=\"\" class=\"wp-image-3358\" style=\"object-fit:cover\" loading=\"lazy\" srcset=\"http:\/\/calli.digital\/revista\/wp-content\/uploads\/2023\/08\/image086-1024x685.jpg 1024w, http:\/\/calli.digital\/revista\/wp-content\/uploads\/2023\/08\/image086-300x201.jpg 300w, http:\/\/calli.digital\/revista\/wp-content\/uploads\/2023\/08\/image086-768x513.jpg 768w, http:\/\/calli.digital\/revista\/wp-content\/uploads\/2023\/08\/image086.jpg 1047w\" sizes=\"auto, (max-width: 1024px) 100vw, 1024px\" \/><\/figure>\n<\/div>\n\n\n\n<div class=\"wp-block-column is-layout-flow wp-block-column-is-layout-flow\">\n<figure class=\"wp-block-image alignleft size-full\"><img decoding=\"async\" width=\"465\" height=\"349\" src=\"https:\/\/calli.digital\/revista\/wp-content\/uploads\/2023\/08\/image087.jpg\" alt=\"\" class=\"wp-image-3359\" style=\"object-fit:cover\" loading=\"lazy\" srcset=\"http:\/\/calli.digital\/revista\/wp-content\/uploads\/2023\/08\/image087.jpg 465w, http:\/\/calli.digital\/revista\/wp-content\/uploads\/2023\/08\/image087-300x225.jpg 300w\" sizes=\"auto, (max-width: 465px) 100vw, 465px\" \/><\/figure>\n<\/div>\n<\/div>\n\n\n\n<div class=\"wp-block-columns is-layout-flex wp-container-core-columns-is-layout-28f84493 wp-block-columns-is-layout-flex\">\n<div class=\"wp-block-column is-layout-flow wp-block-column-is-layout-flow\">\n<figure class=\"wp-block-image alignright size-full\"><img decoding=\"async\" width=\"678\" height=\"487\" src=\"http:\/\/calli.digital\/revista\/wp-content\/uploads\/2023\/08\/image088.jpg\" alt=\"\" class=\"wp-image-3360\" loading=\"lazy\" srcset=\"http:\/\/calli.digital\/revista\/wp-content\/uploads\/2023\/08\/image088.jpg 678w, http:\/\/calli.digital\/revista\/wp-content\/uploads\/2023\/08\/image088-300x215.jpg 300w\" sizes=\"auto, (max-width: 678px) 100vw, 678px\" \/><\/figure>\n\n\n\n<figure class=\"wp-block-image alignright size-full\"><img decoding=\"async\" width=\"220\" height=\"229\" src=\"http:\/\/calli.digital\/revista\/wp-content\/uploads\/2023\/08\/image089.jpg\" alt=\"\" class=\"wp-image-3361\" style=\"object-fit:cover\" loading=\"lazy\"><\/figure>\n<\/div>\n\n\n\n<div class=\"wp-block-column is-layout-flow wp-block-column-is-layout-flow\">\n<figure class=\"wp-block-image aligncenter size-full\"><img decoding=\"async\" width=\"352\" height=\"497\" src=\"http:\/\/calli.digital\/revista\/wp-content\/uploads\/2023\/08\/image091.jpg\" alt=\"\" class=\"wp-image-3363\" style=\"object-fit:cover\" loading=\"lazy\" srcset=\"http:\/\/calli.digital\/revista\/wp-content\/uploads\/2023\/08\/image091.jpg 352w, http:\/\/calli.digital\/revista\/wp-content\/uploads\/2023\/08\/image091-212x300.jpg 212w\" sizes=\"auto, (max-width: 352px) 100vw, 352px\" \/><\/figure>\n<\/div>\n\n\n\n<div class=\"wp-block-column is-layout-flow wp-block-column-is-layout-flow\">\n<figure class=\"wp-block-image alignleft size-full\"><img decoding=\"async\" width=\"354\" height=\"526\" src=\"http:\/\/calli.digital\/revista\/wp-content\/uploads\/2023\/08\/image090.jpg\" alt=\"\" class=\"wp-image-3362\" style=\"object-fit:cover\" loading=\"lazy\" srcset=\"http:\/\/calli.digital\/revista\/wp-content\/uploads\/2023\/08\/image090.jpg 354w, http:\/\/calli.digital\/revista\/wp-content\/uploads\/2023\/08\/image090-202x300.jpg 202w\" sizes=\"auto, (max-width: 354px) 100vw, 354px\" \/><figcaption class=\"wp-element-caption\"><em>Jos\u00e9 Ch\u00e1vez Morado: Mural \u201cLa Patria<\/em>\u201d<\/figcaption><\/figure>\n<\/div>\n<\/div>\n\n\n\n<div style=\"height:20px\" aria-hidden=\"true\" class=\"wp-block-spacer\"><\/div>\n\n\n\n<p class=\"has-medium-font-size\"><strong>Multifamiliar Mazatl\u00e1n<\/strong><\/p>\n\n\n\n<div class=\"wp-block-columns is-layout-flex wp-container-core-columns-is-layout-28f84493 wp-block-columns-is-layout-flex\">\n<div class=\"wp-block-column is-layout-flow wp-block-column-is-layout-flow\" style=\"flex-basis:33.33%\">\n<figure class=\"wp-block-image alignright size-full\"><img decoding=\"async\" width=\"288\" height=\"389\" src=\"http:\/\/calli.digital\/revista\/wp-content\/uploads\/2023\/08\/image092.jpg\" alt=\"\" class=\"wp-image-3364\" loading=\"lazy\" srcset=\"http:\/\/calli.digital\/revista\/wp-content\/uploads\/2023\/08\/image092.jpg 288w, http:\/\/calli.digital\/revista\/wp-content\/uploads\/2023\/08\/image092-222x300.jpg 222w\" sizes=\"auto, (max-width: 288px) 100vw, 288px\" \/><\/figure>\n\n\n\n<figure class=\"wp-block-image alignright size-full\"><img decoding=\"async\" width=\"437\" height=\"181\" src=\"http:\/\/calli.digital\/revista\/wp-content\/uploads\/2023\/08\/image096-e1693527120844.jpg\" alt=\"\" class=\"wp-image-3368\" loading=\"lazy\" srcset=\"http:\/\/calli.digital\/revista\/wp-content\/uploads\/2023\/08\/image096-e1693527120844.jpg 437w, http:\/\/calli.digital\/revista\/wp-content\/uploads\/2023\/08\/image096-e1693527120844-300x124.jpg 300w\" sizes=\"auto, (max-width: 437px) 100vw, 437px\" \/><\/figure>\n\n\n\n<figure class=\"wp-block-image alignright size-full\"><img decoding=\"async\" width=\"292\" height=\"164\" src=\"http:\/\/calli.digital\/revista\/wp-content\/uploads\/2023\/08\/image097-e1693527326609.jpg\" alt=\"\" class=\"wp-image-3369\" loading=\"lazy\"><\/figure>\n<\/div>\n\n\n\n<div class=\"wp-block-column is-layout-flow wp-block-column-is-layout-flow\" style=\"flex-basis:66.66%\">\n<p>El Multifamiliar Mazatl\u00e1n se encuentra en una colina, lo que le ayuda a tener una mejor ventilaci\u00f3n de las viviendas, consta de 8 edificios de 3 niveles teniendo en total 80 viviendas, en el proyecto se busc\u00f3 que todos los espacios de la vivienda tuvieran una ventilaci\u00f3n cruzada y que contaran con un ba\u00f1o que pudiera utilizarse por m\u00e1s de un usuario al mismo tiempo, es importante destacar el equilibrio que se guarda entre los espacios abiertos y los edificios, algunos est\u00e1n porticados c\u00f3mo una extensi\u00f3n de las \u00e1reas abiertas, para poderse utilizar para reuniones sociales y para juegos infantiles.<\/p>\n\n\n\n<div class=\"wp-block-columns is-layout-flex wp-container-core-columns-is-layout-28f84493 wp-block-columns-is-layout-flex\">\n<div class=\"wp-block-column is-layout-flow wp-block-column-is-layout-flow\">\n<figure class=\"wp-block-image alignright size-full\"><img decoding=\"async\" width=\"279\" height=\"372\" src=\"http:\/\/calli.digital\/revista\/wp-content\/uploads\/2023\/08\/image094.jpg\" alt=\"\" class=\"wp-image-3366\" loading=\"lazy\" srcset=\"http:\/\/calli.digital\/revista\/wp-content\/uploads\/2023\/08\/image094.jpg 279w, http:\/\/calli.digital\/revista\/wp-content\/uploads\/2023\/08\/image094-225x300.jpg 225w\" sizes=\"auto, (max-width: 279px) 100vw, 279px\" \/><\/figure>\n<\/div>\n\n\n\n<div class=\"wp-block-column is-layout-flow wp-block-column-is-layout-flow\">\n<figure class=\"wp-block-image alignleft size-full\"><img decoding=\"async\" width=\"212\" height=\"211\" src=\"http:\/\/calli.digital\/revista\/wp-content\/uploads\/2023\/08\/image093.jpg\" alt=\"\" class=\"wp-image-3365\" loading=\"lazy\" srcset=\"http:\/\/calli.digital\/revista\/wp-content\/uploads\/2023\/08\/image093.jpg 212w, http:\/\/calli.digital\/revista\/wp-content\/uploads\/2023\/08\/image093-150x150.jpg 150w\" sizes=\"auto, (max-width: 212px) 100vw, 212px\" \/><\/figure>\n\n\n\n<figure class=\"wp-block-image alignleft size-full\"><img decoding=\"async\" width=\"335\" height=\"224\" src=\"http:\/\/calli.digital\/revista\/wp-content\/uploads\/2023\/08\/image095.jpg\" alt=\"\" class=\"wp-image-3367\" loading=\"lazy\" srcset=\"http:\/\/calli.digital\/revista\/wp-content\/uploads\/2023\/08\/image095.jpg 335w, http:\/\/calli.digital\/revista\/wp-content\/uploads\/2023\/08\/image095-300x201.jpg 300w\" sizes=\"auto, (max-width: 335px) 100vw, 335px\" \/><\/figure>\n<\/div>\n<\/div>\n<\/div>\n<\/div>\n\n\n\n<div style=\"height:20px\" aria-hidden=\"true\" class=\"wp-block-spacer\"><\/div>\n\n\n\n<p class=\"has-medium-font-size\"><strong>Multifamiliar Acapulco (Anteproyecto)<\/strong><\/p>\n\n\n\n<div class=\"wp-block-columns is-layout-flex wp-container-core-columns-is-layout-28f84493 wp-block-columns-is-layout-flex\">\n<div class=\"wp-block-column is-layout-flow wp-block-column-is-layout-flow\">\n<figure class=\"wp-block-image alignright size-full\"><img decoding=\"async\" width=\"457\" height=\"268\" src=\"http:\/\/calli.digital\/revista\/wp-content\/uploads\/2023\/08\/image098.jpg\" alt=\"\" class=\"wp-image-3370\" style=\"object-fit:cover\" loading=\"lazy\" srcset=\"http:\/\/calli.digital\/revista\/wp-content\/uploads\/2023\/08\/image098.jpg 457w, http:\/\/calli.digital\/revista\/wp-content\/uploads\/2023\/08\/image098-300x176.jpg 300w\" sizes=\"auto, (max-width: 457px) 100vw, 457px\" \/><\/figure>\n<\/div>\n\n\n\n<div class=\"wp-block-column is-layout-flow wp-block-column-is-layout-flow\">\n<figure class=\"wp-block-image alignleft size-full\"><img decoding=\"async\" width=\"667\" height=\"508\" src=\"http:\/\/calli.digital\/revista\/wp-content\/uploads\/2023\/08\/image099.png\" alt=\"\" class=\"wp-image-3371\" style=\"object-fit:cover\" loading=\"lazy\" srcset=\"http:\/\/calli.digital\/revista\/wp-content\/uploads\/2023\/08\/image099.png 667w, http:\/\/calli.digital\/revista\/wp-content\/uploads\/2023\/08\/image099-300x228.png 300w\" sizes=\"auto, (max-width: 667px) 100vw, 667px\" \/><\/figure>\n<\/div>\n<\/div>\n\n\n\n<div style=\"height:20px\" aria-hidden=\"true\" class=\"wp-block-spacer\"><\/div>\n\n\n\n<p class=\"has-medium-font-size\"><strong>Conjuntos Multifamiliares Balbuena (1)<\/strong><\/p>\n\n\n\n<div class=\"wp-block-columns is-layout-flex wp-container-core-columns-is-layout-28f84493 wp-block-columns-is-layout-flex\">\n<div class=\"wp-block-column is-layout-flow wp-block-column-is-layout-flow\">\n<p>Se encuentra ubicado en la colonia Jard\u00edn Balbuena en una de las manzanas que se planearon con lotes de mayor tama\u00f1o y con estacionamientos para esos lotes, se trata de un conjunto de 5 edificios de 5 niveles con 188 viviendas, que tienen un \u00e1rea porticada para juegos infantiles y un \u00e1rea de estacionamientos, el proyecto guarda un equilibrio entre las construcciones y los amplios espacios abiertos<\/p>\n<\/div>\n\n\n\n<div class=\"wp-block-column is-layout-flow wp-block-column-is-layout-flow\">\n<figure class=\"wp-block-image size-full\"><img decoding=\"async\" width=\"815\" height=\"572\" src=\"http:\/\/calli.digital\/revista\/wp-content\/uploads\/2023\/08\/image100.jpg\" alt=\"\" class=\"wp-image-3372\" loading=\"lazy\" srcset=\"http:\/\/calli.digital\/revista\/wp-content\/uploads\/2023\/08\/image100.jpg 815w, http:\/\/calli.digital\/revista\/wp-content\/uploads\/2023\/08\/image100-300x211.jpg 300w, http:\/\/calli.digital\/revista\/wp-content\/uploads\/2023\/08\/image100-768x539.jpg 768w, http:\/\/calli.digital\/revista\/wp-content\/uploads\/2023\/08\/image100-130x90.jpg 130w\" sizes=\"auto, (max-width: 815px) 100vw, 815px\" \/><\/figure>\n<\/div>\n\n\n\n<div class=\"wp-block-column is-layout-flow wp-block-column-is-layout-flow\">\n<figure class=\"wp-block-image size-full\"><img decoding=\"async\" width=\"268\" height=\"179\" src=\"http:\/\/calli.digital\/revista\/wp-content\/uploads\/2023\/08\/image101.jpg\" alt=\"\" class=\"wp-image-3373\" style=\"object-fit:cover\" loading=\"lazy\"><\/figure>\n<\/div>\n<\/div>\n\n\n\n<div style=\"height:20px\" aria-hidden=\"true\" class=\"wp-block-spacer\"><\/div>\n\n\n\n<p class=\"has-medium-font-size\"><strong>Multifamiliares Balbuena (2 y 3)<\/strong><\/p>\n\n\n\n<div class=\"wp-block-columns is-layout-flex wp-container-core-columns-is-layout-28f84493 wp-block-columns-is-layout-flex\">\n<div class=\"wp-block-column is-layout-flow wp-block-column-is-layout-flow\">\n<p>Los multifamiliares Balbuena 2 y Balbuena 3, forman una sola unidad en s\u00ed, que se construyeron en diferente momento:<\/p>\n\n\n\n<p>Balbuena 2 consta de 8 edificios de 5 niveles con 280 viviendas, y Balbuena 3 es un conjunto de 7 edificios de 5 niveles con 244 viviendas, para un total de 524 viviendas<\/p>\n\n\n\n<p>Todos cuentan con ba\u00f1os que pueden ser utilizados por m\u00e1s de un usuario al mismo tiempo, es importante destacar el equilibrio que existe entre los espacios abiertos y los edificios, casi todos los edificios cuentan con un \u00e1rea porticada c\u00f3mo extensi\u00f3n de las \u00e1reas abiertas, para utilizarse para reuniones sociales o juego infantiles, con una notoria arquitectura funcionalista, como toda su obra, utilizando materiales de poco mantenimiento, como son el concreto aparente, blocs de barro prensado o como en este caso el bloc<\/p>\n<\/div>\n\n\n\n<div class=\"wp-block-column is-layout-flow wp-block-column-is-layout-flow\">\n<figure class=\"wp-block-image size-full\"><img decoding=\"async\" width=\"636\" height=\"286\" src=\"http:\/\/calli.digital\/revista\/wp-content\/uploads\/2023\/08\/image109-e1693527819248.jpg\" alt=\"\" class=\"wp-image-3381\" loading=\"lazy\" srcset=\"http:\/\/calli.digital\/revista\/wp-content\/uploads\/2023\/08\/image109-e1693527819248.jpg 636w, http:\/\/calli.digital\/revista\/wp-content\/uploads\/2023\/08\/image109-e1693527819248-300x135.jpg 300w\" sizes=\"auto, (max-width: 636px) 100vw, 636px\" \/><figcaption class=\"wp-element-caption\"><em>Planta de Conjunto de los Multifamiliares 2 y 3, que son parte del dasarrollo de vivienda realizado en lo que fue el aeropuerto militar de Balbuena. La separaci\u00f3n entre los edificios permiti\u00f3 un adecuado aso\u00f1eamiento, as\u00ed como contar con areas de esparcimiento, ligadas a los edificios<\/em><\/figcaption><\/figure>\n\n\n\n<figure class=\"wp-block-image alignleft size-full\"><img decoding=\"async\" width=\"365\" height=\"358\" src=\"http:\/\/calli.digital\/revista\/wp-content\/uploads\/2023\/08\/image103.jpg\" alt=\"\" class=\"wp-image-3375\" loading=\"lazy\" srcset=\"http:\/\/calli.digital\/revista\/wp-content\/uploads\/2023\/08\/image103.jpg 365w, http:\/\/calli.digital\/revista\/wp-content\/uploads\/2023\/08\/image103-300x294.jpg 300w\" sizes=\"auto, (max-width: 365px) 100vw, 365px\" \/><\/figure>\n<\/div>\n<\/div>\n\n\n\n<div style=\"height:20px\" aria-hidden=\"true\" class=\"wp-block-spacer\"><\/div>\n\n\n\n<p class=\"has-medium-font-size\"><strong>Balbuena 2<\/strong><\/p>\n\n\n\n<div class=\"wp-block-columns is-layout-flex wp-container-core-columns-is-layout-28f84493 wp-block-columns-is-layout-flex\">\n<div class=\"wp-block-column is-layout-flow wp-block-column-is-layout-flow\">\n<figure class=\"wp-block-image alignright size-full\"><img decoding=\"async\" width=\"911\" height=\"642\" src=\"http:\/\/calli.digital\/revista\/wp-content\/uploads\/2023\/08\/image104.jpg\" alt=\"\" class=\"wp-image-3376\" loading=\"lazy\" srcset=\"http:\/\/calli.digital\/revista\/wp-content\/uploads\/2023\/08\/image104.jpg 911w, http:\/\/calli.digital\/revista\/wp-content\/uploads\/2023\/08\/image104-300x211.jpg 300w, http:\/\/calli.digital\/revista\/wp-content\/uploads\/2023\/08\/image104-768x541.jpg 768w\" sizes=\"auto, (max-width: 911px) 100vw, 911px\" \/><\/figure>\n\n\n\n<figure class=\"wp-block-image alignright size-large is-resized\"><img decoding=\"async\" src=\"http:\/\/calli.digital\/revista\/wp-content\/uploads\/2023\/08\/image106-1024x624.jpg\" alt=\"\" class=\"wp-image-3378\" style=\"width:558px;height:340px\" width=\"558\" height=\"340\" loading=\"lazy\"><\/figure>\n<\/div>\n\n\n\n<div class=\"wp-block-column is-layout-flow wp-block-column-is-layout-flow\">\n<figure class=\"wp-block-image alignleft size-full\"><img decoding=\"async\" width=\"507\" height=\"286\" src=\"http:\/\/calli.digital\/revista\/wp-content\/uploads\/2023\/08\/image105.jpg\" alt=\"\" class=\"wp-image-3377\" loading=\"lazy\" srcset=\"http:\/\/calli.digital\/revista\/wp-content\/uploads\/2023\/08\/image105.jpg 507w, http:\/\/calli.digital\/revista\/wp-content\/uploads\/2023\/08\/image105-300x169.jpg 300w\" sizes=\"auto, (max-width: 507px) 100vw, 507px\" \/><\/figure>\n\n\n\n<figure class=\"wp-block-image alignleft size-full\"><img decoding=\"async\" width=\"300\" height=\"226\" src=\"http:\/\/calli.digital\/revista\/wp-content\/uploads\/2023\/08\/image107.jpg\" alt=\"\" class=\"wp-image-3379\" loading=\"lazy\"><\/figure>\n\n\n\n<figure class=\"wp-block-image alignleft size-full\"><img decoding=\"async\" width=\"308\" height=\"103\" src=\"http:\/\/calli.digital\/revista\/wp-content\/uploads\/2023\/08\/image108-e1693528098996.jpg\" alt=\"\" class=\"wp-image-3380\" loading=\"lazy\" srcset=\"http:\/\/calli.digital\/revista\/wp-content\/uploads\/2023\/08\/image108-e1693528098996.jpg 308w, http:\/\/calli.digital\/revista\/wp-content\/uploads\/2023\/08\/image108-e1693528098996-300x100.jpg 300w\" sizes=\"auto, (max-width: 308px) 100vw, 308px\" \/><\/figure>\n<\/div>\n<\/div>\n\n\n\n<div style=\"height:20px\" aria-hidden=\"true\" class=\"wp-block-spacer\"><\/div>\n\n\n\n<p class=\"has-medium-font-size\"><strong>Balbuena 3<\/strong><\/p>\n\n\n\n<div class=\"wp-block-columns is-layout-flex wp-container-core-columns-is-layout-28f84493 wp-block-columns-is-layout-flex\">\n<div class=\"wp-block-column is-layout-flow wp-block-column-is-layout-flow\">\n<figure class=\"wp-block-image alignright size-full\"><img decoding=\"async\" width=\"636\" height=\"286\" src=\"http:\/\/calli.digital\/revista\/wp-content\/uploads\/2023\/08\/image109-e1693527819248.jpg\" alt=\"\" class=\"wp-image-3381\" loading=\"lazy\" srcset=\"http:\/\/calli.digital\/revista\/wp-content\/uploads\/2023\/08\/image109-e1693527819248.jpg 636w, http:\/\/calli.digital\/revista\/wp-content\/uploads\/2023\/08\/image109-e1693527819248-300x135.jpg 300w\" sizes=\"auto, (max-width: 636px) 100vw, 636px\" \/><figcaption class=\"wp-element-caption\"><em>Planta de Conjunto Balbuena 3<\/em><\/figcaption><\/figure>\n<\/div>\n\n\n\n<div class=\"wp-block-column is-layout-flow wp-block-column-is-layout-flow\">\n<figure class=\"wp-block-image alignleft size-full\"><img decoding=\"async\" width=\"222\" height=\"174\" src=\"http:\/\/calli.digital\/revista\/wp-content\/uploads\/2023\/08\/image110.jpg\" alt=\"\" class=\"wp-image-3382\" style=\"object-fit:cover\" loading=\"lazy\"><\/figure>\n<\/div>\n<\/div>\n\n\n\n<div style=\"height:20px\" aria-hidden=\"true\" class=\"wp-block-spacer\"><\/div>\n\n\n\n<p class=\"has-medium-font-size\"><strong>Conjunto Habitacional en Culiac\u00e1n, Sinaloa<\/strong><\/p>\n\n\n\n<div class=\"wp-block-columns is-layout-flex wp-container-core-columns-is-layout-28f84493 wp-block-columns-is-layout-flex\">\n<div class=\"wp-block-column is-layout-flow wp-block-column-is-layout-flow\">\n<figure class=\"wp-block-image alignright size-full\"><img decoding=\"async\" width=\"271\" height=\"203\" src=\"http:\/\/calli.digital\/revista\/wp-content\/uploads\/2023\/08\/image111.jpg\" alt=\"\" class=\"wp-image-3383\" style=\"object-fit:cover\" loading=\"lazy\"><\/figure>\n<\/div>\n\n\n\n<div class=\"wp-block-column is-layout-flow wp-block-column-is-layout-flow\">\n<figure class=\"wp-block-image alignleft size-full\"><img decoding=\"async\" width=\"221\" height=\"166\" src=\"http:\/\/calli.digital\/revista\/wp-content\/uploads\/2023\/08\/image112.jpg\" alt=\"\" class=\"wp-image-3384\" style=\"object-fit:cover\" loading=\"lazy\"><\/figure>\n<\/div>\n\n\n\n<div class=\"wp-block-column is-layout-flow wp-block-column-is-layout-flow\">\n<p>Es un conjunto de 3 edificios con 22 viviendas, con el frente a 3 vialidades con diferentes pendientes, a 600 m del r\u00edo Tamazula; los edificios est\u00e1n separados para obtener una mejor ventilaci\u00f3n.<\/p>\n<\/div>\n<\/div>\n\n\n\n<p><\/p>\n\n\n\n<p class=\"has-large-font-size\"><strong>Otros g\u00e9neros de Edificios<\/strong><\/p>\n\n\n\n<p class=\"has-medium-font-size\"><strong>Casa Habitaci\u00f3n, Fuego 155.<\/strong>\u00a0 <strong>1962 -63<\/strong><\/p>\n\n\n\n<div class=\"wp-block-columns is-layout-flex wp-container-core-columns-is-layout-28f84493 wp-block-columns-is-layout-flex\">\n<div class=\"wp-block-column is-layout-flow wp-block-column-is-layout-flow\" style=\"flex-basis:33.33%\">\n<figure class=\"wp-block-image size-full\"><img decoding=\"async\" width=\"347\" height=\"272\" src=\"http:\/\/calli.digital\/revista\/wp-content\/uploads\/2023\/08\/image113.jpg\" alt=\"\" class=\"wp-image-3385\" loading=\"lazy\" srcset=\"http:\/\/calli.digital\/revista\/wp-content\/uploads\/2023\/08\/image113.jpg 347w, http:\/\/calli.digital\/revista\/wp-content\/uploads\/2023\/08\/image113-300x235.jpg 300w\" sizes=\"auto, (max-width: 347px) 100vw, 347px\" \/><\/figure>\n<\/div>\n\n\n\n<div class=\"wp-block-column is-layout-flow wp-block-column-is-layout-flow\" style=\"flex-basis:66.66%\">\n<p>La residencia guarda un equilibrio entre la construcci\u00f3n y el terreno del Pedregal de San \u00c1ngel, proyecto integrado por dos cuerpos y dos grandes espacios abiertos, la zona social y la cocina se localizan en la planta alta, sobre una gran roca de formaci\u00f3n volc\u00e1nica, y en la planta baja, se localizan parte de los servicios y los garajes. En el segundo cuerpo en la planta baja est\u00e1 la zona de juegos y el estudio y en la planta alta las rec\u00e1maras. (actualmente la edificaci\u00f3n ya fue remodelada)<\/p>\n<\/div>\n<\/div>\n\n\n\n<div class=\"wp-block-columns is-layout-flex wp-container-core-columns-is-layout-28f84493 wp-block-columns-is-layout-flex\">\n<div class=\"wp-block-column is-layout-flow wp-block-column-is-layout-flow\">\n<figure class=\"wp-block-image alignright size-full\"><img decoding=\"async\" width=\"325\" height=\"144\" src=\"http:\/\/calli.digital\/revista\/wp-content\/uploads\/2023\/08\/image114.jpg\" alt=\"\" class=\"wp-image-3386\" loading=\"lazy\" srcset=\"http:\/\/calli.digital\/revista\/wp-content\/uploads\/2023\/08\/image114.jpg 325w, http:\/\/calli.digital\/revista\/wp-content\/uploads\/2023\/08\/image114-300x133.jpg 300w\" sizes=\"auto, (max-width: 325px) 100vw, 325px\" \/><\/figure>\n\n\n\n<figure class=\"wp-block-image alignright size-full\"><img decoding=\"async\" width=\"384\" height=\"172\" src=\"http:\/\/calli.digital\/revista\/wp-content\/uploads\/2023\/08\/image115.jpg\" alt=\"\" class=\"wp-image-3387\" style=\"object-fit:cover\" loading=\"lazy\" srcset=\"http:\/\/calli.digital\/revista\/wp-content\/uploads\/2023\/08\/image115.jpg 384w, http:\/\/calli.digital\/revista\/wp-content\/uploads\/2023\/08\/image115-300x134.jpg 300w\" sizes=\"auto, (max-width: 384px) 100vw, 384px\" \/><\/figure>\n\n\n\n<figure class=\"wp-block-image alignright size-full\"><img decoding=\"async\" width=\"308\" height=\"200\" src=\"http:\/\/calli.digital\/revista\/wp-content\/uploads\/2023\/08\/image119-e1693529049231.jpg\" alt=\"\" class=\"wp-image-3391\" loading=\"lazy\" srcset=\"http:\/\/calli.digital\/revista\/wp-content\/uploads\/2023\/08\/image119-e1693529049231.jpg 308w, http:\/\/calli.digital\/revista\/wp-content\/uploads\/2023\/08\/image119-e1693529049231-300x195.jpg 300w\" sizes=\"auto, (max-width: 308px) 100vw, 308px\" \/><\/figure>\n<\/div>\n\n\n\n<div class=\"wp-block-column is-layout-flow wp-block-column-is-layout-flow\">\n<figure class=\"wp-block-image alignright size-full\"><img decoding=\"async\" width=\"393\" height=\"310\" src=\"http:\/\/calli.digital\/revista\/wp-content\/uploads\/2023\/08\/image116.jpg\" alt=\"\" class=\"wp-image-3388\" loading=\"lazy\" srcset=\"http:\/\/calli.digital\/revista\/wp-content\/uploads\/2023\/08\/image116.jpg 393w, http:\/\/calli.digital\/revista\/wp-content\/uploads\/2023\/08\/image116-300x237.jpg 300w\" sizes=\"auto, (max-width: 393px) 100vw, 393px\" \/><\/figure>\n\n\n\n<figure class=\"wp-block-image alignright size-full\"><img decoding=\"async\" width=\"321\" height=\"178\" src=\"http:\/\/calli.digital\/revista\/wp-content\/uploads\/2023\/08\/image120.jpg\" alt=\"\" class=\"wp-image-3392\" loading=\"lazy\" srcset=\"http:\/\/calli.digital\/revista\/wp-content\/uploads\/2023\/08\/image120.jpg 321w, http:\/\/calli.digital\/revista\/wp-content\/uploads\/2023\/08\/image120-300x166.jpg 300w\" sizes=\"auto, (max-width: 321px) 100vw, 321px\" \/><\/figure>\n\n\n\n<figure class=\"wp-block-image alignright size-full\"><img decoding=\"async\" width=\"274\" height=\"235\" src=\"http:\/\/calli.digital\/revista\/wp-content\/uploads\/2023\/08\/image122.jpg\" alt=\"\" class=\"wp-image-3394\" loading=\"lazy\"><\/figure>\n<\/div>\n\n\n\n<div class=\"wp-block-column is-layout-flow wp-block-column-is-layout-flow\">\n<figure class=\"wp-block-image alignleft size-full\"><img decoding=\"async\" width=\"252\" height=\"179\" src=\"http:\/\/calli.digital\/revista\/wp-content\/uploads\/2023\/08\/image117-e1693528901797.jpg\" alt=\"\" class=\"wp-image-3389\" style=\"object-fit:cover\" loading=\"lazy\"><\/figure>\n\n\n\n<figure class=\"wp-block-image alignleft size-full\"><img decoding=\"async\" width=\"551\" height=\"230\" src=\"http:\/\/calli.digital\/revista\/wp-content\/uploads\/2023\/08\/image118-e1693528955675.jpg\" alt=\"\" class=\"wp-image-3390\" style=\"object-fit:cover\" loading=\"lazy\" srcset=\"http:\/\/calli.digital\/revista\/wp-content\/uploads\/2023\/08\/image118-e1693528955675.jpg 551w, http:\/\/calli.digital\/revista\/wp-content\/uploads\/2023\/08\/image118-e1693528955675-300x125.jpg 300w\" sizes=\"auto, (max-width: 551px) 100vw, 551px\" \/><\/figure>\n\n\n\n<figure class=\"wp-block-image alignleft size-full\"><img decoding=\"async\" width=\"258\" height=\"331\" src=\"http:\/\/calli.digital\/revista\/wp-content\/uploads\/2023\/08\/image121.jpg\" alt=\"\" class=\"wp-image-3393\" loading=\"lazy\" srcset=\"http:\/\/calli.digital\/revista\/wp-content\/uploads\/2023\/08\/image121.jpg 258w, http:\/\/calli.digital\/revista\/wp-content\/uploads\/2023\/08\/image121-234x300.jpg 234w\" sizes=\"auto, (max-width: 258px) 100vw, 258px\" \/><\/figure>\n<\/div>\n<\/div>\n\n\n\n<div style=\"height:20px\" aria-hidden=\"true\" class=\"wp-block-spacer\"><\/div>\n\n\n\n<p class=\"has-medium-font-size\"><strong>Casa Habitaci\u00f3n en la Paz, BCS.<\/strong><\/p>\n\n\n\n<div class=\"wp-block-columns is-layout-flex wp-container-core-columns-is-layout-28f84493 wp-block-columns-is-layout-flex\">\n<div class=\"wp-block-column is-layout-flow wp-block-column-is-layout-flow\">\n<figure class=\"wp-block-image alignright size-full\"><img decoding=\"async\" width=\"203\" height=\"270\" src=\"http:\/\/calli.digital\/revista\/wp-content\/uploads\/2023\/08\/image123.jpg\" alt=\"\" class=\"wp-image-3395\" loading=\"lazy\"><\/figure>\n\n\n\n<figure class=\"wp-block-image alignright size-full\"><img decoding=\"async\" width=\"309\" height=\"300\" src=\"http:\/\/calli.digital\/revista\/wp-content\/uploads\/2023\/08\/image125.jpg\" alt=\"\" class=\"wp-image-3397\" loading=\"lazy\" srcset=\"http:\/\/calli.digital\/revista\/wp-content\/uploads\/2023\/08\/image125.jpg 309w, http:\/\/calli.digital\/revista\/wp-content\/uploads\/2023\/08\/image125-300x291.jpg 300w\" sizes=\"auto, (max-width: 309px) 100vw, 309px\" \/><\/figure>\n<\/div>\n\n\n\n<div class=\"wp-block-column is-layout-flow wp-block-column-is-layout-flow\">\n<figure class=\"wp-block-image alignright size-full\"><img decoding=\"async\" width=\"319\" height=\"239\" src=\"http:\/\/calli.digital\/revista\/wp-content\/uploads\/2023\/08\/image124.jpg\" alt=\"\" class=\"wp-image-3396\" style=\"object-fit:cover\" loading=\"lazy\" srcset=\"http:\/\/calli.digital\/revista\/wp-content\/uploads\/2023\/08\/image124.jpg 319w, http:\/\/calli.digital\/revista\/wp-content\/uploads\/2023\/08\/image124-300x225.jpg 300w\" sizes=\"auto, (max-width: 319px) 100vw, 319px\" \/><\/figure>\n\n\n\n<figure class=\"wp-block-image alignright size-full\"><img decoding=\"async\" width=\"336\" height=\"252\" src=\"http:\/\/calli.digital\/revista\/wp-content\/uploads\/2023\/08\/image126.jpg\" alt=\"\" class=\"wp-image-3398\" loading=\"lazy\" srcset=\"http:\/\/calli.digital\/revista\/wp-content\/uploads\/2023\/08\/image126.jpg 336w, http:\/\/calli.digital\/revista\/wp-content\/uploads\/2023\/08\/image126-300x225.jpg 300w\" sizes=\"auto, (max-width: 336px) 100vw, 336px\" \/><\/figure>\n<\/div>\n\n\n\n<div class=\"wp-block-column is-layout-flow wp-block-column-is-layout-flow\">\n<p>En un solo nivel, a excepci\u00f3n de la rec\u00e1mara de visitas en la planta alta, el proyecto gira en torno a un patio central; con el que se ilumina la estancia, el comedor, el estudio y la estancia. Todas las habitaciones tienen ventilaci\u00f3n natural cruzada, los muros y la techumbre se construyeron con materiales aislantes para lograr una temperatura m\u00e1s agradable.<\/p>\n\n\n\n<figure class=\"wp-block-image alignleft size-full\"><img decoding=\"async\" width=\"187\" height=\"333\" src=\"http:\/\/calli.digital\/revista\/wp-content\/uploads\/2023\/08\/image127.jpg\" alt=\"\" class=\"wp-image-3399\" loading=\"lazy\" srcset=\"http:\/\/calli.digital\/revista\/wp-content\/uploads\/2023\/08\/image127.jpg 187w, http:\/\/calli.digital\/revista\/wp-content\/uploads\/2023\/08\/image127-168x300.jpg 168w\" sizes=\"auto, (max-width: 187px) 100vw, 187px\" \/><\/figure>\n<\/div>\n<\/div>\n\n\n\n<div style=\"height:20px\" aria-hidden=\"true\" class=\"wp-block-spacer\"><\/div>\n\n\n\n<p class=\"has-medium-font-size\"><strong>Edificio en Plaza de la Rep\u00fablica. CDMX<\/strong><\/p>\n\n\n\n<div class=\"wp-block-columns is-layout-flex wp-container-core-columns-is-layout-28f84493 wp-block-columns-is-layout-flex\">\n<div class=\"wp-block-column is-layout-flow wp-block-column-is-layout-flow\" style=\"flex-basis:33.33%\">\n<figure class=\"wp-block-image alignright size-full\"><img decoding=\"async\" width=\"245\" height=\"366\" src=\"http:\/\/calli.digital\/revista\/wp-content\/uploads\/2023\/08\/image128.jpg\" alt=\"\" class=\"wp-image-3400\" loading=\"lazy\" srcset=\"http:\/\/calli.digital\/revista\/wp-content\/uploads\/2023\/08\/image128.jpg 245w, http:\/\/calli.digital\/revista\/wp-content\/uploads\/2023\/08\/image128-201x300.jpg 201w\" sizes=\"auto, (max-width: 245px) 100vw, 245px\" \/><\/figure>\n<\/div>\n\n\n\n<div class=\"wp-block-column is-layout-flow wp-block-column-is-layout-flow\" style=\"flex-basis:66.66%\">\n<p>Ubicado frente al Monumento de la Revoluci\u00f3n, se reestructur\u00f3 y se remodel\u00f3 por los da\u00f1os sufridos con los sismos de 1985, consta de un basamento de 3 niveles y una torre de 6 niveles<\/p>\n<\/div>\n<\/div>\n\n\n\n<div style=\"height:20px\" aria-hidden=\"true\" class=\"wp-block-spacer\"><\/div>\n\n\n\n<p class=\"has-medium-font-size\"><strong>Edificio de la Comisi\u00f3n Federal de Electricidad<\/strong> <strong>en Monterrey, N.L. 1970<\/strong><\/p>\n\n\n\n<div class=\"wp-block-columns is-layout-flex wp-container-core-columns-is-layout-28f84493 wp-block-columns-is-layout-flex\">\n<div class=\"wp-block-column is-layout-flow wp-block-column-is-layout-flow\">\n<figure class=\"wp-block-image alignright size-full\"><img decoding=\"async\" width=\"358\" height=\"269\" src=\"http:\/\/calli.digital\/revista\/wp-content\/uploads\/2023\/08\/image129.jpg\" alt=\"\" class=\"wp-image-3401\" style=\"object-fit:cover\" loading=\"lazy\" srcset=\"http:\/\/calli.digital\/revista\/wp-content\/uploads\/2023\/08\/image129.jpg 358w, http:\/\/calli.digital\/revista\/wp-content\/uploads\/2023\/08\/image129-300x225.jpg 300w\" sizes=\"auto, (max-width: 358px) 100vw, 358px\" \/><\/figure>\n\n\n\n<figure class=\"wp-block-image alignright size-full\"><img decoding=\"async\" width=\"288\" height=\"174\" src=\"http:\/\/calli.digital\/revista\/wp-content\/uploads\/2023\/08\/image130-e1693529635864.jpg\" alt=\"\" class=\"wp-image-3402\" style=\"object-fit:cover\" loading=\"lazy\"><\/figure>\n<\/div>\n\n\n\n<div class=\"wp-block-column is-layout-flow wp-block-column-is-layout-flow\">\n<figure class=\"wp-block-image aligncenter size-full\"><img decoding=\"async\" width=\"336\" height=\"252\" src=\"http:\/\/calli.digital\/revista\/wp-content\/uploads\/2023\/08\/image132.jpg\" alt=\"\" class=\"wp-image-3404\" style=\"object-fit:cover\" loading=\"lazy\" srcset=\"http:\/\/calli.digital\/revista\/wp-content\/uploads\/2023\/08\/image132.jpg 336w, http:\/\/calli.digital\/revista\/wp-content\/uploads\/2023\/08\/image132-300x225.jpg 300w\" sizes=\"auto, (max-width: 336px) 100vw, 336px\" \/><\/figure>\n\n\n\n<figure class=\"wp-block-image aligncenter size-full\"><img decoding=\"async\" width=\"332\" height=\"244\" src=\"http:\/\/calli.digital\/revista\/wp-content\/uploads\/2023\/08\/image131.jpg\" alt=\"\" class=\"wp-image-3403\" style=\"object-fit:cover\" loading=\"lazy\" srcset=\"http:\/\/calli.digital\/revista\/wp-content\/uploads\/2023\/08\/image131.jpg 332w, http:\/\/calli.digital\/revista\/wp-content\/uploads\/2023\/08\/image131-300x220.jpg 300w\" sizes=\"auto, (max-width: 332px) 100vw, 332px\" \/><\/figure>\n<\/div>\n\n\n\n<div class=\"wp-block-column is-layout-flow wp-block-column-is-layout-flow\">\n<figure class=\"wp-block-image alignleft size-full\"><img decoding=\"async\" width=\"349\" height=\"262\" src=\"http:\/\/calli.digital\/revista\/wp-content\/uploads\/2023\/08\/image133.jpg\" alt=\"\" class=\"wp-image-3405\" style=\"object-fit:cover\" loading=\"lazy\" srcset=\"http:\/\/calli.digital\/revista\/wp-content\/uploads\/2023\/08\/image133.jpg 349w, http:\/\/calli.digital\/revista\/wp-content\/uploads\/2023\/08\/image133-300x225.jpg 300w\" sizes=\"auto, (max-width: 349px) 100vw, 349px\" \/><\/figure>\n\n\n\n<figure class=\"wp-block-image alignleft size-full\"><img decoding=\"async\" width=\"336\" height=\"252\" src=\"http:\/\/calli.digital\/revista\/wp-content\/uploads\/2023\/08\/image134.jpg\" alt=\"\" class=\"wp-image-3406\" style=\"object-fit:cover\" loading=\"lazy\" srcset=\"http:\/\/calli.digital\/revista\/wp-content\/uploads\/2023\/08\/image134.jpg 336w, http:\/\/calli.digital\/revista\/wp-content\/uploads\/2023\/08\/image134-300x225.jpg 300w\" sizes=\"auto, (max-width: 336px) 100vw, 336px\" \/><\/figure>\n<\/div>\n<\/div>\n\n\n\n<div style=\"height:20px\" aria-hidden=\"true\" class=\"wp-block-spacer\"><\/div>\n\n\n\n<p class=\"has-medium-font-size\"><strong>Edificio en Patriotismo No 1. CDMX. 1981<\/strong><\/p>\n\n\n\n<p><\/p>\n\n\n\n<div class=\"wp-block-columns is-layout-flex wp-container-core-columns-is-layout-28f84493 wp-block-columns-is-layout-flex\">\n<div class=\"wp-block-column is-layout-flow wp-block-column-is-layout-flow\">\n<figure class=\"wp-block-image aligncenter size-full\"><img decoding=\"async\" width=\"389\" height=\"467\" src=\"http:\/\/calli.digital\/revista\/wp-content\/uploads\/2023\/08\/image135.jpg\" alt=\"\" class=\"wp-image-3407\" loading=\"lazy\" srcset=\"http:\/\/calli.digital\/revista\/wp-content\/uploads\/2023\/08\/image135.jpg 389w, http:\/\/calli.digital\/revista\/wp-content\/uploads\/2023\/08\/image135-250x300.jpg 250w\" sizes=\"auto, (max-width: 389px) 100vw, 389px\" \/><\/figure>\n\n\n\n<p><em>La ubicaci\u00f3n de la obra, en una esquina establecida por la ampliaci\u00f3n de la calle de Patriotismo, fue aprobechada para realizar una edificaci\u00f3n con visuales hacia los cuatro puntos cardinales<\/em><\/p>\n<\/div>\n\n\n\n<div class=\"wp-block-column is-layout-flow wp-block-column-is-layout-flow\">\n<figure class=\"wp-block-image alignright size-full\"><img decoding=\"async\" width=\"242\" height=\"338\" src=\"http:\/\/calli.digital\/revista\/wp-content\/uploads\/2023\/08\/image136.jpg\" alt=\"\" class=\"wp-image-3408\" style=\"object-fit:cover\" loading=\"lazy\" srcset=\"http:\/\/calli.digital\/revista\/wp-content\/uploads\/2023\/08\/image136.jpg 242w, http:\/\/calli.digital\/revista\/wp-content\/uploads\/2023\/08\/image136-215x300.jpg 215w\" sizes=\"auto, (max-width: 242px) 100vw, 242px\" \/><\/figure>\n\n\n\n<figure class=\"wp-block-image alignright size-full\"><img decoding=\"async\" width=\"206\" height=\"285\" src=\"http:\/\/calli.digital\/revista\/wp-content\/uploads\/2023\/08\/image140.jpg\" alt=\"\" class=\"wp-image-3412\" loading=\"lazy\"><\/figure>\n<\/div>\n\n\n\n<div class=\"wp-block-column is-layout-flow wp-block-column-is-layout-flow\">\n<p>En un terreno en esquina, irregular, se aprovech\u00f3 su forma, con magn\u00edficas visuales desde cualquier punto. Consta de dos cuerpos, uno horizontal de tres niveles, que es el basamento y el otro, vertical de nueve niveles con fachada de concreto prefabricado, y un gran respeto hacia la ciudad, con las cuatro fachadas de la torre, son similares.<\/p>\n\n\n\n<figure class=\"wp-block-image alignleft size-full is-resized\"><img decoding=\"async\" src=\"http:\/\/calli.digital\/revista\/wp-content\/uploads\/2023\/08\/image137.jpg\" alt=\"\" class=\"wp-image-3409\" style=\"object-fit:cover;width:271px;height:208px\" width=\"271\" height=\"208\" loading=\"lazy\"><\/figure>\n\n\n\n<figure class=\"wp-block-image alignleft size-full\"><img decoding=\"async\" width=\"269\" height=\"211\" src=\"http:\/\/calli.digital\/revista\/wp-content\/uploads\/2023\/08\/image138.jpg\" alt=\"\" class=\"wp-image-3410\" style=\"object-fit:cover\" loading=\"lazy\"><\/figure>\n\n\n\n<figure class=\"wp-block-image alignleft size-full\"><img decoding=\"async\" width=\"255\" height=\"214\" src=\"http:\/\/calli.digital\/revista\/wp-content\/uploads\/2023\/08\/image139.jpg\" alt=\"\" class=\"wp-image-3411\" loading=\"lazy\"><\/figure>\n<\/div>\n<\/div>\n<\/body>","protected":false},"excerpt":{"rendered":"<p>Hospital de Zona N\u00ba 1, La Raza, del IMSS. Arq. Enrique Y\u00e1\u00f1ez de la Fuente. 1952 Al egresar de la<\/p>\n","protected":false},"author":47,"featured_media":0,"comment_status":"open","ping_status":"open","sticky":false,"template":"","format":"standard","meta":{"colormag_page_container_layout":"no_sidebar_full_width","colormag_page_sidebar_layout":"no_sidebar","om_disable_all_campaigns":false,"_monsterinsights_skip_tracking":false,"_monsterinsights_sitenote_active":false,"_monsterinsights_sitenote_note":"","_monsterinsights_sitenote_category":0,"footnotes":""},"categories":[41,25],"tags":[],"class_list":["post-3420","post","type-post","status-publish","format-standard","hentry","category-bernardo-gomez-pimienta","category-monografias"],"_links":{"self":[{"href":"http:\/\/calli.digital\/revista\/index.php\/wp-json\/wp\/v2\/posts\/3420","targetHints":{"allow":["GET"]}}],"collection":[{"href":"http:\/\/calli.digital\/revista\/index.php\/wp-json\/wp\/v2\/posts"}],"about":[{"href":"http:\/\/calli.digital\/revista\/index.php\/wp-json\/wp\/v2\/types\/post"}],"author":[{"embeddable":true,"href":"http:\/\/calli.digital\/revista\/index.php\/wp-json\/wp\/v2\/users\/47"}],"replies":[{"embeddable":true,"href":"http:\/\/calli.digital\/revista\/index.php\/wp-json\/wp\/v2\/comments?post=3420"}],"version-history":[{"count":48,"href":"http:\/\/calli.digital\/revista\/index.php\/wp-json\/wp\/v2\/posts\/3420\/revisions"}],"predecessor-version":[{"id":3516,"href":"http:\/\/calli.digital\/revista\/index.php\/wp-json\/wp\/v2\/posts\/3420\/revisions\/3516"}],"wp:attachment":[{"href":"http:\/\/calli.digital\/revista\/index.php\/wp-json\/wp\/v2\/media?parent=3420"}],"wp:term":[{"taxonomy":"category","embeddable":true,"href":"http:\/\/calli.digital\/revista\/index.php\/wp-json\/wp\/v2\/categories?post=3420"},{"taxonomy":"post_tag","embeddable":true,"href":"http:\/\/calli.digital\/revista\/index.php\/wp-json\/wp\/v2\/tags?post=3420"}],"curies":[{"name":"wp","href":"https:\/\/api.w.org\/{rel}","templated":true}]}}