{"id":3904,"date":"2023-12-31T08:48:35","date_gmt":"2023-12-31T13:48:35","guid":{"rendered":"https:\/\/calli.digital\/revista\/?p=3904"},"modified":"2023-12-31T08:48:38","modified_gmt":"2023-12-31T13:48:38","slug":"kuala-lumpur-capital-de-malasia-es-la-ciudad-anfitriona-del-foro-internacional-uia-2024","status":"publish","type":"post","link":"http:\/\/calli.digital\/revista\/index.php\/2023\/12\/31\/kuala-lumpur-capital-de-malasia-es-la-ciudad-anfitriona-del-foro-internacional-uia-2024\/","title":{"rendered":"Kuala Lumpur, capital de Malasia, es la ciudad anfitriona del Foro Internacional UIA 2024"},"content":{"rendered":"<body>\n<div class=\"wp-block-columns is-layout-flex wp-container-core-columns-is-layout-28f84493 wp-block-columns-is-layout-flex\">\n<div class=\"wp-block-column is-layout-flow wp-block-column-is-layout-flow\" style=\"flex-basis:15%\">\n<figure class=\"wp-block-image size-medium is-resized\"><img decoding=\"async\" width=\"300\" height=\"123\" src=\"https:\/\/calli.digital\/revista\/wp-content\/uploads\/2022\/12\/image008-300x123.png\" alt=\"\" class=\"wp-image-2618\" style=\"width:178px;height:73px\" loading=\"lazy\" srcset=\"http:\/\/calli.digital\/revista\/wp-content\/uploads\/2022\/12\/image008-300x123.png 300w, http:\/\/calli.digital\/revista\/wp-content\/uploads\/2022\/12\/image008.png 493w\" sizes=\"auto, (max-width: 300px) 100vw, 300px\" \/><\/figure>\n<\/div>\n\n\n\n<div class=\"wp-block-column is-layout-flow wp-block-column-is-layout-flow\" style=\"flex-basis:66.66%\">\n<figure class=\"wp-block-image size-large\"><img decoding=\"async\" width=\"1024\" height=\"576\" src=\"http:\/\/calli.digital\/revista\/wp-content\/uploads\/2023\/12\/image004-1024x576.png\" alt=\"\" class=\"wp-image-3744\" loading=\"lazy\" srcset=\"http:\/\/calli.digital\/revista\/wp-content\/uploads\/2023\/12\/image004-1024x576.png 1024w, http:\/\/calli.digital\/revista\/wp-content\/uploads\/2023\/12\/image004-300x169.png 300w, http:\/\/calli.digital\/revista\/wp-content\/uploads\/2023\/12\/image004-768x432.png 768w, http:\/\/calli.digital\/revista\/wp-content\/uploads\/2023\/12\/image004.png 1295w\" sizes=\"auto, (max-width: 1024px) 100vw, 1024px\" \/><\/figure>\n\n\n\n<p>En \u00e9l, se plantear\u00e1n los problemas que enfrentan muchas econom\u00edas emergentes y ciudades en crecimiento y se plantear\u00e1n como un caso de estudio para lograr el equilibrio de una ciudad diversa y como lograr una ciudad para la humanidad, con crecimiento sostenible.<br>La ciudad de Kuala Lumpur ofrecer\u00e1 su rica y diversa arquitectura, su cultura multi\u00e9tnica a los participantes.<br>El objetivo del Foro Internacional UIA 2024, es brindar oportunidades para que el p\u00fablico, arquitectos, planificadores urbanos y responsables pol\u00edticos, participen en una serie de programas enriquecedores, que vigoricen el debate sobre cultura, patrimonio, sostenibilidad, equidad y ecolog\u00eda, para lograr el beneficio de la humanidad y la sostenibilidad en crecimiento.<br>El tema del Foro es Diversidad para la humanidad y el crecimiento sostenible.<br>Se establecer\u00e1n tres subtemas que se articular\u00e1n a\u00fan m\u00e1s como consultas, debates y sobre los que trabajaran los delegados y participantes en los di\u00e1logos, talleres y programas; los subtemas son:<br>T1 \u2014 Cultura y Patrimonio<br>S2 \u2014 Densidad y crecimiento sostenible<br>T3 \u2014 Equidad y Ecolog\u00eda.<\/p>\n\n\n\n<p class=\"has-medium-font-size\">BIENAL PANAMERICANA DE ARQUITECTOS DE QUITO BAQ 2024<\/p>\n\n\n\n<figure class=\"wp-block-image size-full\"><img decoding=\"async\" width=\"601\" height=\"644\" src=\"http:\/\/calli.digital\/revista\/wp-content\/uploads\/2023\/12\/image005.png\" alt=\"\" class=\"wp-image-3745\" loading=\"lazy\" srcset=\"http:\/\/calli.digital\/revista\/wp-content\/uploads\/2023\/12\/image005.png 601w, http:\/\/calli.digital\/revista\/wp-content\/uploads\/2023\/12\/image005-280x300.png 280w\" sizes=\"auto, (max-width: 601px) 100vw, 601px\" \/><\/figure>\n\n\n\n<p><br><\/p>\n\n\n\n<p>En el Centro de Arte Contempor\u00e1neo de la ciudad de Quito, Ecuador, se hizo el lanzamiento oficial de la XXIV edici\u00f3n de la Bienal Panamericana de Arquitectos de Quito, Baq 2024, que se llevar\u00e1 a cabo del 18 al 22 de noviembre, es organizado por el Colegio de Arquitectos de Pichincha, que procurar\u00e1 responder a las complejidades que las ciudades enfrentan al momento y en un futuro cercano.<br>En las \u00faltimas d\u00e9cadas, Latinoam\u00e9rica ha experimentado un crecimiento urbano, donde sus ciudades se han expandido a un ritmo acelerado. Que es impulsado por diversos factores, demogr\u00e1ficos, econ\u00f3micos y sociales, por lo que plantean desaf\u00edos significativos, para<br>lograr una mejor calidad de vida y entornos saludables para todos sus habitantes.<br>Por tal motivo el tema de la Bienal ser\u00e1: \u201cCONVERGENCIAS, ARQUITECTURA, PAISAJE\u201d, para discutir el papel que la arquitectura desempe\u00f1a en la construcci\u00f3n y transformaci\u00f3n de los paisajes que se habitan. Realidades complejas, din\u00e1micas y multiescalares que, en su pluralidad evocan una relaci\u00f3n ineludible entre entorno y obras construidas, para despertar la conciencia sobre su impacto, con la creaci\u00f3n de paisajes construidos, en una relaci\u00f3n conceptual y operativa en \u00e1mbitos necesariamente convergentes.<br>Entre los conferencistas y cr\u00edticos que han confirmado su asistencia, se encuentran: Adamo Faiden de Argentina, MMBB de Brasil, Beals Lyon de Chile, Manuel Cervantes de M\u00e9xico, Barozzi Veiga de Espa\u00f1a, Giuseppina Grasso Caninizzo de Italia, Urlo Estudio de Ecuador, Colectivo C733 de M\u00e9xico, LAPS arquitectos de Uruguay, entre otros.<\/p>\n\n\n\n<p><strong>Arq. Jos\u00e9 Luis Cort\u00e9s Delgado.<\/strong><\/p>\n\n\n\n<p><em>Presidente inmediato saliente de la UIA.<\/em> <\/p>\n\n\n\n<figure class=\"wp-block-image aligncenter size-full\"><img decoding=\"async\" width=\"882\" height=\"757\" src=\"http:\/\/calli.digital\/revista\/wp-content\/uploads\/2023\/12\/image006.jpg\" alt=\"\" class=\"wp-image-3746\" loading=\"lazy\" srcset=\"http:\/\/calli.digital\/revista\/wp-content\/uploads\/2023\/12\/image006.jpg 882w, http:\/\/calli.digital\/revista\/wp-content\/uploads\/2023\/12\/image006-300x257.jpg 300w, http:\/\/calli.digital\/revista\/wp-content\/uploads\/2023\/12\/image006-768x659.jpg 768w\" sizes=\"auto, (max-width: 882px) 100vw, 882px\" \/><\/figure>\n<\/div>\n<\/div>\n\n\n\n<figure class=\"wp-block-image aligncenter size-full\"><img decoding=\"async\" width=\"600\" height=\"400\" src=\"http:\/\/calli.digital\/revista\/wp-content\/uploads\/2023\/12\/image007.jpg\" alt=\"\" class=\"wp-image-3747\" loading=\"lazy\" srcset=\"http:\/\/calli.digital\/revista\/wp-content\/uploads\/2023\/12\/image007.jpg 600w, http:\/\/calli.digital\/revista\/wp-content\/uploads\/2023\/12\/image007-300x200.jpg 300w\" sizes=\"auto, (max-width: 600px) 100vw, 600px\" \/><\/figure>\n\n\n\n<p class=\"has-text-align-center\"><strong>El Arq. Rodolfo S\u00e1nchez Zaragoza. <\/strong><\/p>\n\n\n\n<p class=\"has-text-align-center\"><em>Presidente del CAM-SAM y su Consejo Directivo<\/em><\/p>\n<\/body>","protected":false},"excerpt":{"rendered":"<p>En \u00e9l, se plantear\u00e1n los problemas que enfrentan muchas econom\u00edas emergentes y ciudades en crecimiento y se plantear\u00e1n como un<\/p>\n","protected":false},"author":10,"featured_media":0,"comment_status":"open","ping_status":"closed","sticky":false,"template":"","format":"standard","meta":{"colormag_page_container_layout":"default_layout","colormag_page_sidebar_layout":"default_layout","om_disable_all_campaigns":false,"_monsterinsights_skip_tracking":false,"_monsterinsights_sitenote_active":false,"_monsterinsights_sitenote_note":"","_monsterinsights_sitenote_category":0,"footnotes":""},"categories":[21,29],"tags":[],"class_list":["post-3904","post","type-post","status-publish","format-standard","hentry","category-editorial","category-uia"],"_links":{"self":[{"href":"http:\/\/calli.digital\/revista\/index.php\/wp-json\/wp\/v2\/posts\/3904","targetHints":{"allow":["GET"]}}],"collection":[{"href":"http:\/\/calli.digital\/revista\/index.php\/wp-json\/wp\/v2\/posts"}],"about":[{"href":"http:\/\/calli.digital\/revista\/index.php\/wp-json\/wp\/v2\/types\/post"}],"author":[{"embeddable":true,"href":"http:\/\/calli.digital\/revista\/index.php\/wp-json\/wp\/v2\/users\/10"}],"replies":[{"embeddable":true,"href":"http:\/\/calli.digital\/revista\/index.php\/wp-json\/wp\/v2\/comments?post=3904"}],"version-history":[{"count":1,"href":"http:\/\/calli.digital\/revista\/index.php\/wp-json\/wp\/v2\/posts\/3904\/revisions"}],"predecessor-version":[{"id":3905,"href":"http:\/\/calli.digital\/revista\/index.php\/wp-json\/wp\/v2\/posts\/3904\/revisions\/3905"}],"wp:attachment":[{"href":"http:\/\/calli.digital\/revista\/index.php\/wp-json\/wp\/v2\/media?parent=3904"}],"wp:term":[{"taxonomy":"category","embeddable":true,"href":"http:\/\/calli.digital\/revista\/index.php\/wp-json\/wp\/v2\/categories?post=3904"},{"taxonomy":"post_tag","embeddable":true,"href":"http:\/\/calli.digital\/revista\/index.php\/wp-json\/wp\/v2\/tags?post=3904"}],"curies":[{"name":"wp","href":"https:\/\/api.w.org\/{rel}","templated":true}]}}