{"id":4184,"date":"2024-04-30T19:13:46","date_gmt":"2024-05-01T00:13:46","guid":{"rendered":"https:\/\/calli.digital\/revista\/?p=4184"},"modified":"2024-04-27T19:28:58","modified_gmt":"2024-04-28T00:28:58","slug":"saludo","status":"publish","type":"post","link":"http:\/\/calli.digital\/revista\/index.php\/2024\/04\/30\/saludo\/","title":{"rendered":"Arq. Jorge Ponce Amezcua QEPD"},"content":{"rendered":"<body>\n<figure class=\"wp-block-image is-resized\"><img decoding=\"async\" width=\"106\" height=\"149\" src=\"http:\/\/calli.digital\/revista\/wp-content\/uploads\/2024\/04\/image034.jpg\" alt=\"\" class=\"wp-image-4187\" style=\"width:40px\" loading=\"lazy\"><\/figure>\n\n\n\n<p>Hace aproximadamente cuatro a\u00f1os, nos enteramos de la labor que realizaba un arquitecto y tratamos de comunicarnos con \u00e9l, porque de los temas en los que trabajaba, nos interesaba sobremanera conocer lo que hab\u00eda hecho y estaba haciende sobre aspectos ambientales, cuidado y utilizaci\u00f3n del agua, con sus diversas formas de captaci\u00f3n, utilizaci\u00f3n y aprovechamiento, as\u00ed como diversos temas ambientales.<br>De esa forma logramos comunicarnos con el Arq. Jorge Ponce Amezcua. especialista en estos temas y en muchos m\u00e1s relacionados con estos grandes problemas de nuestro planeta tierra y muy especialmente de nuestro pa\u00eds, M\u00e9xico.<br>Iniciamos la comunicaci\u00f3n con \u00e9l y por su exceso de trabajo y otras causas, desafortunadamente se fue atrasando la posibilidad de dedicar un n\u00famero Calli, Revista Anal\u00edtica de Arquitectura y Urbanismo Contempor\u00e1neos a este importante tema.<br>Despu\u00e9s de un tiempo, recientemente, quedamos de acuerdo que publicar\u00edamos su material en este nuestro n\u00famero 18, correspondiente a los meses de mayo \u2013 junio de 2024. Desafortunadamente sus males empeoraron y falleci\u00f3, antes de ver el n\u00famero publicado.<br>Hoy, rendimos un homenaje al Arquitecto Jorge Ponce, que dedic\u00f3 su vida a solucionar estos problemas que nos aquejan a todos, a la sociedad en general.<br>El agua y el medio ambiente son aspectos que nos trata con el prop\u00f3sito de darle a nuestra ciudad la posibilidad de satisfacer permanentemente sus necesidades de agua y de mejorar definitivamente sus ambientes naturales.<\/p>\n\n\n\n<p><strong>\u00a0\u00a0<\/strong>                                                                                            <\/p>\n<\/body>","protected":false},"excerpt":{"rendered":"<p>Hace aproximadamente cuatro a\u00f1os, nos enteramos de la labor que realizaba un arquitecto y tratamos de comunicarnos con \u00e9l, porque<\/p>\n","protected":false},"author":2,"featured_media":0,"comment_status":"open","ping_status":"open","sticky":false,"template":"","format":"standard","meta":{"colormag_page_container_layout":"no_sidebar_full_width","colormag_page_sidebar_layout":"no_sidebar","om_disable_all_campaigns":false,"_monsterinsights_skip_tracking":false,"_monsterinsights_sitenote_active":false,"_monsterinsights_sitenote_note":"","_monsterinsights_sitenote_category":0,"footnotes":""},"categories":[57,25],"tags":[],"class_list":["post-4184","post","type-post","status-publish","format-standard","hentry","category-jorge-ponce-amezcua","category-monografias"],"_links":{"self":[{"href":"http:\/\/calli.digital\/revista\/index.php\/wp-json\/wp\/v2\/posts\/4184","targetHints":{"allow":["GET"]}}],"collection":[{"href":"http:\/\/calli.digital\/revista\/index.php\/wp-json\/wp\/v2\/posts"}],"about":[{"href":"http:\/\/calli.digital\/revista\/index.php\/wp-json\/wp\/v2\/types\/post"}],"author":[{"embeddable":true,"href":"http:\/\/calli.digital\/revista\/index.php\/wp-json\/wp\/v2\/users\/2"}],"replies":[{"embeddable":true,"href":"http:\/\/calli.digital\/revista\/index.php\/wp-json\/wp\/v2\/comments?post=4184"}],"version-history":[{"count":3,"href":"http:\/\/calli.digital\/revista\/index.php\/wp-json\/wp\/v2\/posts\/4184\/revisions"}],"predecessor-version":[{"id":4190,"href":"http:\/\/calli.digital\/revista\/index.php\/wp-json\/wp\/v2\/posts\/4184\/revisions\/4190"}],"wp:attachment":[{"href":"http:\/\/calli.digital\/revista\/index.php\/wp-json\/wp\/v2\/media?parent=4184"}],"wp:term":[{"taxonomy":"category","embeddable":true,"href":"http:\/\/calli.digital\/revista\/index.php\/wp-json\/wp\/v2\/categories?post=4184"},{"taxonomy":"post_tag","embeddable":true,"href":"http:\/\/calli.digital\/revista\/index.php\/wp-json\/wp\/v2\/tags?post=4184"}],"curies":[{"name":"wp","href":"https:\/\/api.w.org\/{rel}","templated":true}]}}