{"id":4193,"date":"2024-04-30T19:39:27","date_gmt":"2024-05-01T00:39:27","guid":{"rendered":"https:\/\/calli.digital\/revista\/?p=4193"},"modified":"2024-04-27T19:45:55","modified_gmt":"2024-04-28T00:45:55","slug":"arq-jorge-ponce-maestro","status":"publish","type":"post","link":"http:\/\/calli.digital\/revista\/index.php\/2024\/04\/30\/arq-jorge-ponce-maestro\/","title":{"rendered":"Arq. Jorge Ponce, Maestro"},"content":{"rendered":"<body>\n<div class=\"wp-block-media-text alignwide has-small-font-size\" style=\"grid-template-columns:15% auto\"><figure class=\"wp-block-media-text__media\"><img decoding=\"async\" width=\"73\" height=\"97\" src=\"http:\/\/calli.digital\/revista\/wp-content\/uploads\/2024\/04\/image035.jpg\" alt=\"\" class=\"wp-image-4120 size-thumbnail\" loading=\"lazy\"><\/figure><div class=\"wp-block-media-text__content\">\n<p>El Maestro y Arquitecto Jorge Ponce Amezcua, nos ense\u00f1\u00f3 que la arquitectura era parte del medio ambiente si se realizaba de acuerdo con las necesidades de la gente y de la naturaleza. No romper con el medio existente. Nos comentaba:<br>Ante la falta de dise\u00f1o y planeaci\u00f3n del territorio faltan propuestas concretas en el dise\u00f1o sustentable, adem\u00e1s de rigor y trascendencia en los planteamientos; nos ense\u00f1\u00f3 un acercamiento conceptual diferente: Tenemos que planear y dise\u00f1ar viendo el territorio y sus recursos ambientales.<br>Su obra gir\u00f3 alrededor del agua:<br><\/p>\n<\/div><\/div>\n\n\n\n<p>Muchos de sus propuestas las visualizaba teniendo al agua y sus variables como el hilo conductor metodol\u00f3gico.<br>El recurso h\u00eddrico como valor. Crisis del agua, buscar econom\u00eda circular del agua, si lo haces bien, el agua de buena calidad puede ser la suficiente para volver a llenar los r\u00edos y los lagos.<\/p>\n\n\n\n<figure class=\"wp-block-image size-full\"><img decoding=\"async\" width=\"476\" height=\"324\" src=\"http:\/\/calli.digital\/revista\/wp-content\/uploads\/2024\/04\/image036.jpg\" alt=\"\" class=\"wp-image-4121\" loading=\"lazy\" srcset=\"http:\/\/calli.digital\/revista\/wp-content\/uploads\/2024\/04\/image036.jpg 476w, http:\/\/calli.digital\/revista\/wp-content\/uploads\/2024\/04\/image036-300x204.jpg 300w\" sizes=\"auto, (max-width: 476px) 100vw, 476px\" \/><\/figure>\n\n\n\n<p><br>\u00bfC\u00f3mo analizar el territorio? \u00bfC\u00f3mo hacer divisiones coherentes que nos den informaci\u00f3n medioambiental?, \u00bflas divisiones pol\u00edticas del territorio son muchas veces arbitrarias?<br>Dec\u00eda: Se debe considerar el agua en el pa\u00eds a trav\u00e9s de sus cuencas, subcuencas y microcuencas.<br>Todo enfoque de dise\u00f1o lo iniciaba de esa forma; sin importar su escala podr\u00eda ser un plan regional de manejo del agua o bien el dise\u00f1o paisaj\u00edstico de un parque. Los recursos h\u00eddricos son fundamentales con su entorno ambiental y territorial.<br>Las cuencas las ve\u00eda como un sistema de configuraci\u00f3n topol\u00f3gica multifactorial, es el territorio de ecosistemas y adem\u00e1s tambi\u00e9n existe una correlaci\u00f3n con las interacciones sociales.<br>Se\u00f1alaba que deb\u00eda existir Un Plan H\u00eddrico para toda Regi\u00f3n, manejo de agua. econom\u00eda circular en la escala regional:<br>En una cuenca como puede ser la Cuenca de la Ciudad de M\u00e9xico es indispensable establecer sistemas para la Captaci\u00f3n pluvial con potabilizaci\u00f3n y reuso urbano; tratamiento de aguas residuales por tipo de uso y mejoramiento en barrios (n\u00facleos verdes sustentables)<br>Limpiar corrientes de agua. Reestablecer cuerpos de agua. Recuperar los lagos de acuerdo con los sistemas h\u00eddricos naturales en el Valle de M\u00e9xico.<br>Generar una agricultura con sistemas sustentables: Chinampas; terrazas\/apantles, jagueyes, etc.<br>Al saber de la partida del Maestro Jorge Ponce me hace recordar su cita favorita:<\/p>\n\n\n\n<p>\u00a1TODO FLUYE!<\/p>\n\n\n\n<p class=\"has-small-font-size\"><strong><em>Iv\u00e1n Ernesto Gait\u00e1n Gonz\u00e1lez<\/em><\/strong><\/p>\n<\/body>","protected":false},"excerpt":{"rendered":"<p>El Maestro y Arquitecto Jorge Ponce Amezcua, nos ense\u00f1\u00f3 que la arquitectura era parte del medio ambiente si se realizaba<\/p>\n","protected":false},"author":33,"featured_media":0,"comment_status":"open","ping_status":"open","sticky":false,"template":"","format":"standard","meta":{"colormag_page_container_layout":"no_sidebar_full_width","colormag_page_sidebar_layout":"no_sidebar","om_disable_all_campaigns":false,"_monsterinsights_skip_tracking":false,"_monsterinsights_sitenote_active":false,"_monsterinsights_sitenote_note":"","_monsterinsights_sitenote_category":0,"footnotes":""},"categories":[57,25],"tags":[],"class_list":["post-4193","post","type-post","status-publish","format-standard","hentry","category-jorge-ponce-amezcua","category-monografias"],"_links":{"self":[{"href":"http:\/\/calli.digital\/revista\/index.php\/wp-json\/wp\/v2\/posts\/4193","targetHints":{"allow":["GET"]}}],"collection":[{"href":"http:\/\/calli.digital\/revista\/index.php\/wp-json\/wp\/v2\/posts"}],"about":[{"href":"http:\/\/calli.digital\/revista\/index.php\/wp-json\/wp\/v2\/types\/post"}],"author":[{"embeddable":true,"href":"http:\/\/calli.digital\/revista\/index.php\/wp-json\/wp\/v2\/users\/33"}],"replies":[{"embeddable":true,"href":"http:\/\/calli.digital\/revista\/index.php\/wp-json\/wp\/v2\/comments?post=4193"}],"version-history":[{"count":2,"href":"http:\/\/calli.digital\/revista\/index.php\/wp-json\/wp\/v2\/posts\/4193\/revisions"}],"predecessor-version":[{"id":4196,"href":"http:\/\/calli.digital\/revista\/index.php\/wp-json\/wp\/v2\/posts\/4193\/revisions\/4196"}],"wp:attachment":[{"href":"http:\/\/calli.digital\/revista\/index.php\/wp-json\/wp\/v2\/media?parent=4193"}],"wp:term":[{"taxonomy":"category","embeddable":true,"href":"http:\/\/calli.digital\/revista\/index.php\/wp-json\/wp\/v2\/categories?post=4193"},{"taxonomy":"post_tag","embeddable":true,"href":"http:\/\/calli.digital\/revista\/index.php\/wp-json\/wp\/v2\/tags?post=4193"}],"curies":[{"name":"wp","href":"https:\/\/api.w.org\/{rel}","templated":true}]}}