{"id":4197,"date":"2024-05-01T08:12:10","date_gmt":"2024-05-01T13:12:10","guid":{"rendered":"https:\/\/calli.digital\/revista\/?p=4197"},"modified":"2024-05-01T08:12:12","modified_gmt":"2024-05-01T13:12:12","slug":"introduccion","status":"publish","type":"post","link":"http:\/\/calli.digital\/revista\/index.php\/2024\/05\/01\/introduccion\/","title":{"rendered":"Introducci\u00f3n"},"content":{"rendered":"<body>\n<h2 class=\"wp-block-heading\"><strong>Alerta, Alerta M\u00e1xima<\/strong><\/h2>\n\n\n\n<figure class=\"wp-block-image alignleft size-full\"><img decoding=\"async\" width=\"80\" height=\"92\" src=\"http:\/\/calli.digital\/revista\/wp-content\/uploads\/2024\/04\/image037.jpg\" alt=\"\" class=\"wp-image-4122\" loading=\"lazy\"><figcaption class=\"wp-element-caption\">M. Alejandro Gayt\u00e1n C.<\/figcaption><\/figure>\n\n\n\n<p>El calentamiento global es una realidad que se aproxima de una manera acelerada con todas sus expresiones catastr\u00f3ficas, por m\u00e1s que haya sido negada por poderosos e ignorantes gobernantes de algunas grandes, pero contaminantes naciones.<br>Golpea a todos los habitantes de la tierra con un sinn\u00famero de fen\u00f3menos que nos alcanzan por todas partes y de muchas maneras: sequ\u00edas globales que terminan con la agricultura, con la ganader\u00eda, con el hombre mismo; Incremento en la temperatura a grados nunca antes sentidos que provocan la existencia de ciudades inhabitables y, aire contaminado; endemias; enormes bosques incendiados, donde, en instantes, terminan con vegetaci\u00f3n de milenios, con toda la fauna que en ellos han morado; heladas congelantes nunca antes vistas.<\/p>\n\n\n\n<div class=\"wp-block-columns is-layout-flex wp-container-core-columns-is-layout-28f84493 wp-block-columns-is-layout-flex\">\n<div class=\"wp-block-column is-layout-flow wp-block-column-is-layout-flow\">\n<figure class=\"wp-block-image aligncenter size-full\"><img decoding=\"async\" width=\"274\" height=\"177\" src=\"http:\/\/calli.digital\/revista\/wp-content\/uploads\/2024\/04\/image038.jpg\" alt=\"\" class=\"wp-image-4123\" loading=\"lazy\"><figcaption class=\"wp-element-caption\"><em>No llueve los campos se secan<\/em>.<\/figcaption><\/figure>\n<\/div>\n\n\n\n<div class=\"wp-block-column is-layout-flow wp-block-column-is-layout-flow\">\n<figure class=\"wp-block-image size-full\"><img decoding=\"async\" width=\"287\" height=\"178\" src=\"http:\/\/calli.digital\/revista\/wp-content\/uploads\/2024\/04\/image039-e1714265806736.jpg\" alt=\"\" class=\"wp-image-4124\" loading=\"lazy\"><\/figure>\n<\/div>\n<\/div>\n\n\n\n<p>Todo ello produce, cada d\u00eda m\u00e1s, una enorme escasez de alimentos, donde los pocos v\u00edveres que sobreviven llegan cada vez m\u00e1s a precios exorbitantes. Esto ha producido formas de vida fragmentada, desequilibrada; inmensas hambrunas, que causan desplazamientos humanos por millones. Y hoy, las enormes sequ\u00edas a la que nos enfrentamos a pasos agigantados, sin que tengamos armas para combatirlas.<\/p>\n\n\n\n<p class=\"has-medium-font-size\"><strong>CUIDEMOS EL AGUA Y NUESTRO AMBIENTE.<\/strong><\/p>\n\n\n\n<p>Los que vivimos en zonas altas, como lo es la Zona Metropolitana de la Ciudad de M\u00e9xico, somos conscientes de que en los \u00faltimos 20 a\u00f1os o m\u00e1s no se ha recibido un metro cubico adicional del agua que el sistema Lerma-Cutzamala nos env\u00eda y hoy, este sistema se encuentra a poco menos del 50% de su capacidad. El agua no aumenta, pero la poblaci\u00f3n contin\u00faa creciendo.<br>Adicionalmente, el agua extra\u00edda de los 600 pozos de la ciudad afecta aceleradamente el subsuelo, con todo lo que ello significa. Adem\u00e1s de estas condiciones, hoy casi la mitad de la poblaci\u00f3n de nuestra urbe carece de este precioso l\u00edquido. Por eso debemos cuidar el agua; evitar su desperdicio, su contaminaci\u00f3n; impedir su mal uso.<\/p>\n\n\n\n<p>Este problema se repite en todo el pa\u00eds, principalmente en su centro y norte, donde la falta de este vital l\u00edquido afecta a todos, sus cultivos y animales; aunado a esto, grandes corporaciones se han apoderado de tan vital elemento, incrementando su escasez en la poblaci\u00f3n.<\/p>\n\n\n\n<p>Su terrible escasez es un conflicto mundial, que d\u00eda a d\u00eda es m\u00e1s grave en m\u00e1s sitios, con mayor fuerza. Aunado a esto, su contaminaci\u00f3n crece cada d\u00eda m\u00e1s. Existen en los oc\u00e9anos cinco enormes \u201cislas pl\u00e1sticas\u201d la mayor de ellas, superior al todo nuestro pa\u00eds, que contiene m\u00e1s de dos billones de productos pl\u00e1sticos, entre botellas, empaques, desperdicios.<br>Toda esta \u201cbasura\u201d en su inmensa mayor\u00eda lleg\u00f3 por los r\u00edos y salidas artificiales de poblaciones que desembocan en el mar. El pl\u00e1stico tambi\u00e9n trae muchos beneficios, el problema estriba en que no hemos sabido usarlo racionalmente; ni c\u00f3mo usarlo coherentemente sin afectar, en lo posible, al medio ambiente.<\/p>\n\n\n\n<p>Pero \u00bfEs posible controlar esta contaminaci\u00f3n? Claro que s\u00ed, pero solo puede ser posible con la participaci\u00f3n de toda la gente, de gobiernos, comerciantes y consumidores del mundo.<\/p>\n\n\n\n<p>Hace poco, en una gran tienda de autoservicio, en la zona de alimentos y productos para el hogar, descubr\u00ed que, todos ten\u00edan un empaque de alta resistencia que seguramente se convertir\u00eda en una basura irrompible, indestructible. Eso, adem\u00e1s de las bolsas de pl\u00e1stico con que entregan las mercanc\u00edas; son cosas que se convertir\u00e1n irremediablemente en elementos contaminantes.<\/p>\n\n\n\n<figure class=\"wp-block-image aligncenter size-full\"><img decoding=\"async\" width=\"534\" height=\"225\" src=\"http:\/\/calli.digital\/revista\/wp-content\/uploads\/2024\/04\/image040.jpg\" alt=\"\" class=\"wp-image-4125\" loading=\"lazy\" srcset=\"http:\/\/calli.digital\/revista\/wp-content\/uploads\/2024\/04\/image040.jpg 534w, http:\/\/calli.digital\/revista\/wp-content\/uploads\/2024\/04\/image040-300x126.jpg 300w\" sizes=\"auto, (max-width: 534px) 100vw, 534px\" \/><figcaption class=\"wp-element-caption\"><em>Contaminaci\u00f3n en la ribera del r\u00edo Tequisquiapan, despu\u00e9s de un desbordamiento<\/em><\/figcaption><\/figure>\n\n\n\n<p>En un viaje de hace poco a una ciudad de M\u00e9xico, vi que produc\u00edan muy poca basura. El abasto para los hogares se hac\u00eda en bolsas de yute, donde vaciaban los productos sin un envoltorio especial, Pero si esta era necesaria, se envolv\u00edan en papel; los que se obten\u00edan se almacenaban en una guarda, para despu\u00e9s usarlos en el calentador de agua. Los desechos de la comida serv\u00edan para alimentar a los animales: el perro, las gallinas o cualquier otro animal mayor que tuvieran. Estos es solo un recuerdo, del pasado.<\/p>\n\n\n\n<p>Pero, lo que increment\u00f3 esta terrible ola contaminantes fue el pl\u00e1stico mal usado. Debemos encontrar la forma de detener este mal uso. Tambi\u00e9n est\u00e1 el enorme problema de la poluci\u00f3n ambiental, provocada principalmente por m\u00e1quinas de combusti\u00f3n interna que<br>afecta principalmente al medio ambiente de las urbes. Vemos lo que sucede en nuestras ciudades y es muy complicado llegar a una soluci\u00f3n. Necesitamos cuidar el agua, pero limpia, sin contaminantes.<\/p>\n\n\n\n<p>En contraposici\u00f3n, conozcamos lo que est\u00e1 pasando en otros lugares: En Barcelona, Paris, Los Pa\u00edses Bajos, se ha fortalecido la organizaci\u00f3n urbana para crear otras formas de vida. Grandes circulaciones se han convertido en calles con zonas arboladas, de juegos para los peque\u00f1os, para los peatones y, por supuesto, para las bicicletas; han vuelto a renacer los r\u00edos, con su equilibrio f\u00edsico y belleza.<\/p>\n\n\n\n<p>A esta forma de vida le llaman \u201cla Ciudad de los 15 minutos y significa que se pueden realizar las actividades cotidianas en ese lapso. La escuela, el trabajo, los comercios se encuentran ah\u00ed. Con algunas manzanas estudiadas dentro de un gran proyecto urbano de cada ciudad, se han establecido estas. Significa la desaparici\u00f3n total del mal uso del autom\u00f3vil; los que se usan deben de circular a muy baja velocidad, En este tema tambi\u00e9n, ya est\u00e1n surgiendo soluciones a nivel mundial, pero todav\u00eda su escala es peque\u00f1a en relaci\u00f3n con la dimensi\u00f3n del problema.<br>Sabemos que el saneamiento ambiental es otra situaci\u00f3n que se encuentra aparejada con el problema del agua, Que la falta de servicios adecuados afecta la salud y la forma de vida de los ciudadanos, lo que es una raz\u00f3n m\u00e1s para buscar la participaci\u00f3n generalizada en la b\u00fasqueda de diversas soluciones para aminorar, al menos, esta situaci\u00f3n.<br>Como arquitectos debemos buscar, que, en nuestra participaci\u00f3n en la realizaci\u00f3n de cualquier obra, realicemos la captaci\u00f3n, utilizaci\u00f3n, almacenamiento y tratamiento de tan vital elemento.<\/p>\n\n\n\n<p>Conocemos lo que han tratado de hacer personajes de nuestro gremio, como fue el Arq. Jos\u00e9 Mar\u00eda Guti\u00e9rrez, quien trabaj\u00f3 con pasi\u00f3n para auxiliar a las comunidades desprotegidas en las grandes ciudades, donde busc\u00f3 nuevas soluciones, e integr\u00f3 a j\u00f3venes provenientes de la UNAM; IPN y UAM, en esta b\u00fasqueda. Tambi\u00e9n lo hizo en el medio rural, explorando el aprovechamiento de los recursos con que contaban los miembros de las comunidades rurales.<\/p>\n\n\n\n<p>La responsabilidad mayor se tiene en las soluciones urbanas, que permitan organizar las ciudades de una forma tal, que se proteja al agua y sus habitantes de este gran desequilibrio.<\/p>\n\n\n\n<p>El primer camino es evitar que los r\u00edos contin\u00faen con este sendero de contaminaci\u00f3n y p\u00e9rdida de sus funciones naturales.<\/p>\n\n\n\n<p>El notable trabajo del Arq. Jorge Ponce, en este n\u00famero nos plantea algunas soluciones para los dos aspectos: la obtenci\u00f3n de m\u00e1s agua para las poblaciones y diversos sistemas de control de su contaminaci\u00f3n.<\/p>\n\n\n\n<p>Propongo que, con el talento y la experiencia de los miembros de nuestro gremio: arquitectos, ingenieros, urbanistas y con ellos, todos los mexicanos, participemos en la b\u00fasqueda de soluciones a nivel nacional y mundial, con estudios y propuestas de posibles soluciones; a nivel de cada ciudadano y como integrante de su comunidad.<\/p>\n\n\n\n<p>Ello ayudar\u00e1 al menos en cambiar nuestro comportamiento en el uso del agua y disminuyamos todas estas problem\u00e1ticas<\/p>\n\n\n\n<p><\/p>\n<\/body>","protected":false},"excerpt":{"rendered":"<p>Alerta, Alerta M\u00e1xima El calentamiento global es una realidad que se aproxima de una manera acelerada con todas sus expresiones<\/p>\n","protected":false},"author":2,"featured_media":0,"comment_status":"open","ping_status":"open","sticky":false,"template":"","format":"standard","meta":{"colormag_page_container_layout":"default_layout","colormag_page_sidebar_layout":"default_layout","om_disable_all_campaigns":false,"_monsterinsights_skip_tracking":false,"_monsterinsights_sitenote_active":false,"_monsterinsights_sitenote_note":"","_monsterinsights_sitenote_category":0,"footnotes":""},"categories":[57],"tags":[],"class_list":["post-4197","post","type-post","status-publish","format-standard","hentry","category-jorge-ponce-amezcua"],"_links":{"self":[{"href":"http:\/\/calli.digital\/revista\/index.php\/wp-json\/wp\/v2\/posts\/4197","targetHints":{"allow":["GET"]}}],"collection":[{"href":"http:\/\/calli.digital\/revista\/index.php\/wp-json\/wp\/v2\/posts"}],"about":[{"href":"http:\/\/calli.digital\/revista\/index.php\/wp-json\/wp\/v2\/types\/post"}],"author":[{"embeddable":true,"href":"http:\/\/calli.digital\/revista\/index.php\/wp-json\/wp\/v2\/users\/2"}],"replies":[{"embeddable":true,"href":"http:\/\/calli.digital\/revista\/index.php\/wp-json\/wp\/v2\/comments?post=4197"}],"version-history":[{"count":2,"href":"http:\/\/calli.digital\/revista\/index.php\/wp-json\/wp\/v2\/posts\/4197\/revisions"}],"predecessor-version":[{"id":4259,"href":"http:\/\/calli.digital\/revista\/index.php\/wp-json\/wp\/v2\/posts\/4197\/revisions\/4259"}],"wp:attachment":[{"href":"http:\/\/calli.digital\/revista\/index.php\/wp-json\/wp\/v2\/media?parent=4197"}],"wp:term":[{"taxonomy":"category","embeddable":true,"href":"http:\/\/calli.digital\/revista\/index.php\/wp-json\/wp\/v2\/categories?post=4197"},{"taxonomy":"post_tag","embeddable":true,"href":"http:\/\/calli.digital\/revista\/index.php\/wp-json\/wp\/v2\/tags?post=4197"}],"curies":[{"name":"wp","href":"https:\/\/api.w.org\/{rel}","templated":true}]}}