{"id":4201,"date":"2024-04-30T20:16:23","date_gmt":"2024-05-01T01:16:23","guid":{"rendered":"https:\/\/calli.digital\/revista\/?p=4201"},"modified":"2024-04-27T20:19:29","modified_gmt":"2024-04-28T01:19:29","slug":"curriculum-9","status":"publish","type":"post","link":"http:\/\/calli.digital\/revista\/index.php\/2024\/04\/30\/curriculum-9\/","title":{"rendered":"Curriculum"},"content":{"rendered":"<body>\n<h2 class=\"wp-block-heading\"><strong>Arq. Jorge Ponce Amezcua<\/strong><\/h2>\n\n\n\n<figure class=\"wp-block-image alignleft size-medium\"><img decoding=\"async\" width=\"300\" height=\"204\" src=\"https:\/\/calli.digital\/revista\/wp-content\/uploads\/2024\/04\/image036-300x204.jpg\" alt=\"\" class=\"wp-image-4121\" loading=\"lazy\" srcset=\"http:\/\/calli.digital\/revista\/wp-content\/uploads\/2024\/04\/image036-300x204.jpg 300w, http:\/\/calli.digital\/revista\/wp-content\/uploads\/2024\/04\/image036.jpg 476w\" sizes=\"auto, (max-width: 300px) 100vw, 300px\" \/><figcaption class=\"wp-element-caption\">Arq. Jorge Ponce Amezcua<\/figcaption><\/figure>\n\n\n\n<p>Arquitecto por la UNAM. Fundador y director general del Laboratorio de Urbanismo y Planeaci\u00f3n Ambiental, LUPA, laboratorio de arquitectura dedicado a la elaboraci\u00f3n y ejecuci\u00f3n de proyectos, planes y obras con gran \u00e9nfasis en asuntos ambientales, principalmente en cuanto al manejo del agua, energ\u00edas renovables, residuos y alimentos.<br>Su experiencia incluy\u00f3 la planeaci\u00f3n urbana y regional, la planeaci\u00f3n ambiental, arquitectura de paisaje, dise\u00f1o arquitect\u00f3nico y dise\u00f1o urbano en sectores como planeaci\u00f3n regional, microrregional y urbana, industria, desarrollo inmobiliario, turismo, recreaci\u00f3n, cultura y deporte. Lo ha aplicado en diferentes planes como: Plan de Restauraci\u00f3n Ambiental de la Ciudad de M\u00e9xico y su regi\u00f3n (1985); Plan de Manejo de Aguas Residuales Industriales de la Zona Metropolitana de Monterrey (1996); Plan de Manejo de Agua para la subcuenca de Tizayuca-Pachuca (2000) (200,000 ha), etc.<br>\u00daltimamente trabaj\u00f3 en planteamientos para la limpieza del R\u00edo Lerma, el manejo de agua en Tizayuca, Hgo. y varios proyectos relacionados con energ\u00edas renovables en diferentes partes de M\u00e9xico. Entre otros proyectos desarroll\u00f3: El Rancho El Dorado, en San Felipe, B.C. (12,500 ha), el Parque Metropolitano de Puebla; el Parque Expo Bicentenario en Guanajuato; el Parque Manuel \u00c1vila Camacho, en Zapopan; el Taller No. 1 de Locomotoras Diesel en SLP (Premio Industria Verde Hannover 2000).nuyamos todas estas problem\u00e1ticas<\/p>\n\n\n\n<p><\/p>\n<\/body>","protected":false},"excerpt":{"rendered":"<p>Arq. Jorge Ponce Amezcua Arquitecto por la UNAM. Fundador y director general del Laboratorio de Urbanismo y Planeaci\u00f3n Ambiental, LUPA,<\/p>\n","protected":false},"author":1,"featured_media":0,"comment_status":"open","ping_status":"open","sticky":false,"template":"","format":"standard","meta":{"colormag_page_container_layout":"default_layout","colormag_page_sidebar_layout":"default_layout","om_disable_all_campaigns":false,"_monsterinsights_skip_tracking":false,"_monsterinsights_sitenote_active":false,"_monsterinsights_sitenote_note":"","_monsterinsights_sitenote_category":0,"footnotes":""},"categories":[57],"tags":[],"class_list":["post-4201","post","type-post","status-publish","format-standard","hentry","category-jorge-ponce-amezcua"],"_links":{"self":[{"href":"http:\/\/calli.digital\/revista\/index.php\/wp-json\/wp\/v2\/posts\/4201","targetHints":{"allow":["GET"]}}],"collection":[{"href":"http:\/\/calli.digital\/revista\/index.php\/wp-json\/wp\/v2\/posts"}],"about":[{"href":"http:\/\/calli.digital\/revista\/index.php\/wp-json\/wp\/v2\/types\/post"}],"author":[{"embeddable":true,"href":"http:\/\/calli.digital\/revista\/index.php\/wp-json\/wp\/v2\/users\/1"}],"replies":[{"embeddable":true,"href":"http:\/\/calli.digital\/revista\/index.php\/wp-json\/wp\/v2\/comments?post=4201"}],"version-history":[{"count":2,"href":"http:\/\/calli.digital\/revista\/index.php\/wp-json\/wp\/v2\/posts\/4201\/revisions"}],"predecessor-version":[{"id":4203,"href":"http:\/\/calli.digital\/revista\/index.php\/wp-json\/wp\/v2\/posts\/4201\/revisions\/4203"}],"wp:attachment":[{"href":"http:\/\/calli.digital\/revista\/index.php\/wp-json\/wp\/v2\/media?parent=4201"}],"wp:term":[{"taxonomy":"category","embeddable":true,"href":"http:\/\/calli.digital\/revista\/index.php\/wp-json\/wp\/v2\/categories?post=4201"},{"taxonomy":"post_tag","embeddable":true,"href":"http:\/\/calli.digital\/revista\/index.php\/wp-json\/wp\/v2\/tags?post=4201"}],"curies":[{"name":"wp","href":"https:\/\/api.w.org\/{rel}","templated":true}]}}