{"id":4209,"date":"2024-04-30T21:08:35","date_gmt":"2024-05-01T02:08:35","guid":{"rendered":"https:\/\/calli.digital\/revista\/?p=4209"},"modified":"2024-04-27T21:37:00","modified_gmt":"2024-04-28T02:37:00","slug":"volcan-de-yahuelique-ciudad-de-mexico","status":"publish","type":"post","link":"http:\/\/calli.digital\/revista\/index.php\/2024\/04\/30\/volcan-de-yahuelique-ciudad-de-mexico\/","title":{"rendered":"Reciclo-ducto"},"content":{"rendered":"<body>\n<h2 class=\"wp-block-heading\">Mixquic-Chapultepec<\/h2>\n\n\n\n<div class=\"wp-block-columns is-layout-flex wp-container-core-columns-is-layout-28f84493 wp-block-columns-is-layout-flex\">\n<div class=\"wp-block-column is-layout-flow wp-block-column-is-layout-flow\">\n<figure class=\"wp-block-image aligncenter size-full\"><img decoding=\"async\" width=\"475\" height=\"358\" src=\"http:\/\/calli.digital\/revista\/wp-content\/uploads\/2024\/04\/image057.gif\" alt=\"\" class=\"wp-image-4142\" loading=\"lazy\"><\/figure>\n<\/div>\n\n\n\n<div class=\"wp-block-column is-layout-flow wp-block-column-is-layout-flow\">\n<p>A principios del 2008 el Ing. Luis Bolland Carrere, miembro de la Benem\u00e9rita Sociedad Mexicana de Geograf\u00eda y Estad\u00edstica, primera en Am\u00e9rica continental y cuarta en el mundo, nos propuso hacer, en forma conjunta, una propuesta para restaurar los respiraderos del acueducto Mixquic-Chapultepec, construido con motivo del centenario de la Independencia de M\u00e9xico; estructuras que se construyeron en 1905 en anticipaci\u00f3n a estas festividades.<\/p>\n\n\n\n<p>Interesante planteamiento para la restauraci\u00f3n -que no se ha hecho, por cierto-, al que pronto, y con la intenci\u00f3n de darle alg\u00fan uso a una estructura urbana abandonada, aunamos la propuesta de reconvertir y modernizar su uso para construir una l\u00ednea en ambos sentidos que manejara aguas residuales tratadas para las \u00e1reas verdes de la ciudad y algunas industrias, as\u00ed como para regresarle a Xochimilco parte de su aportaci\u00f3n hidrica.<\/p>\n<\/div>\n<\/div>\n\n\n\n<div class=\"wp-block-columns is-layout-flex wp-container-core-columns-is-layout-28f84493 wp-block-columns-is-layout-flex\">\n<div class=\"wp-block-column is-layout-flow wp-block-column-is-layout-flow\">\n<p>A esa primera l\u00ednea transversal unir\u00edamos el tramo del antiguo acueducto de Chapultepec al Salto del Agua y, en la misma agua del sector de la zona de Tacuba a Tenochtitlan y que pasa por la ahora calle de Tacuba y, hacia el poniente, hasta el sector Tacuba. incluimos el acueducto de Santa Fe-Chapultepec y, con eso y un par de tramos m\u00e1s, formamos una estructura de reciclaje de agua para toda la ciudad que partiera desde el Tepeyac al norte, hasta Mixquic al Sur, Santa Fe y Guadalupe al poniente y el Viaducto Miguel Alem\u00e1n al oriente hasta la Gertrudis G\u00f3mez y as\u00ed, servir a la ciudad con las muy necesarias aguas residuales tratadas aprovechando las estructuras en desuso y mejorando o ampliando otras infraestructuras en punto de caducidad. Presentamos las propuestas a los funcionarios que consideramos apropiados y pertinentes con el \u00e9xito conocido hasta hoy: Ninguno. Posteriormente la propuesta fue presentada en un par de foros p\u00fablicos con la consecuente decepci\u00f3n rotunda que este tipo de propuestas consigue para sus autores. \u00a0\u00a0\u00a0\u00a0\u00a0\u00a0\u00a0\u00a0\u00a0\u00a0\u00a0<\/p>\n<\/div>\n\n\n\n<div class=\"wp-block-column is-layout-flow wp-block-column-is-layout-flow\">\n<figure class=\"wp-block-image size-full\"><img decoding=\"async\" width=\"471\" height=\"277\" src=\"http:\/\/calli.digital\/revista\/wp-content\/uploads\/2024\/04\/image058.gif\" alt=\"\" class=\"wp-image-4143\" loading=\"lazy\"><\/figure>\n<\/div>\n<\/div>\n\n\n\n<p>Otras propuestas, como la de la Central de Abastos Solar, las presentamos con el mismo fracaso rotundo, tanto en foros como a las autoridades de la ciudad y de la misma CEDA. \u00a0Ellas, corrieron la suerte de las buenas ideas en M\u00e9xico:\u00a0 los autores no reciben beneficio alguno, si no es que, hasta insultos, pero bueno, ni el cr\u00e9dito b\u00e1sico, aunque, para los que logran hacerlo, implique un muy buen negocio y laureles en la testa para la autoridad que lo autoriza. En M\u00e9xico las ideas aparecen por generaci\u00f3n espont\u00e1nea en la mente de los profusos \u2013y profusas- autorizadores(as) en turno.<\/p>\n\n\n\n<p>Pero volviendo al tema que nos ocupa: por incre\u00edble que parezca, en la ciudad de M\u00e9xico no hay plantas de tratamiento de aguas residuales y las \u00e1reas verdes, aunque las pipas digan \u201caguas tratadas\u201d, se riegan con agua potable que puede venir de Xochimilco o de Cutzamala. El costo de esas aguas es enorme. La ciudad tiene unas 4,200 ha de \u00e1reas verdes que requieren de alg\u00fan tipo de cuidado h\u00eddrico en temporada de secas o de plano riego constante sin contar la infinidad de jardines privados. Por ponerle un ejemplo: \u00bfsab\u00eda usted, acucioso lector, que la Alameda Central se riega con agua que se lleva desde Chapultepec por un tubo a lo largo del Paseo de la Reforma?\u00a0 Y as\u00ed por el estilo.<\/p>\n\n\n\n<p>El caudal enorme de aguas residuales que produce la ciudad, como ya se ha se\u00f1alado anteriormente, es de alrededor de 40 m<sup>3<\/sup>\/seg. y de los que se tratan un 7% apostando con ganas y por supuesto se desaprovecha el potencial gigante de esas aguas. Lo de la PTAR del cerro de la Estrella se manda a Xochimilco\u00a0 y son unos 2 m<sup>3<\/sup>\/seg. Aunque su capacidad sea mayor.<\/p>\n\n\n\n<p>Nuestra propuesta va en el sentido de que los proyectos no impliquen m\u00e1s y m\u00e1s gasto de dinero para la ciudad, sino de que, adem\u00e1s de \u201cpagarse solos\u201d, sean productivos y por lo tanto, redituables y, si se quiere verdaderamente poner en pr\u00e1ctica la bandera de la sustentabilidad, habr\u00e1 que plantear como principio de proyecto, que \u00e9stos no requieran de enormes inversiones -que generalmente se sufragan con pr\u00e9stamos internacionales que obviamente hay que repagar con los respectivos intereses a muchos a\u00f1os-, cuando la ventaja de los proyectos productivos es que solo hay que invertir en la primera parte o etapa y las siguientes deben ser autofinanciables y productivas en dinero. Adicionalmente habr\u00eda que crear la figura del DRO p\u00fablico, para saber qui\u00e9n o qui\u00e9nes sean los responsables por los desperfectos y complicaciones futuras y, en esa l\u00ednea, el DRF(director responsable financiero) para que no se les haga tan f\u00e1cil adquirir responsabilidades que saben que no tendr\u00e1n que cumplir.<\/p>\n\n\n\n<div class=\"wp-block-columns is-layout-flex wp-container-core-columns-is-layout-28f84493 wp-block-columns-is-layout-flex\">\n<div class=\"wp-block-column is-layout-flow wp-block-column-is-layout-flow\">\n<figure class=\"wp-block-image size-full\"><img decoding=\"async\" width=\"488\" height=\"319\" src=\"http:\/\/calli.digital\/revista\/wp-content\/uploads\/2024\/04\/image059.gif\" alt=\"\" class=\"wp-image-4144\" loading=\"lazy\"><figcaption class=\"wp-element-caption\"><em>Vista general de la CEDA Solar desde el sur poniente donde se aprecia el aprovechamiento de la orientaci\u00f3n de los edificios y la inclinaci\u00f3n de las techumbres de los pasillos, muy apropiada para la iluminaci\u00f3n diurna de los pasillos y para la instalaci\u00f3n de paneles fotovoltaicos. La superficie a cubrir es de cerca de 40 ha (400,000 m<sup>2<\/sup>), suficiente para alojar 200 mil paneles con potencia de 240 Wp c\/u, que en 2010, tendr\u00edan una potencia de 48 MWp que con 6 horas de exposici\u00f3n promedio llegar\u00edan a producir 288 MWh\/d\u00eda.\u00a0 Ahora hay paneles m\u00e1s poderosos, de hasta 300 y hasta 350 Wp o m\u00e1s. El costo del Watt instalado ha pasado de 1 d\u00f3lar a 20c de d\u00f3lar de 1975 a la fecha.<\/em><\/figcaption><\/figure>\n<\/div>\n\n\n\n<div class=\"wp-block-column is-layout-flow wp-block-column-is-layout-flow\">\n<p><strong>Descripci\u00f3n general:<\/strong>\u00a0 El Reciclo ducto \u00e2, Mixquic-Chapultepec tiene una longitud de 24 km, aprox., cuenta con 24 PTAR, una por kil\u00f3metro <em>en una primera etapa. Colecta las aguas residuales de las avenidas<\/em> que bajan del poniente; no trata todo el volumen sino s\u00f3lo la parte correspondiente a la capacidad instalada. Las PTAR que proponemos son Biotechna o similar, que funcionan a base de microalgas que metabolizan la materia org\u00e1nica y otras part\u00edculas suspendidas y en modo est\u00e9ril, el proceso de digesti\u00f3n resulta en la auto floculaci\u00f3n de un producto equiparable a un biocombustible que puede ser usado para generar energ\u00eda para el alumbrado p\u00fablico en esa primera etapa.<\/p>\n\n\n\n<p>El agua tratada se separa de lo floculado y puede pasar a un proceso de limpieza adicional. En t\u00e9rminos de dinero, produce unos 2 millones de pesos diarios muy conservadoramente. Con seguridad habr\u00e1 qui\u00e9n esto le parezca poco\u2026 de todo hay. No s\u00e9 si es tan poco cuando es una inversi\u00f3n que se liquida en 500 d\u00edas y a partir de entonces cuesta el 10% del ingreso en un lugar que ahora produce cero y solo causa gastos y dolores de cabeza.<\/p>\n<\/div>\n<\/div>\n\n\n\n<p>Desde Mixquic hasta Xotepingo existe el acueducto original que est\u00e1 formado por una elegante b\u00f3veda de secci\u00f3n parab\u00f3lica de unos 2.5 m de base por 2.8 de altura, aprox., construida con ladrillo de terracota.\u00a0 La b\u00f3veda, hasta donde s\u00e9, se suspende en Xotepingo y aparece de nuevo hasta la avenida Nuevo Le\u00f3n y de ah\u00ed hasta la antigua casa de bombas de Av. Patriotismo esquina con Alfonso Reyes, donde ahora est\u00e1 el edificio que fue de Comercio Exterior y que \u201cendenantes\u201d ocupaba el hermoso edificio de las Tortugas, que a alg\u00fan funcionario irresponsable se le ocurri\u00f3 llevar a Tlalpan.\u00a0 Esa fuente de las Tortugas es propiedad hist\u00f3rica de la Colonia Hip\u00f3dromo de la Condesa y en mi opini\u00f3n debe regresar a su lugar de origen. \u00bfQu\u00e9 pas\u00f3 con el tramo de Xotepingo al Viaducto? \u00bfEst\u00e1 enterrado? \u00bfDemolieron la b\u00f3veda? \u00bfY las torres? \u00bflas tiraron a la basura porque estaban viejas las piedras? \u00bfy los capiteles? \u00a1En la Condesa tiraron literalmente a la basura las piedras volc\u00e1nicas labradas a mano en 1925-30 que formaban las guarniciones de las banquetas y pusieron en su lugar guarniciones de concreto de calidad bastante regular.<\/p>\n\n\n\n<p class=\"has-small-font-size\"><\/p>\n<\/body>","protected":false},"excerpt":{"rendered":"<p>Mixquic-Chapultepec A principios del 2008 el Ing. Luis Bolland Carrere, miembro de la Benem\u00e9rita Sociedad Mexicana de Geograf\u00eda y Estad\u00edstica,<\/p>\n","protected":false},"author":60,"featured_media":0,"comment_status":"open","ping_status":"open","sticky":false,"template":"","format":"standard","meta":{"colormag_page_container_layout":"default_layout","colormag_page_sidebar_layout":"default_layout","om_disable_all_campaigns":false,"_monsterinsights_skip_tracking":false,"_monsterinsights_sitenote_active":false,"_monsterinsights_sitenote_note":"","_monsterinsights_sitenote_category":0,"footnotes":""},"categories":[57],"tags":[],"class_list":["post-4209","post","type-post","status-publish","format-standard","hentry","category-jorge-ponce-amezcua"],"_links":{"self":[{"href":"http:\/\/calli.digital\/revista\/index.php\/wp-json\/wp\/v2\/posts\/4209","targetHints":{"allow":["GET"]}}],"collection":[{"href":"http:\/\/calli.digital\/revista\/index.php\/wp-json\/wp\/v2\/posts"}],"about":[{"href":"http:\/\/calli.digital\/revista\/index.php\/wp-json\/wp\/v2\/types\/post"}],"author":[{"embeddable":true,"href":"http:\/\/calli.digital\/revista\/index.php\/wp-json\/wp\/v2\/users\/60"}],"replies":[{"embeddable":true,"href":"http:\/\/calli.digital\/revista\/index.php\/wp-json\/wp\/v2\/comments?post=4209"}],"version-history":[{"count":2,"href":"http:\/\/calli.digital\/revista\/index.php\/wp-json\/wp\/v2\/posts\/4209\/revisions"}],"predecessor-version":[{"id":4213,"href":"http:\/\/calli.digital\/revista\/index.php\/wp-json\/wp\/v2\/posts\/4209\/revisions\/4213"}],"wp:attachment":[{"href":"http:\/\/calli.digital\/revista\/index.php\/wp-json\/wp\/v2\/media?parent=4209"}],"wp:term":[{"taxonomy":"category","embeddable":true,"href":"http:\/\/calli.digital\/revista\/index.php\/wp-json\/wp\/v2\/categories?post=4209"},{"taxonomy":"post_tag","embeddable":true,"href":"http:\/\/calli.digital\/revista\/index.php\/wp-json\/wp\/v2\/tags?post=4209"}],"curies":[{"name":"wp","href":"https:\/\/api.w.org\/{rel}","templated":true}]}}