{"id":4212,"date":"2024-04-30T21:26:26","date_gmt":"2024-05-01T02:26:26","guid":{"rendered":"https:\/\/calli.digital\/revista\/?p=4212"},"modified":"2024-04-27T21:40:20","modified_gmt":"2024-04-28T02:40:20","slug":"volcan-de-yahuelique-ciudad-de-mexico-2","status":"publish","type":"post","link":"http:\/\/calli.digital\/revista\/index.php\/2024\/04\/30\/volcan-de-yahuelique-ciudad-de-mexico-2\/","title":{"rendered":"Volc\u00e1n de Yahuelique, Ciudad de M\u00e9xico"},"content":{"rendered":"<body>\n<h2 class=\"wp-block-heading\">Esto es lo que necesitas, Aunque no sabes que lo necesitas.<\/h2>\n\n\n\n<div class=\"wp-block-columns is-layout-flex wp-container-core-columns-is-layout-28f84493 wp-block-columns-is-layout-flex\">\n<div class=\"wp-block-column is-layout-flow wp-block-column-is-layout-flow\">\n<figure class=\"wp-block-image aligncenter size-full\"><img decoding=\"async\" width=\"518\" height=\"426\" src=\"http:\/\/calli.digital\/revista\/wp-content\/uploads\/2024\/04\/image053.jpg\" alt=\"\" class=\"wp-image-4138\" loading=\"lazy\" srcset=\"http:\/\/calli.digital\/revista\/wp-content\/uploads\/2024\/04\/image053.jpg 518w, http:\/\/calli.digital\/revista\/wp-content\/uploads\/2024\/04\/image053-300x247.jpg 300w\" sizes=\"auto, (max-width: 518px) 100vw, 518px\" \/><\/figure>\n<\/div>\n\n\n\n<div class=\"wp-block-column is-layout-flow wp-block-column-is-layout-flow\">\n<p>Este volc\u00e1n, ahora bastante degradado de su forma original ya que ha servido como mina de materiales p\u00e9treos (tezontles) para la construcci\u00f3n desde 1980, se ubica en el extremo poniente de la Sierra de Santa Catarina, al oriente del volc\u00e1n conocido como Cerro de la Estrella. Todo mundo lo ha visto y se caracteriza por su color rojo tezontle intenso y es inevitable verlo desde la Av. Zaragoza en tr\u00e1nsito por Iztapalapa-Neza. Su ubicaci\u00f3n en el aspecto hidrol\u00f3gico es interesante puesto que se localiza en la \u201cfrontera\u201d de tres acu\u00edferos: el de M\u00e9xico, el de Texcoco y de Chalco-Tl\u00e1huac.<\/p>\n\n\n\n<p>Santa Catarina es una de las formaciones volc\u00e1nicas m\u00e1s recientes en la cuenca de M\u00e9xico y es la responsable de haber dividido el mar interior que iba desde las estribaciones del Chichinautzin, hasta las de la sierra de Paula. Luego de su aparici\u00f3n en el paisaje, se formaron los lagos de las microrregiones que ahora se conocen como de Chalco-Tl\u00e1huac, de Texcoco y de M\u00e9xico.<\/p>\n<\/div>\n<\/div>\n\n\n\n<div class=\"wp-block-columns is-layout-flex wp-container-core-columns-is-layout-28f84493 wp-block-columns-is-layout-flex\">\n<div class=\"wp-block-column is-layout-flow wp-block-column-is-layout-flow\">\n<p>Este proyecto fue encargado por la C\u00e1mara Arenera del Distrito Federal y el Estado de M\u00e9xico en1992 como parte de la documentaci\u00f3n para solicitar la actualizaci\u00f3n de las cotas de explotaci\u00f3n de los materiales p\u00e9treos y como propuesta para el abandono de sitio, para la Manifestaci\u00f3n de Impacto Ambiental realizada por ERM-M\u00e9xico, SA. Para todas las minas de la Sierra de Santa Catarina. La Sierra es, o era, un paisaje ic\u00f3nico de la ciudad de M\u00e9xico. Las im\u00e1genes de Jos\u00e9 Mar\u00eda Velasco lo inmortalizaron en la memoria defe\u00f1a. Ha resistido las presiones del \u201ccrecimiento urbano\u201d tipo c\u00e1ncer y a\u00fan quedan, si no me equivoco, unas 10 mil ha de sierra sin ocupaci\u00f3n de asentamientos irregulares mejor conocidos como invasiones. \u00a0\u00a0\u00a0\u00a0\u00a0\u00a0\u00a0\u00a0\u00a0\u00a0\u00a0\u00a0\u00a0\u00a0 \u00a0\u00a0\u00a0\u00a0\u00a0\u00a0\u00a0\u00a0\u00a0\u00a0\u00a0\u00a0\u00a0\u00a0\u00a0\u00a0\u00a0\u00a0\u00a0\u00a0\u00a0\u00a0\u00a0\u00a0\u00a0\u00a0\u00a0\u00a0\u00a0\u00a0\u00a0\u00a0\u00a0\u00a0\u00a0\u00a0\u00a0\u00a0\u00a0\u00a0\u00a0\u00a0\u00a0\u00a0\u00a0\u00a0\u00a0\u00a0\u00a0\u00a0\u00a0\u00a0\u00a0\u00a0\u00a0\u00a0\u00a0\u00a0\u00a0\u00a0\u00a0\u00a0\u00a0\u00a0\u00a0\u00a0\u00a0\u00a0\u00a0\u00a0<\/p>\n\n\n\n<p>La Direcci\u00f3n de Yacimientos P\u00e9treos del DF propon\u00eda que la autorizaci\u00f3n se ci\u00f1era a unas cotas marcadas por el Instituto de Ingenier\u00eda de la UNAM, cuya propuesta consist\u00eda b\u00e1sicamente en rebanar todos los volcanes a la misma altura\u2026 o sea, \u00a1adi\u00f3s paisaje!<\/p>\n<\/div>\n\n\n\n<div class=\"wp-block-column is-layout-flow wp-block-column-is-layout-flow\">\n<figure class=\"wp-block-image size-full\"><img decoding=\"async\" width=\"549\" height=\"412\" src=\"http:\/\/calli.digital\/revista\/wp-content\/uploads\/2024\/04\/image054.jpg\" alt=\"\" class=\"wp-image-4139\" loading=\"lazy\" srcset=\"http:\/\/calli.digital\/revista\/wp-content\/uploads\/2024\/04\/image054.jpg 549w, http:\/\/calli.digital\/revista\/wp-content\/uploads\/2024\/04\/image054-300x225.jpg 300w\" sizes=\"auto, (max-width: 549px) 100vw, 549px\" \/><figcaption class=\"wp-element-caption\"><em>Vista general del proyecto terminado desde el oriente; la profundidad m\u00e1xima de la excavaci\u00f3n al centro del volc\u00e1n es de 70 m bajo el nivel medio de la ciudad, cota aprox. 2,240 msnm. Ocupa un espacio cuyo di\u00e1metro es de 1.2 km, aprox.<\/em><\/figcaption><\/figure>\n<\/div>\n<\/div>\n\n\n\n<div class=\"wp-block-columns is-layout-flex wp-container-core-columns-is-layout-28f84493 wp-block-columns-is-layout-flex\">\n<div class=\"wp-block-column is-layout-flow wp-block-column-is-layout-flow\">\n<figure class=\"wp-block-image size-full is-resized\"><img decoding=\"async\" width=\"387\" height=\"290\" src=\"http:\/\/calli.digital\/revista\/wp-content\/uploads\/2024\/04\/image055.jpg\" alt=\"\" class=\"wp-image-4140\" style=\"width:494px;height:auto\" loading=\"lazy\" srcset=\"http:\/\/calli.digital\/revista\/wp-content\/uploads\/2024\/04\/image055.jpg 387w, http:\/\/calli.digital\/revista\/wp-content\/uploads\/2024\/04\/image055-300x225.jpg 300w\" sizes=\"auto, (max-width: 387px) 100vw, 387px\" \/><figcaption class=\"wp-element-caption\"><em>Debido a la carencia de planeaci\u00f3n una vez alcanzadas las cotas de explotaci\u00f3n autorizadas, los agujeros se rellenan de basura o, si la nueva topograf\u00eda lo permite, de vivienda precaria y usos colaterales. Yahuelique est\u00e1 en ese proceso, a pesar de los esfuerzos de los due\u00f1os de los terrenos en reconvertir el uso y respetar los nuevos<\/em><br><em>niveles de excavaci\u00f3n como se marc\u00f3 en el proyecto, pero la invariabilidad de los usos del suelo \u201cautorizados\u201d, no permite reconvertir y actualizar el espacio para usos actuales. La solicitud de modificar el uso a \u00c1reas Verdes no fue aceptada por el gobierno de la Ciudad. M\u00e9xico, 1999<\/em>.<\/figcaption><\/figure>\n<\/div>\n\n\n\n<div class=\"wp-block-column is-layout-flow wp-block-column-is-layout-flow\">\n<p>Lo que propusimos fue acabar con el volc\u00e1n m\u00e1s da\u00f1ado, el Yahuelique, y dejar el resto de los volcanes intactos, desde el Guadalupe hasta Xaltepec, pasando por el Tetec\u00f3n que ser\u00eda remodelado para darle una forma lo m\u00e1s natural posible. El plan completo que incluye todos los volcanes de la sierra y su ladera sur, tiene poco m\u00e1s de 13,000 hect\u00e1reas. Esta propuesta ahora incluye solo lo que corresponde al volc\u00e1n del Yahuelique con una superficie aproximada de unos 15 km\u00b2, y se presenta como un ejemplo de un n\u00facleo urbano autosustentable para mostrar que es posible resolver los problemas del agua en la ciudad por partes. La propuesta inclu\u00eda muchos beneficios como recuperar los bosques de encino que hubo en las laderas de la sierra de Santa Catarina hacia el sur como result\u00f3 en los an\u00e1lisis dendrocronol\u00f3gicos; establecer l\u00edmites reales e infranqueables al crecimiento urbano de cualquier tipo que fuera, algo que logramos en buena parte excepto en el paso entre Iztapalapa y Tl\u00e1huac en el flanco oriente del Xaltepec; suspender de plano las excavaciones en minas no autorizadas; reconvertir y restaurar el paisaje en minas caducadas, construir un Centro de Educaci\u00f3n Ambiental y de informaci\u00f3n en Vulcanolog\u00eda para el DF y, principalmente, concentrar los trabajos de explotaci\u00f3n en el Yahuelique hasta convertirlo en un gran parque urbano p\u00fablico con una superficie aproximada de 1 km\u00b2, reconvertir su uso y construir un centro de servicios y equipamiento de avanzada para una de las \u00e1reas m\u00e1s problem\u00e1ticas y dejadas de la mano de dios y bueno, de las autoridades. Iztapalapa ten\u00eda, una poblaci\u00f3n de unos 2 millones de habitantes y no hab\u00eda ni siquiera un cine! Lo que s\u00ed es que no han cambiado mucho las cosas.<\/p>\n<\/div>\n<\/div>\n\n\n\n<div class=\"wp-block-columns is-layout-flex wp-container-core-columns-is-layout-28f84493 wp-block-columns-is-layout-flex\">\n<div class=\"wp-block-column is-layout-flow wp-block-column-is-layout-flow\">\n<figure class=\"wp-block-image size-full is-resized\"><img decoding=\"async\" width=\"370\" height=\"277\" src=\"http:\/\/calli.digital\/revista\/wp-content\/uploads\/2024\/04\/image056.gif\" alt=\"\" class=\"wp-image-4141\" style=\"width:494px\" loading=\"lazy\"><\/figure>\n<\/div>\n\n\n\n<div class=\"wp-block-column is-layout-flow wp-block-column-is-layout-flow\">\n<p>Este parque urbano est\u00e1 circundado por un desarrollo inmobiliario<\/p>\n\n\n\n<p>importante con una superficie aproximada de 75 ha. Este gran parque urbano resuelve varios problemas en esta conflictiva zona de Iztapalapa-Tl\u00e1huac.<\/p>\n\n\n\n<p>Cuenta con una serie de plantas de tratamiento de aguas residuales que tratan todas las aguas utilizadas en la periferia y su zona de influencia, aguas que van a dar al \u00a0acu\u00edfero en condiciones aceptables para su filtraci\u00f3n y que, durante el tratamiento producen la energ\u00eda necesaria para todo el n\u00facleo adem\u00e1s de permitir la organizaci\u00f3n, la disposici\u00f3n y\/o manejo de los residuos s\u00f3lidos.<\/p>\n\n\n\n<p><\/p>\n<\/div>\n<\/div>\n\n\n\n<p>El proyecto no se limit\u00f3 a establecer los niveles de explotaci\u00f3n en el Yahuelique, para lo que se hizo un estudio topogr\u00e1fico completo ydetallado -vol\u00famenes y tiempos autorizados para cada uno de los propietarios: 5 m\u00e1s un predio del DF, que recib\u00eda m\u00e1s basura con solventes y todo tipo de residuos en un suelo de alta permeabilidad\u2026 Adem\u00e1s de la cuesti\u00f3n de los niveles, se plante\u00f3 un proyecto que incluy\u00f3 diversos factores urban\u00edsticos y, sobre todo, los ambientales siempre puestos de lado o ignorados de plano, como el manejo del agua en un lugar con el mayor estr\u00e9s h\u00eddrico de la ciudad -como se dice ahora-, la reorganizaci\u00f3n en la disposici\u00f3n y manejo de los residuos s\u00f3lidos y la generaci\u00f3n de energ\u00eda.<\/p>\n\n\n\n<p>El objetivo principal en cuanto a cuestiones ambientales fue el de establecer una especie de ciclo de manejo, ligando los temas, haci\u00e9ndolos interdependientes. A partir de la basura, como se sabe, se genera energ\u00eda; otra fuente de energ\u00eda son las aguas residuales.<\/p>\n\n\n\n<p>El agua utilizada debe limpiarse para poder infiltrarla al acu\u00edfero por lo que hay que aprovechar que se cuenta con un recurso no utilizado que es la materia org\u00e1nica suspendida en el agua y hacer ese paso productivo; organizar una econom\u00eda \u201ccircular\u201d que beneficie a la ciudad y olvidarse de la infraestructura que s\u00f3lo ocasiona gastos sin fin.<\/p>\n\n\n\n<p>En la natura una cosa lleva a la otra, no hay motivo para \u201cespecializar\u201d algo que est\u00e1 necesariamente ligado. El \u201cm\u00e9todo\u201d utilizado en la ciudad de M\u00e9xico es el de usar el agua una vez -y ni siquiera-, y luego sacarla lo m\u00e1s pronto y lo m\u00e1s lejos posible sin obtener beneficio alguno.<\/p>\n\n\n\n<p>Es necesario regresar agua al acu\u00edfero en cantidades decentes y en sitios donde el l\u00edquido limpio s\u00ed llegue a su destino, pero antes hay que utilizarla como el veh\u00edculo que es cuantas veces sea posible. Hay que sacarle jugo al agua.<\/p>\n\n\n\n<p>Otro objetivo es el de autonomizar micro regionalmente y en lo posible la generaci\u00f3n o producci\u00f3n de agua, energ\u00eda y alimentos, para tender a una econom\u00eda de cero gastos en esos aspectos. No tanto que la energ\u00eda o el agua sean gratuitas, aunque creo que se podr\u00eda llegar a lograr, pero que cueste solamente lo que corresponda al pago del mantenimiento y a la reposici\u00f3n de la tecnolog\u00eda.<\/p>\n\n\n\n<p>En este proyecto se utilizan dos fuentes de agua: la de lluvia y la del acu\u00edfero natural realimentado con las aguas residuales tratadas. Regresar\u00edamos al acu\u00edfero alrededor de 50 millones de m\u00b3\/a\u00f1o.<\/p>\n\n\n\n<p>\u00a0\u00a0\u00a0\u00a0\u00a0\u00a0\u00a0\u00a0\u00a0\u00a0\u00a0\u00a0\u00a0\u00a0\u00a0\u00a0\u00a0\u00a0\u00a0\u00a0\u00a0\u00a0\u00a0\u00a0\u00a0\u00a0\u00a0\u00a0\u00a0\u00a0\u00a0\u00a0\u00a0\u00a0\u00a0\u00a0\u00a0\u00a0\u00a0\u00a0\u00a0\u00a0\u00a0\u00a0\u00a0\u00a0\u00a0\u00a0\u00a0\u00a0\u00a0\u00a0\u00a0\u00a0\u00a0\u00a0\u00a0\u00a0\u00a0\u00a0\u00a0\u00a0\u00a0\u00a0\u00a0\u00a0\u00a0\u00a0\u00a0\u00a0\u00a0\u00a0\u00a0\u00a0\u00a0\u00a0\u00a0\u00a0\u00a0\u00a0\u00a0\u00a0\u00a0\u00a0\u00a0\u00a0\u00a0\u00a0\u00a0\u00a0\u00a0\u00a0\u00a0\u00a0\u00a0\u00a0\u00a0\u00a0\u00a0\u00a0\u00a0\u00a0\u00a0\u00a0\u00a0 35<\/p>\n\n\n\n<p>En resumen, el objetivo fue -y creo que a\u00fan se puede lograr-, construir un N\u00facleo Urbano Hidrosanitario Interdependiente que sirva casi al 2% de la poblaci\u00f3n de la Ciudad de M\u00e9xico. Es posible establecer l\u00edmites en el manejo de la ciudad que ayuden a paliar y controlar los problemas de agua, energ\u00eda y residuos con superficies manejables y escalas apropiadas sin tener que resolver el gran problema de la Ciudad de M\u00e9xico como si fuera uno s\u00f3lo e indivisible.<\/p>\n\n\n\n<p>La tendencia hist\u00f3rica es inevitable; estas cosas, o parecidas, se tendr\u00e1n que hacer m\u00e1s temprano que tarde si se quiere evitar el colapso de una estructura que se derrumba en c\u00e1mara lenta.<\/p>\n\n\n\n<p><strong>Nota:<\/strong> Las minas de Jovaga, que ocupan m\u00e1s de la tercera parte del volc\u00e1n, son las \u00fanicas donde se alcanzaron las cotas propuestas en el proyecto, excepto el centro del volc\u00e1n, adem\u00e1s de que se instal\u00f3 la primera planta de Concretos Reciclados SA en M\u00e9xico; otra parte, mayor que la anterior, propiedad del Ing. Te\u00f3filo Aguilar se qued\u00f3 sin explotar; los terrenos propiedad del DDF nunca fueron limpiados o \u201cremediados\u201d -la autoridad que no cumple lo que quiere hacer cumplir a los dem\u00e1s-, y un par de otras minas, aplanadas a nivel de la calle con residuos y cascajo, fueron vendidas o invadidas por las \u00ednclitas huestes de todos conocidas.<\/p>\n\n\n\n<p class=\"has-small-font-size\"><em>Participantes: Jorge Ponce, director<\/em><\/p>\n\n\n\n<p class=\"has-small-font-size\"><em>1\u00aa etapa Alejandro Rodr\u00edguez, Alicia Ponce, Bernard Perroud y Sa\u00fal Mart\u00ednez Asesores: Ing. Fernando Ortiz Monasterio, Ing. Federico Mosser, Ing. Sergio Mercado, Ing. Mario Solano Azar, Arq. Hugo Escudero, et alt.<\/em><\/p>\n\n\n\n<p class=\"has-small-font-size\"><em>2\u00aa segunda etapa. En minas de energ\u00eda, Valente Souza. En proceso electr\u00f3nico: Paco S\u00e1enz, Blanca Barrera, Iv\u00e1n Gait\u00e1n y Raymundo Olvera; Modelo en arcilla: Pablo Ruiz; fotograf\u00eda: Jos\u00e9 Carlos Pintado.<\/em><\/p>\n\n\n\n<p class=\"has-small-font-size\"><em>3\u00aa tercera etapa: Cuauht\u00e9moc R\u00edos y Francisco Uvalle. Vista general del proyecto terminado desde el oriente; la profundidad m\u00e1xima de la excavaci\u00f3n al centro del volc\u00e1n es de 70 m bajo el nivel medio de la ciudad, cota aprox. 2,240 msnm. Ocupa un espacio cuyo di\u00e1metro es de 1.2 km, aprox.<\/em><\/p>\n\n\n\n<p class=\"has-small-font-size\"><em>Dibujo: Jorge Ponce; pintura del horizonte para abajo: Bernard Perroud; pintura del horizonte hacia arriba: Sa\u00fal Mart\u00ednez. M\u00e9xico 1992.<\/em><\/p>\n<\/body>","protected":false},"excerpt":{"rendered":"<p>Esto es lo que necesitas, Aunque no sabes que lo necesitas. Este volc\u00e1n, ahora bastante degradado de su forma original<\/p>\n","protected":false},"author":60,"featured_media":0,"comment_status":"open","ping_status":"open","sticky":false,"template":"","format":"standard","meta":{"colormag_page_container_layout":"default_layout","colormag_page_sidebar_layout":"default_layout","om_disable_all_campaigns":false,"_monsterinsights_skip_tracking":false,"_monsterinsights_sitenote_active":false,"_monsterinsights_sitenote_note":"","_monsterinsights_sitenote_category":0,"footnotes":""},"categories":[57],"tags":[48],"class_list":["post-4212","post","type-post","status-publish","format-standard","hentry","category-jorge-ponce-amezcua","tag-francisco-javier-saenz-bernal"],"_links":{"self":[{"href":"http:\/\/calli.digital\/revista\/index.php\/wp-json\/wp\/v2\/posts\/4212","targetHints":{"allow":["GET"]}}],"collection":[{"href":"http:\/\/calli.digital\/revista\/index.php\/wp-json\/wp\/v2\/posts"}],"about":[{"href":"http:\/\/calli.digital\/revista\/index.php\/wp-json\/wp\/v2\/types\/post"}],"author":[{"embeddable":true,"href":"http:\/\/calli.digital\/revista\/index.php\/wp-json\/wp\/v2\/users\/60"}],"replies":[{"embeddable":true,"href":"http:\/\/calli.digital\/revista\/index.php\/wp-json\/wp\/v2\/comments?post=4212"}],"version-history":[{"count":1,"href":"http:\/\/calli.digital\/revista\/index.php\/wp-json\/wp\/v2\/posts\/4212\/revisions"}],"predecessor-version":[{"id":4216,"href":"http:\/\/calli.digital\/revista\/index.php\/wp-json\/wp\/v2\/posts\/4212\/revisions\/4216"}],"wp:attachment":[{"href":"http:\/\/calli.digital\/revista\/index.php\/wp-json\/wp\/v2\/media?parent=4212"}],"wp:term":[{"taxonomy":"category","embeddable":true,"href":"http:\/\/calli.digital\/revista\/index.php\/wp-json\/wp\/v2\/categories?post=4212"},{"taxonomy":"post_tag","embeddable":true,"href":"http:\/\/calli.digital\/revista\/index.php\/wp-json\/wp\/v2\/tags?post=4212"}],"curies":[{"name":"wp","href":"https:\/\/api.w.org\/{rel}","templated":true}]}}