{"id":4229,"date":"2024-04-30T22:15:34","date_gmt":"2024-05-01T03:15:34","guid":{"rendered":"https:\/\/calli.digital\/revista\/?p=4229"},"modified":"2024-04-27T22:24:19","modified_gmt":"2024-04-28T03:24:19","slug":"plan-urbano-ambiental-para-el-municipio-de-guerrero-en-coahuila","status":"publish","type":"post","link":"http:\/\/calli.digital\/revista\/index.php\/2024\/04\/30\/plan-urbano-ambiental-para-el-municipio-de-guerrero-en-coahuila\/","title":{"rendered":"Plan Urbano Ambiental para el Municipio de Guerrero, en Coahuila."},"content":{"rendered":"<body>\n<p class=\"has-small-font-size\"><\/p>\n\n\n\n<div class=\"wp-block-columns is-layout-flex wp-container-core-columns-is-layout-28f84493 wp-block-columns-is-layout-flex\">\n<div class=\"wp-block-column is-layout-flow wp-block-column-is-layout-flow\" style=\"flex-basis:33.33%\">\n<figure class=\"wp-block-image size-full\"><img decoding=\"async\" width=\"575\" height=\"289\" src=\"http:\/\/calli.digital\/revista\/wp-content\/uploads\/2024\/04\/image068.gif\" alt=\"\" class=\"wp-image-4153\" loading=\"lazy\"><\/figure>\n<\/div>\n\n\n\n<div class=\"wp-block-column is-layout-flow wp-block-column-is-layout-flow\" style=\"flex-basis:66.66%\">\n<p>Este municipio, poco conocido, tiene frontera con EU a lo largo de la ribera del R\u00edo Bravo y a medio camino entre Piedras Negras y Nuevo Laredo, dos ciudades de mayor cuant\u00eda, tanto en problemas como en cantidad de pobladores.\u00a0\u00a0 El poblado de Guerrero, nombre impuesto durante los gobiernos de la revoluci\u00f3n, naci\u00f3 en 1701 y fue fundado como el Presidio de San Juan Bautista del R\u00edo Grande del Norte, que es como se nombraban los sitios previamente a constituirse en Misiones, no porque fueran c\u00e1rceles, sino que serv\u00edan como alojamiento y protecci\u00f3n durante el tiempo de las incursiones virreinales en el mundo chichimeca, apache y comanche.\u00a0 San Juan Bautista era la estaci\u00f3n previa al cruce del r\u00edo Bravo, en su transcurso m\u00e1s somero, que se conoce como Paso de los Franceses, que en realidad era Paso de Franciscanos, sus fundadores, y de camino a la siguiente misi\u00f3n importante, la de San Antonio, cuando la intendencia de San Luis Potos\u00ed que ocupaba la mayor parte de lo que ahora es Texas y todos Coahuila, Nuevo Le\u00f3n y Tamaulipas.\u00a0\u00a0\u00a0<\/p>\n<\/div>\n<\/div>\n\n\n\n<div class=\"wp-block-columns is-layout-flex wp-container-core-columns-is-layout-28f84493 wp-block-columns-is-layout-flex\">\n<div class=\"wp-block-column is-layout-flow wp-block-column-is-layout-flow\" style=\"flex-basis:66.66%\">\n<p>Esta interesante regi\u00f3n des\u00e9rtica forma parte de la regi\u00f3n fisiogr\u00e1fica de las Grandes Planicies de Norteam\u00e9rica que van desde Saskatchewan en el norte de Canad\u00e1, hasta la subcuenca sur del r\u00edo Bravo entre Acu\u00f1a y la Planicie del Golfo, que comienza cerca de la regi\u00f3n de China, Nuevo Le\u00f3n.\u00a0 En alg\u00fan momento form\u00f3 parte del mar interior antes de la \u00faltima deglaciaci\u00f3n, y se encuentran yacimientos enormes de conchas marinas y esqueletos de crust\u00e1ceos y peces, como en la regi\u00f3n de Cuatro Ci\u00e9negas, aleda\u00f1a a la del Bravo.\u00a0<\/p>\n<\/div>\n\n\n\n<div class=\"wp-block-column is-layout-flow wp-block-column-is-layout-flow\" style=\"flex-basis:33.33%\">\n<figure class=\"wp-block-image size-full\"><img decoding=\"async\" width=\"497\" height=\"257\" src=\"http:\/\/calli.digital\/revista\/wp-content\/uploads\/2024\/04\/image069.gif\" alt=\"\" class=\"wp-image-4154\" loading=\"lazy\"><\/figure>\n<\/div>\n<\/div>\n\n\n\n<p>Es una regi\u00f3n poco poblada y cuenta apenas con 2 mil y pico de habitantes.\u00a0 La cabecera municipal tiene unos 700 habitantes, principalmente mujeres.\u00a0 Tan cerca de EU y tambi\u00e9n de otras situaciones complejas, como la carencia de empleos u ocupaci\u00f3n, los hombres migran.\u00a0\u00a0 El clima es extremoso con lluvias predominantes durante los equinoccios y una precipitaci\u00f3n media anual de unos 600 mm.\u00a0 La subcuenca correspondiente, con una extensi\u00f3n aproximada de 700 mil ha.\u00a0 tributa al Bravo y las monta\u00f1as que la limitan al sur en la Sierra del Burro alojan en sus estribaciones y meandros, oasis y praderas con paisajes de inigualable esplendor y belleza. Los suelos son feraces, aunque secos y, entre otras curiosidades, es una zona end\u00e9mica del fais\u00e1n y del venado cola blanca.\u00a0\u00a0<\/p>\n\n\n\n<p>Hace unos cincuenta a\u00f1os, el padre de un amigo del cliente se dio a la tarea de construir jag\u00fceyes a diestra y siniestra.\u00a0\u00a0 El potencial para la captaci\u00f3n de agua en \u00e9pocas de lluvia es enorme y podr\u00eda abastecerse una bien irrigada agricultura, altamente productiva y vecina al imperio, lo que no es poca cosa.\u00a0\u00a0 Puede dar abasto tambi\u00e9n las necesidades de la poblaci\u00f3n local.<\/p>\n\n\n\n<p>Pero bueno, el encargo original consisti\u00f3 en proyectar un centro tur\u00edstico local, con un peque\u00f1o hotel, centrito de convenciones para empresas de la regi\u00f3n -entre ellas la Corona, por ejemplo-, sitio para la carne asada los s\u00e1bados y domingos para las familias de Piedras Negras, retiro para un par de congregaciones religiosas cat\u00f3licas y sede para una cooperativa regional de productores.\u00a0 Un programa interesante pero que en modo aislado no tendr\u00eda mucho \u00e9xito tur\u00edstico.\u00a0 La apuesta iba en el sentido de tener excursiones a los yacimientos de conchas marinas y dem\u00e1s, contar con un sitio de descanso durante la temporada de cacer\u00eda del venado -que se hace cada a\u00f1o con mucho \u00e9xito-, excursiones a la sierra del Burro y muchos otros atractivos como las carreras de motos, de carros y los vuelos en globo de Cantoya.\u00a0\u00a0 Es por eso por lo que nos metimos a investigar la regi\u00f3n, que, a la postre result\u00f3 de lo m\u00e1s interesante.<\/p>\n\n\n\n<p>Como es normal en M\u00e9xico, cuando metieron la carretera fronteriza y para variar partieron el pueblo en dos, dejando por un lado la antigua Misi\u00f3n de San Bernardo (1700) y por otro el pueblo, con algunos parajes y detalles hist\u00f3ricos, como la peque\u00f1a plaza a la entrada del pante\u00f3n, la iglesia en el centro, de planta basilical construida con piedra y adobe y techumbre de madera, etc.\u00a0\u00a0\u00a0 El terreno para el proyecto tur\u00edstico-recreativo est\u00e1 en la calle principal sur-norte (antiguo camino) esquina con la carretera federal.\u00a0 Como esto resultaba un tanto desastroso para el proyecto, sobre todo por el ruido de los tr\u00e1ilers y el terregal de terrenos salitrosos, nos dimos a la tarea de proponer ciertas cosas que sirvieran para el proyecto y para la reorganizaci\u00f3n del pueblo, entre ellas, un boulevard de unos 5 km que reconstruyera un tejido urbano desgarrado y resultara en un pasaje m\u00e1s tranquilo y silencioso en lo posible, adem\u00e1s de que le diera cierta identidad al pueblo que, siendo la cabecera municipal, no deja de ser un caser\u00edo sin importancia a la pasada. Se plantearon adem\u00e1s otros temas, como la restauraci\u00f3n de la traza original y de las construcciones antiguas, la inclusi\u00f3n de un paseo peatonal entre el centro y la misi\u00f3n y, en asuntos \u201cambientales\u201d planteamos la construcci\u00f3n de varios jag\u00fceyes del futuro, granjas de faisanes, cultivo de varias especies de plantas tambi\u00e9n end\u00e9micas y de valor comercial y una instalaci\u00f3n de energ\u00eda solar que abastecer\u00eda de energ\u00eda gratuita al pueblo, a cada casa, una vez amortizada la inversi\u00f3n en un lapso de 7 a\u00f1os aprox. con los pagos de los habitantes por el consumo normal de electricidad.\u00a0 Despu\u00e9s, solo pagar\u00edan los gastos de reposici\u00f3n, que en una planta solar son m\u00ednimos. Algunos tendr\u00edan motivos para regresar.<\/p>\n\n\n\n<div class=\"wp-block-columns is-layout-flex wp-container-core-columns-is-layout-28f84493 wp-block-columns-is-layout-flex\">\n<div class=\"wp-block-column is-layout-flow wp-block-column-is-layout-flow\" style=\"flex-basis:33.33%\">\n<figure class=\"wp-block-image size-full\"><img decoding=\"async\" width=\"434\" height=\"290\" src=\"http:\/\/calli.digital\/revista\/wp-content\/uploads\/2024\/04\/image070.gif\" alt=\"\" class=\"wp-image-4155\" loading=\"lazy\"><figcaption class=\"wp-element-caption\"><em>Plan general del Centro recreativo, Guerrero, Coah.\u00a0 Plano: Mois\u00e9s Esc\u00e1rcega.<\/em><\/figcaption><\/figure>\n<\/div>\n\n\n\n<div class=\"wp-block-column is-layout-flow wp-block-column-is-layout-flow\" style=\"flex-basis:66.66%\">\n<p>El proyecto recreativo, por otra parte, es autosuficiente en energ\u00eda, agua y alimentos, cuya producci\u00f3n est\u00e1 dise\u00f1ada de acuerdo con el men\u00fa del restor\u00e1n.\u00a0 Est\u00e1 \u201cbioclim\u00e1ticamente\u201d adaptado y pudimos eliminar el aire acondicionado en un sitio donde es casi por ley ponerlo dadas las condiciones inclementes del tiempo mediante el uso de tecnolog\u00edas vern\u00e1culas en la construcci\u00f3n, como el terrado, por ejemplo y otras no locales pero efectivas, como el sistema de enfriamiento maya y el iran\u00ed, as\u00ed como el uso profuso de la vegetaci\u00f3n con t\u00e9cnicas de permacultura.\u00a0 Nada nuevo.<\/p>\n<\/div>\n<\/div>\n\n\n\n<p class=\"has-small-font-size\"><em>Participantes:\u00a0 Jorge Ponce, Ana Cecilia Rangel, Mois\u00e9s Esc\u00e1rcega, Mauricio Linder<\/em><\/p>\n<\/body>","protected":false},"excerpt":{"rendered":"<p>Este municipio, poco conocido, tiene frontera con EU a lo largo de la ribera del R\u00edo Bravo y a medio<\/p>\n","protected":false},"author":60,"featured_media":0,"comment_status":"open","ping_status":"open","sticky":false,"template":"","format":"standard","meta":{"colormag_page_container_layout":"default_layout","colormag_page_sidebar_layout":"default_layout","om_disable_all_campaigns":false,"_monsterinsights_skip_tracking":false,"_monsterinsights_sitenote_active":false,"_monsterinsights_sitenote_note":"","_monsterinsights_sitenote_category":0,"footnotes":""},"categories":[57],"tags":[],"class_list":["post-4229","post","type-post","status-publish","format-standard","hentry","category-jorge-ponce-amezcua"],"_links":{"self":[{"href":"http:\/\/calli.digital\/revista\/index.php\/wp-json\/wp\/v2\/posts\/4229","targetHints":{"allow":["GET"]}}],"collection":[{"href":"http:\/\/calli.digital\/revista\/index.php\/wp-json\/wp\/v2\/posts"}],"about":[{"href":"http:\/\/calli.digital\/revista\/index.php\/wp-json\/wp\/v2\/types\/post"}],"author":[{"embeddable":true,"href":"http:\/\/calli.digital\/revista\/index.php\/wp-json\/wp\/v2\/users\/60"}],"replies":[{"embeddable":true,"href":"http:\/\/calli.digital\/revista\/index.php\/wp-json\/wp\/v2\/comments?post=4229"}],"version-history":[{"count":1,"href":"http:\/\/calli.digital\/revista\/index.php\/wp-json\/wp\/v2\/posts\/4229\/revisions"}],"predecessor-version":[{"id":4230,"href":"http:\/\/calli.digital\/revista\/index.php\/wp-json\/wp\/v2\/posts\/4229\/revisions\/4230"}],"wp:attachment":[{"href":"http:\/\/calli.digital\/revista\/index.php\/wp-json\/wp\/v2\/media?parent=4229"}],"wp:term":[{"taxonomy":"category","embeddable":true,"href":"http:\/\/calli.digital\/revista\/index.php\/wp-json\/wp\/v2\/categories?post=4229"},{"taxonomy":"post_tag","embeddable":true,"href":"http:\/\/calli.digital\/revista\/index.php\/wp-json\/wp\/v2\/tags?post=4229"}],"curies":[{"name":"wp","href":"https:\/\/api.w.org\/{rel}","templated":true}]}}