{"id":4619,"date":"2024-08-31T20:33:36","date_gmt":"2024-09-01T01:33:36","guid":{"rendered":"https:\/\/calli.digital\/revista\/?p=4619"},"modified":"2024-08-31T20:33:39","modified_gmt":"2024-09-01T01:33:39","slug":"xviii-bienal-nacional-de-arquitectura-mexicana","status":"publish","type":"post","link":"http:\/\/calli.digital\/revista\/index.php\/2024\/08\/31\/xviii-bienal-nacional-de-arquitectura-mexicana\/","title":{"rendered":"XVIII Bienal Nacional de Arquitectura Mexicana"},"content":{"rendered":"<body>\n<p>La Federaci\u00f3n de Colegios de Arquitectos de la Rep\u00fablica Mexicana FCARM; organiza la XVIII Bienal Nacional de Arquitectura Mexicana, con el complemento se tendr\u00e1 una magna exposici\u00f3n digital llamada \u201cPANORAMA\u201d, con 3 momentos y objetivos diferentes.<\/p>\n\n\n\n<p>El primer momento ser\u00e1 dentro de Obra Blanca Expo en Santa Fe del 15 al 17 de octubre, para mostrar todas las 318 obras inscritas en la Bienal, para la reflexi\u00f3n y critica de la arquitectura generada en los dos \u00faltimos a\u00f1os en las 7 regiones de la FCARM. El segundo momento ser\u00e1 el Formato Itinerante, que se montar\u00e1 en cada Colegio que lo decida presentar ante su gremio. El tercero se montar\u00e1 en la Biblioteca de M\u00e9xico del 5 al 13 de diciembre, como pre\u00e1mbulo a la ceremonia de premiaci\u00f3n de los proyectos ganadores.<\/p>\n\n\n\n<p>El jurado para la selecci\u00f3n de proyectos estar\u00e1 presidido por Francisco Serrano y los arquitectos Jos\u00e9 Luis Cort\u00e9s expresidente de la UIA, Giancarlo Mazznti de Colombia, Liliane Irene Ponce de la Academia Nacional de Arquitectura, Bel\u00e9n Moneo y Carmen Santana de Espa\u00f1a y Homero Hern\u00e1ndez Tena, presidente de ASINEA.<\/p>\n\n\n\n<p>Sara Topelson, Louise Noelle, Jacobo Cleto, Pablo Landa y Anabela Gonz\u00e1lez presentar\u00e1n unas reflexiones en video. El prop\u00f3sito es que estos eventos sirvan para entender el comportamiento de nuestro quehacer, en el contexto socio cultural y econ\u00f3mico de nuestro Pa\u00eds.<\/p>\n\n\n\n<p class=\"has-small-font-size\"><strong>Arq. Jos\u00e9 Luis Cort\u00e9s Delgado.<\/strong><\/p>\n\n\n\n<p class=\"has-small-font-size\"><strong>Presidente Inmediato Saliente de la UIA<\/strong><\/p>\n<\/body>","protected":false},"excerpt":{"rendered":"<p>La Federaci\u00f3n de Colegios de Arquitectos de la Rep\u00fablica Mexicana FCARM; organiza la XVIII Bienal Nacional de Arquitectura Mexicana, con<\/p>\n","protected":false},"author":10,"featured_media":0,"comment_status":"open","ping_status":"open","sticky":false,"template":"","format":"standard","meta":{"colormag_page_container_layout":"default_layout","colormag_page_sidebar_layout":"default_layout","om_disable_all_campaigns":false,"_monsterinsights_skip_tracking":false,"_monsterinsights_sitenote_active":false,"_monsterinsights_sitenote_note":"","_monsterinsights_sitenote_category":0,"footnotes":""},"categories":[21,29],"tags":[],"class_list":["post-4619","post","type-post","status-publish","format-standard","hentry","category-editorial","category-uia"],"_links":{"self":[{"href":"http:\/\/calli.digital\/revista\/index.php\/wp-json\/wp\/v2\/posts\/4619","targetHints":{"allow":["GET"]}}],"collection":[{"href":"http:\/\/calli.digital\/revista\/index.php\/wp-json\/wp\/v2\/posts"}],"about":[{"href":"http:\/\/calli.digital\/revista\/index.php\/wp-json\/wp\/v2\/types\/post"}],"author":[{"embeddable":true,"href":"http:\/\/calli.digital\/revista\/index.php\/wp-json\/wp\/v2\/users\/10"}],"replies":[{"embeddable":true,"href":"http:\/\/calli.digital\/revista\/index.php\/wp-json\/wp\/v2\/comments?post=4619"}],"version-history":[{"count":2,"href":"http:\/\/calli.digital\/revista\/index.php\/wp-json\/wp\/v2\/posts\/4619\/revisions"}],"predecessor-version":[{"id":4621,"href":"http:\/\/calli.digital\/revista\/index.php\/wp-json\/wp\/v2\/posts\/4619\/revisions\/4621"}],"wp:attachment":[{"href":"http:\/\/calli.digital\/revista\/index.php\/wp-json\/wp\/v2\/media?parent=4619"}],"wp:term":[{"taxonomy":"category","embeddable":true,"href":"http:\/\/calli.digital\/revista\/index.php\/wp-json\/wp\/v2\/categories?post=4619"},{"taxonomy":"post_tag","embeddable":true,"href":"http:\/\/calli.digital\/revista\/index.php\/wp-json\/wp\/v2\/tags?post=4619"}],"curies":[{"name":"wp","href":"https:\/\/api.w.org\/{rel}","templated":true}]}}