{"id":4622,"date":"2024-08-31T20:46:15","date_gmt":"2024-09-01T01:46:15","guid":{"rendered":"https:\/\/calli.digital\/revista\/?p=4622"},"modified":"2024-08-31T20:49:05","modified_gmt":"2024-09-01T01:49:05","slug":"produccion-social-de-vivienda-psv","status":"publish","type":"post","link":"http:\/\/calli.digital\/revista\/index.php\/2024\/08\/31\/produccion-social-de-vivienda-psv\/","title":{"rendered":"Producci\u00f3n Social de Vivienda (PSV)"},"content":{"rendered":"<body>\n<div class=\"wp-block-media-text is-stacked-on-mobile\" style=\"grid-template-columns:15% auto\"><figure class=\"wp-block-media-text__media\"><img decoding=\"async\" width=\"90\" height=\"130\" src=\"http:\/\/calli.digital\/revista\/wp-content\/uploads\/2024\/08\/image037-1.png\" alt=\"\" class=\"wp-image-4569 size-full\" loading=\"lazy\"><\/figure><div class=\"wp-block-media-text__content\">\n<p class=\"has-medium-font-size\">Introducci\u00f3n<\/p>\n\n\n\n<p><strong>Roberto Eibenchutz<\/strong><\/p>\n<\/div><\/div>\n\n\n\n<p>La vivienda es tema recurrente en las publicaciones sobre Arquitectura, se trata del elemento mas antiguo y fundamental destinado a la protecci\u00f3n de la familia y el que ocupa la proporci\u00f3n mas grande de los espacios construidos en cualquier ciudad.<\/p>\n\n\n\n<p>A lo largo del tiempo la vivienda ha evolucionado de acuerdo a las condiciones geogr\u00e1ficas, la disponibilidad de materiales, la evoluci\u00f3n tecnol\u00f3gica y los recursos disponibles; pero sobre todo debido a las caracter\u00edsticas particulares de los grupos sociales que la ocupan de acuerdo a su cultura, tradici\u00f3n y forma de convivencia.<\/p>\n\n\n\n<p>Este n\u00famero de la revista Calli ha sido dedicado, gracias a la generosidad de su director Alejandro Gaitan, a la Producci\u00f3n Social de Vivienda (PSV) que es la forma en que la poblaci\u00f3n a lo largo de la historia, ha resuelto su necesidad de vivienda. En M\u00e9xico y Am\u00e9rica Latina el 70% de la poblaci\u00f3n; lo sigue haciendo sin un prop\u00f3sito de lucro, como ocurre con la producci\u00f3n mercantil industrializada y deshumanizada que produce objetos terminados para su consumo en el mercado inmobiliario.<\/p>\n\n\n\n<p>Esta forma de producci\u00f3n toca, aunque no es exclusiva de ella, a la poblaci\u00f3n de menores recursos econ\u00f3micos que encarna a la gran mayor\u00eda de nuestra poblaci\u00f3n, la que tiene que enfrentar individual o colectivamente con sus propios medios, la soluci\u00f3n de su vivienda; desde la definici\u00f3n de su ubicaci\u00f3n, hasta su construcci\u00f3n, sin la participaci\u00f3n de profesionistas, sin cr\u00e9ditos y sin apoyo institucional; lo hace a trav\u00e9s de un largo proceso que suele tomar de 15 a 20 a\u00f1os en el que progresivamente se avanza en la incorporaci\u00f3n y adaptaci\u00f3n de nuevos espacios; de la misma forma, se va construyendo la infraestructura necesaria para la dotaci\u00f3n de sus servicios.<\/p>\n\n\n\n<p>El reconocimiento institucional a esta forma de producci\u00f3n de vivienda, es un paso importante en la direcci\u00f3n correcta, pero insuficiente dada la magnitud del problema; su atenci\u00f3n requiere no solo cambiar el orden de magnitud de los recursos destinados a este prop\u00f3sito, sino: Crear la organizaci\u00f3n en todo el territorio nacional, modificar la normatividad vigente, formar a los profesionistas y t\u00e9cnicos que apoyen el proceso en todas sus dimensiones y establecer una nueva forma de relaci\u00f3n gobierno-sociedad a nivel local, en la que los funcionarios entiendan que su papel es apoyar la gesti\u00f3n de los pobladores y no solo sancionar a quien no cumpla la norma.<\/p>\n\n\n\n<p>Para enriquecer y fortalecer la pol\u00edtica nacional de vivienda, se creo El Consejo Nacional de Vivienda (CNV) que re\u00fane la representaci\u00f3n de los tres \u00e1mbitos de gobierno, legisladores, instituciones acad\u00e9micas, agrupaciones sociales, empresariales y gremiales; para buscar el mayor impacto de su acci\u00f3n, el CNV acord\u00f3 la formaci\u00f3n de varios Comit\u00e9s Operativos con la participaci\u00f3n ad-honorem de los consejeros para definir e impulsar la pol\u00edtica de vivienda desde distintos enfoques, es as\u00ed que se crea el Comit\u00e9 Operativo de Producci\u00f3n Social de Vivienda Asistida. Este Comit\u00e9 ha venido trabajando intensamente estos \u00faltimos a\u00f1os y acord\u00f3 realizar un Foro Nacional para discutir a fondo las pol\u00edticas para estimular la producci\u00f3n social de vivienda y dar una evidencia documentada de lo que ha sido su trabajo, con la intenci\u00f3n de que sea considerado en la definici\u00f3n de las acciones a realizar por la nueva administraci\u00f3n federal.<\/p>\n\n\n\n<div class=\"wp-block-columns is-layout-flex wp-container-core-columns-is-layout-28f84493 wp-block-columns-is-layout-flex\">\n<div class=\"wp-block-column is-layout-flow wp-block-column-is-layout-flow\" style=\"flex-basis:33.33%\">\n<figure class=\"wp-block-image size-full\"><img decoding=\"async\" width=\"381\" height=\"254\" src=\"http:\/\/calli.digital\/revista\/wp-content\/uploads\/2024\/08\/image038-1.png\" alt=\"\" class=\"wp-image-4570\" loading=\"lazy\" srcset=\"http:\/\/calli.digital\/revista\/wp-content\/uploads\/2024\/08\/image038-1.png 381w, http:\/\/calli.digital\/revista\/wp-content\/uploads\/2024\/08\/image038-1-300x200.png 300w\" sizes=\"auto, (max-width: 381px) 100vw, 381px\" \/><figcaption class=\"wp-element-caption\"><strong><em>2024<\/em><\/strong><em>.Vivienda nueva. Cr\u00e9dito ConstruYo.Ocoyoacac. Edo. Mx.<\/em><\/figcaption><\/figure>\n<\/div>\n\n\n\n<div class=\"wp-block-column is-layout-flow wp-block-column-is-layout-flow\" style=\"flex-basis:66.66%\">\n<p>El Foro se llev\u00f3 a cabo en las instalaciones del INFONAVIT los d\u00edas 25, 26 y 27 de junio del presente a\u00f1o, con una amplia participaci\u00f3n de personas expertas en el tema de muy diversos campos lo que gener\u00f3 discusiones muy ricas en contenidos y propuestas puntuales que han sido incorporadas en las relator\u00edas correspondientes. Es importante destacar el papel de los miembros del CPSVA as\u00ed como del Comit\u00e9 de Suelo, Ordenamiento Territorial y Desarrollo Urbano y el apoyo prestado por PRONACE Y SEDATU para la realizaci\u00f3n del Foro y mencionar muy especialmente el trabajo de la Psic. Elena Solis y la Dra. Georgina Sandoval, secretaria ejecutiva y secretaria suplente respectivamente del CPSVA.<\/p>\n\n\n\n<p><\/p>\n<\/div>\n<\/div>\n\n\n\n<p>Los documentos que se presentan a continuaci\u00f3n incluyen las relator\u00edas de cada panel que pretenden captar lo fundamental de las discusiones de cada tema y finalmente se presenta un Manifiesto que fue aprobado por las personas que asistieron al foro y para el cual se han recibido numerosas adhesiones individuales y colectivas, en el hay un posicionamiento en relaci\u00f3n a la PSV y una serie de se\u00f1alamientos para la definici\u00f3n de pol\u00edticas y acciones en la materia.<\/p>\n\n\n\n<p>Hemos incluido fotograf\u00edas correspondientes a diversas experiencias realizadas por grupos sociales tanto en \u00e1mbitos urbanos como rurales que dan idea de latrascendencia de esta forma de producci\u00f3n de vivienda y finalmente un ejemploexitoso desarrollado por el Arq.Carlos Ochoa en Jalisco.<\/p>\n\n\n\n<div class=\"wp-block-columns is-layout-flex wp-container-core-columns-is-layout-28f84493 wp-block-columns-is-layout-flex\">\n<div class=\"wp-block-column is-layout-flow wp-block-column-is-layout-flow\">\n<figure class=\"wp-block-image size-full\"><img decoding=\"async\" width=\"570\" height=\"259\" src=\"http:\/\/calli.digital\/revista\/wp-content\/uploads\/2024\/08\/image039-1.png\" alt=\"\" class=\"wp-image-4571\" loading=\"lazy\" srcset=\"http:\/\/calli.digital\/revista\/wp-content\/uploads\/2024\/08\/image039-1.png 570w, http:\/\/calli.digital\/revista\/wp-content\/uploads\/2024\/08\/image039-1-300x136.png 300w\" sizes=\"auto, (max-width: 570px) 100vw, 570px\" \/><figcaption class=\"wp-element-caption\"><strong><em>2023<\/em><\/strong><em>. Sustituci\u00f3n de vivienda. Subsidio reconstrucci\u00f3n CONAVI. Aquila, Michoac\u00e1n<\/em><\/figcaption><\/figure>\n<\/div>\n\n\n\n<div class=\"wp-block-column is-layout-flow wp-block-column-is-layout-flow\"><\/div>\n<\/div>\n<\/body>","protected":false},"excerpt":{"rendered":"<p>Introducci\u00f3n Roberto Eibenchutz La vivienda es tema recurrente en las publicaciones sobre Arquitectura, se trata del elemento mas antiguo y<\/p>\n","protected":false},"author":3,"featured_media":0,"comment_status":"open","ping_status":"open","sticky":false,"template":"","format":"standard","meta":{"colormag_page_container_layout":"no_sidebar_full_width","colormag_page_sidebar_layout":"no_sidebar","om_disable_all_campaigns":false,"_monsterinsights_skip_tracking":false,"_monsterinsights_sitenote_active":false,"_monsterinsights_sitenote_note":"","_monsterinsights_sitenote_category":0,"footnotes":""},"categories":[25,35],"tags":[],"class_list":["post-4622","post","type-post","status-publish","format-standard","hentry","category-monografias","category-roberto-eibenshutz-hartman"],"_links":{"self":[{"href":"http:\/\/calli.digital\/revista\/index.php\/wp-json\/wp\/v2\/posts\/4622","targetHints":{"allow":["GET"]}}],"collection":[{"href":"http:\/\/calli.digital\/revista\/index.php\/wp-json\/wp\/v2\/posts"}],"about":[{"href":"http:\/\/calli.digital\/revista\/index.php\/wp-json\/wp\/v2\/types\/post"}],"author":[{"embeddable":true,"href":"http:\/\/calli.digital\/revista\/index.php\/wp-json\/wp\/v2\/users\/3"}],"replies":[{"embeddable":true,"href":"http:\/\/calli.digital\/revista\/index.php\/wp-json\/wp\/v2\/comments?post=4622"}],"version-history":[{"count":2,"href":"http:\/\/calli.digital\/revista\/index.php\/wp-json\/wp\/v2\/posts\/4622\/revisions"}],"predecessor-version":[{"id":4624,"href":"http:\/\/calli.digital\/revista\/index.php\/wp-json\/wp\/v2\/posts\/4622\/revisions\/4624"}],"wp:attachment":[{"href":"http:\/\/calli.digital\/revista\/index.php\/wp-json\/wp\/v2\/media?parent=4622"}],"wp:term":[{"taxonomy":"category","embeddable":true,"href":"http:\/\/calli.digital\/revista\/index.php\/wp-json\/wp\/v2\/categories?post=4622"},{"taxonomy":"post_tag","embeddable":true,"href":"http:\/\/calli.digital\/revista\/index.php\/wp-json\/wp\/v2\/tags?post=4622"}],"curies":[{"name":"wp","href":"https:\/\/api.w.org\/{rel}","templated":true}]}}