{"id":4745,"date":"2024-11-01T07:26:09","date_gmt":"2024-11-01T12:26:09","guid":{"rendered":"https:\/\/calli.digital\/revista\/?p=4745"},"modified":"2024-11-01T07:26:51","modified_gmt":"2024-11-01T12:26:51","slug":"que-es-la-uia-2","status":"publish","type":"post","link":"http:\/\/calli.digital\/revista\/index.php\/2024\/11\/01\/que-es-la-uia-2\/","title":{"rendered":"\u00bfQu\u00e9 es la UIA?"},"content":{"rendered":"<body>\n<p class=\"has-small-font-size\"><img decoding=\"async\" width=\"150\" height=\"62\" class=\"wp-image-4800\" style=\"width: 150px;\" src=\"http:\/\/calli.digital\/revista\/wp-content\/uploads\/2024\/10\/image054.jpg\" alt=\"\" loading=\"lazy\"><img decoding=\"async\" width=\"48\" height=\"93\" class=\"wp-image-4802\" style=\"width: 48px;\" src=\"http:\/\/calli.digital\/revista\/wp-content\/uploads\/2024\/10\/image056.jpg\" alt=\"\" loading=\"lazy\"><\/p>\n\n\n\n<p>La UIA es un organismo mundial de arquitectos, organizado para promover la arquitectura y los intereses de la profesi\u00f3n, y formula pol\u00edticas y posiciones que tienen el peso de un acuerdo internacional.<\/p>\n\n\n\n<p>El trabajo de la UIA apoya y fortalece los problemas que enfrentan las Secciones Miembros de la UIA a nivel local y ayuda a influir en los organismos mundiales en cuestiones que afectan el inter\u00e9s p\u00fablico y la arquitectura.<\/p>\n\n\n\n<p>Todos los Programas de Trabajo de la UIA deben apoyar los objetivos b\u00e1sicos descritos, abordando cuestiones de importancia cr\u00edtica para la sociedad y la profesi\u00f3n, a escala global y de una manera que s\u00f3lo la UIA como instituci\u00f3n global puede lograr.<\/p>\n\n\n\n<p>De la misma manera que la FCARM, la UIA tiene sus comisiones y programas de trabajo como arquitectura para todos es la contraparte de nuestra Comisi\u00f3n de Accesibilidad Universal, o el programa Patrimonio e Identidad Cultural es la contraparte de Nuestra Comisi\u00f3n de Patrimonio Arquitect\u00f3nico.<\/p>\n\n\n\n<p><strong>Nos complace informar que la Secretar\u00eda General de la UIA ha designado a los siguientes arquitectos mexicanos para ser parte de los Programas de Trabajo de la UIA:<\/strong><\/p>\n\n\n\n<p class=\"has-medium-font-size\"><strong>Programa de Trabajo<\/strong><a><strong> <\/strong><\/a><strong>sobre Patrimonio e Identidad Cultural de la UIA:<\/strong><\/p>\n\n\n\n<p>Promueve m\u00e9todos para la conservaci\u00f3n del patrimonio arquitect\u00f3nico y trabaja para proteger este y los sitios culturales existentes y futuros de los desastres naturales. El programa ocupa cuestiones de desarrollo urbano y sostenible, rehabilitaci\u00f3n, renovaci\u00f3n y conservaci\u00f3n de sitios existentes, esforz\u00e1ndose por establecer altos est\u00e1ndares internacionales de buenas pr\u00e1cticas.<\/p>\n\n\n\n<p class=\"has-small-font-size\"><strong>Arq. Mar\u00eda Iliana Brise\u00f1o Ram\u00edrez<\/strong><\/p>\n\n\n\n<p class=\"has-small-font-size\"><strong>Corresponsal del Programa de trabajo 2023 \u2013 2026<\/strong><\/p>\n\n\n\n<p class=\"has-small-font-size\">Colegio de Arquitectos de Durango\u00a0\u00a0\u00a0\u00a0\u00a0\u00a0\u00a0\u00a0\u00a0\u00a0\u00a0\u00a0\u00a0\u00a0\u00a0\u00a0\u00a0\u00a0\u00a0\u00a0\u00a0\u00a0\u00a0\u00a0\u00a0\u00a0\u00a0\u00a0\u00a0\u00a0\u00a0\u00a0\u00a0\u00a0\u00a0\u00a0\u00a0\u00a0\u00a0\u00a0\u00a0\u00a0\u00a0\u00a0\u00a0\u00a0\u00a0\u00a0\u00a0\u00a0\u00a0\u00a0\u00a0\u00a0\u00a0\u00a0\u00a0\u00a0\u00a0\u00a0\u00a0\u00a0\u00a0\u00a0\u00a0\u00a0\u00a0\u00a0\u00a0\u00a0\u00a0\u00a0\u00a0\u00a0\u00a0\u00a0\u00a0\u00a0\u00a0\u00a0\u00a0\u00a0\u00a0\u00a0\u00a0\u00a0\u00a0\u00a0\u00a0\u00a0\u00a0\u00a0\u00a0\u00a0\u00a0\u00a0\u00a0\u00a0\u00a0\u00a0\u00a0\u00a0\u00a0\u00a0\u00a0 <strong>5<\/strong><\/p>\n\n\n\n<p class=\"has-medium-font-size\"><strong>Programa de Trabajo Habitat Social de la UIA<\/strong><\/p>\n\n\n\n<p>La desigualdad social es cada vez m\u00e1s visible, especialmente en el entorno urbano donde viven muy cerca personas de diversos estratos sociales. Se ha demostrado que el aumento de la desigualdad social en las zonas urbanas tiene una correlaci\u00f3n directa con la falta de vivienda, el desempleo, la privaci\u00f3n social y los problemas de salud. En este programa se trabaja para investigar tales problemas, desde el punto de vista arquitect\u00f3nico y comenzar a implementar acciones positivas dentro de la comunidad arquitect\u00f3nica.<\/p>\n\n\n\n<p class=\"has-small-font-size\"><strong>Dra. Mariana Flores Garc\u00eda<\/strong><\/p>\n\n\n\n<p class=\"has-small-font-size\"><strong>Corresponsal del Programa de trabajo 2023 \u2013 2026<\/strong><\/p>\n\n\n\n<p class=\"has-small-font-size\">Colegio de Arquitectos de Zacatecas, AC<\/p>\n\n\n\n<p class=\"has-medium-font-size\"><strong>Programa de Trabajo Arquitectura e Infancia<\/strong><\/p>\n\n\n\n<p>El Programa Arquitectura e Infancia tiene como objetivo concientizar a los ni\u00f1os sobre el entorno construido, la arquitectura, el urbanismo y el desarrollo sostenible. Fomentar sus conocimientos en estos campos garantizar\u00e1 su desarrollo como ciudadanos responsables, capaces de hacer o\u00edr su voz e influir en las estrategias pol\u00edticas y sociales que dar\u00e1n forma a sus ciudades y su entorno.<\/p>\n\n\n\n<p class=\"has-small-font-size\"><strong>Arq. Laila P\u00e9rez Ochoa<\/strong><\/p>\n\n\n\n<p class=\"has-small-font-size\"><strong>Corresponsal del Programa de trabajo 2023 \u2013 2026<\/strong><\/p>\n\n\n\n<p class=\"has-small-font-size\">Colegio de Arquitectos del Estado de Jalisco AC<\/p>\n\n\n\n<p class=\"has-medium-font-size\"><strong>Programa de Trabajo Arquitectura para Todos<\/strong><\/p>\n\n\n\n<p>El programa crea conciencia sobre la responsabilidad del arquitecto de garantizar que la accesibilidad y el dise\u00f1o inclusivo sean componentes esenciales del dise\u00f1o arquitect\u00f3nico, la construcci\u00f3n y la educaci\u00f3n. El programa promueve buenas pr\u00e1cticas en dise\u00f1o y arquitectura urbanos accesibles e inclusivos.<\/p>\n\n\n\n<p class=\"has-small-font-size\">\u00a0<strong>Arq. Carlos Daigoro Fonce Segura \u00a0\u00a0\u00a0\u00a0\u00a0\u00a0    \u00a0\u00a0Jos\u00e9 Benjam\u00edn Ortiz Gonz\u00e1lez<\/strong><\/p>\n\n\n\n<p class=\"has-small-font-size\"><strong>Director Adjunto Regi\u00f3n 3\u00a0\u00a0 23\u201326\u00a0\u00a0\u00a0\u00a0\u00a0\u00a0\u00a0\u00a0\u00a0\u00a0\u00a0\u00a0 Miembro del Programa 23-26<\/strong><\/p>\n\n\n\n<p class=\"has-small-font-size\">Colegio de Arquitectos de Le\u00f3n\u00a0 \u00a0\u00a0\u00a0\u00a0\u00a0            \u00a0Colegio de Arquitectos de Nuevo Le\u00f3n<\/p>\n\n\n\n<p><\/p>\n<\/body>","protected":false},"excerpt":{"rendered":"<p>La UIA es un organismo mundial de arquitectos, organizado para promover la arquitectura y los intereses de la profesi\u00f3n, y<\/p>\n","protected":false},"author":10,"featured_media":0,"comment_status":"open","ping_status":"open","sticky":false,"template":"","format":"standard","meta":{"colormag_page_container_layout":"default_layout","colormag_page_sidebar_layout":"default_layout","om_disable_all_campaigns":false,"_monsterinsights_skip_tracking":false,"_monsterinsights_sitenote_active":false,"_monsterinsights_sitenote_note":"","_monsterinsights_sitenote_category":0,"footnotes":""},"categories":[21,29],"tags":[],"class_list":["post-4745","post","type-post","status-publish","format-standard","hentry","category-editorial","category-uia"],"_links":{"self":[{"href":"http:\/\/calli.digital\/revista\/index.php\/wp-json\/wp\/v2\/posts\/4745","targetHints":{"allow":["GET"]}}],"collection":[{"href":"http:\/\/calli.digital\/revista\/index.php\/wp-json\/wp\/v2\/posts"}],"about":[{"href":"http:\/\/calli.digital\/revista\/index.php\/wp-json\/wp\/v2\/types\/post"}],"author":[{"embeddable":true,"href":"http:\/\/calli.digital\/revista\/index.php\/wp-json\/wp\/v2\/users\/10"}],"replies":[{"embeddable":true,"href":"http:\/\/calli.digital\/revista\/index.php\/wp-json\/wp\/v2\/comments?post=4745"}],"version-history":[{"count":3,"href":"http:\/\/calli.digital\/revista\/index.php\/wp-json\/wp\/v2\/posts\/4745\/revisions"}],"predecessor-version":[{"id":4803,"href":"http:\/\/calli.digital\/revista\/index.php\/wp-json\/wp\/v2\/posts\/4745\/revisions\/4803"}],"wp:attachment":[{"href":"http:\/\/calli.digital\/revista\/index.php\/wp-json\/wp\/v2\/media?parent=4745"}],"wp:term":[{"taxonomy":"category","embeddable":true,"href":"http:\/\/calli.digital\/revista\/index.php\/wp-json\/wp\/v2\/categories?post=4745"},{"taxonomy":"post_tag","embeddable":true,"href":"http:\/\/calli.digital\/revista\/index.php\/wp-json\/wp\/v2\/tags?post=4745"}],"curies":[{"name":"wp","href":"https:\/\/api.w.org\/{rel}","templated":true}]}}