{"id":4764,"date":"2024-11-01T07:23:09","date_gmt":"2024-11-01T12:23:09","guid":{"rendered":"https:\/\/calli.digital\/revista\/?p=4764"},"modified":"2024-11-01T07:23:09","modified_gmt":"2024-11-01T12:23:09","slug":"la-especialidad-en-planeacion-y-diseno-de-edificios-para-la-salud","status":"publish","type":"post","link":"http:\/\/calli.digital\/revista\/index.php\/2024\/11\/01\/la-especialidad-en-planeacion-y-diseno-de-edificios-para-la-salud\/","title":{"rendered":"La Especialidad en PLANEACI\u00d3N y DISE\u00d1O de EDIFICIOS para la SALUD"},"content":{"rendered":"<body>\n<p><img decoding=\"async\" width=\"150\" height=\"210\" class=\"wp-image-4681\" style=\"width: 150px;\" src=\"http:\/\/calli.digital\/revista\/wp-content\/uploads\/2024\/10\/image121.jpg\" alt=\"\" loading=\"lazy\" srcset=\"http:\/\/calli.digital\/revista\/wp-content\/uploads\/2024\/10\/image121.jpg 234w, http:\/\/calli.digital\/revista\/wp-content\/uploads\/2024\/10\/image121-215x300.jpg 215w\" sizes=\"auto, (max-width: 150px) 100vw, 150px\" \/> Una de las responsabilidades de mi \u00e1rea era la actualizaci\u00f3n del conocimiento para todos los compa\u00f1eros de la Jefatura de Proyectos, por ello organizamos cursos y conferencias.<\/p>\n\n\n\n<p>Pero record\u00e9 que un curso que a\u00f1os antes se dio en el CIESS, Centro Interamericano de Estudios de la Seguridad Social, fue de gran valor para quienes lo tomaron; por eso acud\u00ed al CIESS, para hablar con nuestra excompa\u00f1era Zita de la Garma, encargada de esta responsabilidad, a qui\u00e9n le pareci\u00f3 muy bien y juntos dise\u00f1amos los contenidos del curso.<\/p>\n\n\n\n<p>Cuando le present\u00e9 la lista de profesores, entre los directivos de Proyectos y otros especialistas, me dijo que no, que ella pondr\u00eda a los maestros que impartieran las materias, pues los funcionarios del Instituto no sab\u00edan nada, lo que me pareci\u00f3 exagerado y pretencioso.<\/p>\n\n\n\n<figure class=\"wp-block-image size-full\"><img decoding=\"async\" width=\"275\" height=\"183\" src=\"http:\/\/calli.digital\/revista\/wp-content\/uploads\/2024\/10\/image123.png\" alt=\"\" class=\"wp-image-4682\" loading=\"lazy\"><\/figure>\n\n\n\n<p>Coment\u00e9 esta contrariedad con Jos\u00e9 Luis, quien consider\u00f3 que \u00e9l podr\u00eda ver la posibilidad de que se organizara en la Facultad de Arquitectura de la UNAM.<\/p>\n\n\n\n<figure class=\"wp-block-image size-full\"><img decoding=\"async\" width=\"225\" height=\"225\" src=\"http:\/\/calli.digital\/revista\/wp-content\/uploads\/2024\/10\/image125.jpg\" alt=\"\" class=\"wp-image-4683\" loading=\"lazy\" srcset=\"http:\/\/calli.digital\/revista\/wp-content\/uploads\/2024\/10\/image125.jpg 225w, http:\/\/calli.digital\/revista\/wp-content\/uploads\/2024\/10\/image125-150x150.jpg 150w\" sizes=\"auto, (max-width: 225px) 100vw, 225px\" \/><\/figure>\n\n\n\n<p>Acudi\u00f3 a Xavier Cort\u00e9s Rocha, entonces jefe de Posgrado de la Facultad de Arquitectura, a quien le pareci\u00f3 una estupenda la idea y as\u00ed efectuamos todos los tr\u00e1mites para, en la Universidad realizar el curso como una Especialidad con reconocimiento acad\u00e9mico.<\/p>\n\n\n\n<p>Ya organizado y cumpliendo con todos los requisitos que para ello sugiri\u00f3 la Divisi\u00f3n de Estudios de Posgrado, se estructur\u00f3 la <strong>Especialidad en Planeaci\u00f3n y Dise\u00f1o de Edificios para la Salud<\/strong>, que ha sido un \u00e9xito, pues ha producido un buen n\u00famero a arquitectos especialistas en el tema.<\/p>\n\n\n\n<figure class=\"wp-block-image size-full\"><img decoding=\"async\" width=\"289\" height=\"174\" src=\"http:\/\/calli.digital\/revista\/wp-content\/uploads\/2024\/10\/image127.png\" alt=\"\" class=\"wp-image-4684\" loading=\"lazy\"><\/figure>\n<\/body>","protected":false},"excerpt":{"rendered":"<p>Una de las responsabilidades de mi \u00e1rea era la actualizaci\u00f3n del conocimiento para todos los compa\u00f1eros de la Jefatura de<\/p>\n","protected":false},"author":2,"featured_media":0,"comment_status":"open","ping_status":"open","sticky":false,"template":"","format":"standard","meta":{"colormag_page_container_layout":"no_sidebar_full_width","colormag_page_sidebar_layout":"no_sidebar","om_disable_all_campaigns":false,"_monsterinsights_skip_tracking":false,"_monsterinsights_sitenote_active":false,"_monsterinsights_sitenote_note":"","_monsterinsights_sitenote_category":0,"footnotes":""},"categories":[60,25],"tags":[],"class_list":["post-4764","post","type-post","status-publish","format-standard","hentry","category-m-alejandro-gaytan-cervantes","category-monografias"],"_links":{"self":[{"href":"http:\/\/calli.digital\/revista\/index.php\/wp-json\/wp\/v2\/posts\/4764","targetHints":{"allow":["GET"]}}],"collection":[{"href":"http:\/\/calli.digital\/revista\/index.php\/wp-json\/wp\/v2\/posts"}],"about":[{"href":"http:\/\/calli.digital\/revista\/index.php\/wp-json\/wp\/v2\/types\/post"}],"author":[{"embeddable":true,"href":"http:\/\/calli.digital\/revista\/index.php\/wp-json\/wp\/v2\/users\/2"}],"replies":[{"embeddable":true,"href":"http:\/\/calli.digital\/revista\/index.php\/wp-json\/wp\/v2\/comments?post=4764"}],"version-history":[{"count":1,"href":"http:\/\/calli.digital\/revista\/index.php\/wp-json\/wp\/v2\/posts\/4764\/revisions"}],"predecessor-version":[{"id":4766,"href":"http:\/\/calli.digital\/revista\/index.php\/wp-json\/wp\/v2\/posts\/4764\/revisions\/4766"}],"wp:attachment":[{"href":"http:\/\/calli.digital\/revista\/index.php\/wp-json\/wp\/v2\/media?parent=4764"}],"wp:term":[{"taxonomy":"category","embeddable":true,"href":"http:\/\/calli.digital\/revista\/index.php\/wp-json\/wp\/v2\/categories?post=4764"},{"taxonomy":"post_tag","embeddable":true,"href":"http:\/\/calli.digital\/revista\/index.php\/wp-json\/wp\/v2\/tags?post=4764"}],"curies":[{"name":"wp","href":"https:\/\/api.w.org\/{rel}","templated":true}]}}