{"id":5593,"date":"2025-06-30T23:25:03","date_gmt":"2025-07-01T04:25:03","guid":{"rendered":"https:\/\/calli.digital\/revista\/?p=5593"},"modified":"2025-06-30T23:25:05","modified_gmt":"2025-07-01T04:25:05","slug":"congreso-mundial-de-arquitectos-2026-en-barcelona","status":"publish","type":"post","link":"http:\/\/calli.digital\/revista\/index.php\/2025\/06\/30\/congreso-mundial-de-arquitectos-2026-en-barcelona\/","title":{"rendered":"Congreso Mundial de Arquitectos 2026 en Barcelona"},"content":{"rendered":"<body>\n<p class=\"has-small-font-size\"><\/p>\n\n\n\n<figure class=\"wp-block-image size-full\"><img decoding=\"async\" width=\"221\" height=\"91\" src=\"http:\/\/calli.digital\/revista\/wp-content\/uploads\/2024\/10\/image054.jpg\" alt=\"\" class=\"wp-image-4800\" loading=\"lazy\"><\/figure>\n\n\n\n<p class=\"has-medium-font-size\"><\/p>\n\n\n\n<figure class=\"wp-block-image size-full\"><img decoding=\"async\" width=\"333\" height=\"185\" src=\"http:\/\/calli.digital\/revista\/wp-content\/uploads\/2025\/06\/image011.png\" alt=\"\" class=\"wp-image-5452\" loading=\"lazy\" srcset=\"http:\/\/calli.digital\/revista\/wp-content\/uploads\/2025\/06\/image011.png 333w, http:\/\/calli.digital\/revista\/wp-content\/uploads\/2025\/06\/image011-300x167.png 300w\" sizes=\"auto, (max-width: 333px) 100vw, 333px\" \/><\/figure>\n\n\n\n<p>La Uni\u00f3n Internacional de Arquitectos, UIA, celebrar\u00e1 su Congreso Mundial de Arquitectos 2026 en la ciudad de Barcelona, Espa\u00f1a, y anuncia un llamamiento internacional y abierto a profesionales de todo el mundo, en el mayor evento de arquitectura a nivel global.<\/p>\n\n\n\n<p><br>Con el tema \u201cConvertirse en una arquitectura para un planeta en transici\u00f3n\u201d, el Congreso ser\u00e1 una plataforma para explorar perspectivas innovadoras, enfoques interdisciplinarios e ideas transformadoras que aborden los desaf\u00edos contempor\u00e1neos.<br><\/p>\n\n\n\n<p>Se invita a: arquitectos, paisajistas, investigadores, en ingenier\u00eda, fotograf\u00eda, cine y arte a participar con proyectos, ensayos o piezas multimedia. Se desea reunir conocimientos a trav\u00e9s de la investigaci\u00f3n, la pr\u00e1ctica y la educaci\u00f3n, para generar nuevas perspectivas y fortalecer las conexiones entre disciplinas.<br><\/p>\n\n\n\n<p>En 2026, Barcelona ser\u00e1 tambi\u00e9n la Capital Mundial de la Arquitectura.<\/p>\n\n\n\n<div class=\"wp-block-columns is-layout-flex wp-container-core-columns-is-layout-28f84493 wp-block-columns-is-layout-flex\">\n<div class=\"wp-block-column is-layout-flow wp-block-column-is-layout-flow\">\n<p>Jos\u00e9 Luis Cortes Delgado. Presidente inmediato saliente UIA Secretario de Relaciones Internacionales FCARM<\/p>\n<\/div>\n\n\n\n<div class=\"wp-block-column is-layout-flow wp-block-column-is-layout-flow\"><\/div>\n<\/div>\n\n\n\n<p><\/p>\n<\/body>","protected":false},"excerpt":{"rendered":"<p>La Uni\u00f3n Internacional de Arquitectos, UIA, celebrar\u00e1 su Congreso Mundial de Arquitectos 2026 en la ciudad de Barcelona, Espa\u00f1a, y<\/p>\n","protected":false},"author":10,"featured_media":0,"comment_status":"open","ping_status":"open","sticky":false,"template":"","format":"standard","meta":{"colormag_page_container_layout":"default_layout","colormag_page_sidebar_layout":"default_layout","om_disable_all_campaigns":false,"_monsterinsights_skip_tracking":false,"_monsterinsights_sitenote_active":false,"_monsterinsights_sitenote_note":"","_monsterinsights_sitenote_category":0,"footnotes":""},"categories":[21,29],"tags":[],"class_list":["post-5593","post","type-post","status-publish","format-standard","hentry","category-editorial","category-uia"],"_links":{"self":[{"href":"http:\/\/calli.digital\/revista\/index.php\/wp-json\/wp\/v2\/posts\/5593","targetHints":{"allow":["GET"]}}],"collection":[{"href":"http:\/\/calli.digital\/revista\/index.php\/wp-json\/wp\/v2\/posts"}],"about":[{"href":"http:\/\/calli.digital\/revista\/index.php\/wp-json\/wp\/v2\/types\/post"}],"author":[{"embeddable":true,"href":"http:\/\/calli.digital\/revista\/index.php\/wp-json\/wp\/v2\/users\/10"}],"replies":[{"embeddable":true,"href":"http:\/\/calli.digital\/revista\/index.php\/wp-json\/wp\/v2\/comments?post=5593"}],"version-history":[{"count":1,"href":"http:\/\/calli.digital\/revista\/index.php\/wp-json\/wp\/v2\/posts\/5593\/revisions"}],"predecessor-version":[{"id":5594,"href":"http:\/\/calli.digital\/revista\/index.php\/wp-json\/wp\/v2\/posts\/5593\/revisions\/5594"}],"wp:attachment":[{"href":"http:\/\/calli.digital\/revista\/index.php\/wp-json\/wp\/v2\/media?parent=5593"}],"wp:term":[{"taxonomy":"category","embeddable":true,"href":"http:\/\/calli.digital\/revista\/index.php\/wp-json\/wp\/v2\/categories?post=5593"},{"taxonomy":"post_tag","embeddable":true,"href":"http:\/\/calli.digital\/revista\/index.php\/wp-json\/wp\/v2\/tags?post=5593"}],"curies":[{"name":"wp","href":"https:\/\/api.w.org\/{rel}","templated":true}]}}