{"id":5729,"date":"2025-08-31T22:32:23","date_gmt":"2025-09-01T03:32:23","guid":{"rendered":"https:\/\/calli.digital\/revista\/?p=5729"},"modified":"2025-08-31T22:32:25","modified_gmt":"2025-09-01T03:32:25","slug":"el-promotor-de-la-vivienda","status":"publish","type":"post","link":"http:\/\/calli.digital\/revista\/index.php\/2025\/08\/31\/el-promotor-de-la-vivienda\/","title":{"rendered":"El Promotor de la Vivienda"},"content":{"rendered":"<body>\n<p class=\"has-large-font-size\"><strong>Semblanza de Roberto Eibenschutz<\/strong><\/p>\n\n\n\n<p><span style='font-size:16.0pt;line-height:110%;\nfont-family:\"Arial\",sans-serif;color:#7030A0'><\/span><strong>Enrique Ortiz en Entrevista con Leonardo Garrido<\/strong><\/p>\n\n\n\n<p>Durante m\u00e1s de seis d\u00e9cadas, Enrique Ortiz y Roberto Eibenschutz compartieron caminos, proyectos y convicciones. Su historia com\u00fan es tambi\u00e9n, en buena medida, la historia de los movimientos de vivienda popular en M\u00e9xico, de los procesos de planificaci\u00f3n participativa y de los esfuerzos por articular lo social con lo urbano desde el \u00e1mbito p\u00fablico. Recordar a Roberto, en palabras de Enrique, es mirar hacia una \u00e9poca compleja, pero tambi\u00e9n luminosa, tejida con ideas y acciones colectivas.<\/p>\n\n\n\n<figure class=\"wp-block-image size-full\"><img decoding=\"async\" width=\"199\" height=\"122\" src=\"http:\/\/calli.digital\/revista\/wp-content\/uploads\/2025\/08\/image085.png\" alt=\"\" class=\"wp-image-5649\" loading=\"lazy\"><\/figure>\n\n\n\n<p>\u201cRoberto nunca busc\u00f3 figurar, pero siempre estuvo. Apoyando, empujando, con \u00e9tica, con visi\u00f3n. Esos hombres son los que nos hacen falta\u201d.<\/p>\n\n\n\n<p>Primeros encuentros y afinidades compartidas<\/p>\n\n\n\n<p>\u201cLo conoc\u00ed ya en la acci\u00f3n\u201d, afirma Enrique Ortiz, ubicando su primer contacto directo con Roberto en los a\u00f1os 60\u2019s, en el contexto de la Sociedad Mexicana de Planificaci\u00f3n. Desde 1965, Enrique trabajaba en proyectos comunitarios a trav\u00e9s de COPEVI, una organizaci\u00f3n que promov\u00eda modelos alternativos de vivienda en zonas rurales, ind\u00edgenas y urbanas populares.<\/p>\n\n\n\n<p>Ese recorrido lo llev\u00f3 a colaborar con figuras clave como Cuauht\u00e9moc C\u00e1rdenas en el marco de la Sociedad Interamericana de Planificaci\u00f3n (SIP), donde se comenzaba a discutir una nueva visi\u00f3n de la ciudad.<\/p>\n\n\n\n<p>En ese contexto, Roberto Eibenschutz apareci\u00f3 como parte de una generaci\u00f3n de arquitectos y urbanistas comprometidos con una transformaci\u00f3n profunda del modelo de desarrollo urbano.<\/p>\n\n\n\n<p>Su colaboraci\u00f3n tom\u00f3 forma concreta en la antesala de la Primera Conferencia de Naciones Unidas sobre Asentamientos Humanos (Vancouver, 1976). Enrique recuerda: \u201cYo les dije a los compa\u00f1eros: \u201cOigan, tenemos que cacaraquear el huevo de lo que hemos hecho\u201d, porque llev\u00e1bamos m\u00e1s de una d\u00e9cada trabajando en proyectos relevantes y poco visibles que ser\u00eda importante compartir en Vancouver\u201d.<\/p>\n\n\n\n<figure class=\"wp-block-image size-full\"><img decoding=\"async\" width=\"318\" height=\"159\" src=\"http:\/\/calli.digital\/revista\/wp-content\/uploads\/2025\/08\/image087.png\" alt=\"\" class=\"wp-image-5650\" loading=\"lazy\" srcset=\"http:\/\/calli.digital\/revista\/wp-content\/uploads\/2025\/08\/image087.png 318w, http:\/\/calli.digital\/revista\/wp-content\/uploads\/2025\/08\/image087-300x150.png 300w\" sizes=\"auto, (max-width: 318px) 100vw, 318px\" \/><\/figure>\n\n\n\n<p>\u201cLa cercan\u00eda no s\u00f3lo era pol\u00edtica sino f\u00edsica: Pancho Covarrubias, Roberto y yo viv\u00edamos por la misma zona. La casa que usamos como sede de la Sociedad Mexicana de Planificaci\u00f3n estaba a una calle de la m\u00eda. Yo hice el proyectito para adaptarla, y ah\u00ed empezamos a trabajar juntos m\u00e1s de cerca\u201d.<\/p>\n\n\n\n<p>Desde esa primera colaboraci\u00f3n, surgi\u00f3 una alianza que marcar\u00eda buena parte del pensamiento urbano mexicano en las d\u00e9cadas siguientes. En Vancouver, Roberto y Enrique consolidaron v\u00ednculos internacionales con arquitectos, planificadores y acad\u00e9micos latinoamericanos exiliados o en resistencia frente a las dictaduras del Cono Sur. \u201cConoc\u00ed a Marta Schteingart, a Jorge Wong, a varios chilenos y argentinos\u2026 muchos hab\u00edan llegado a M\u00e9xico huyendo, y aqu\u00ed se arm\u00f3 una comunidad muy potente. Roberto fue parte de eso\u201d.<\/p>\n\n\n\n<p>Roberto Eibenschutz en el Estado: visi\u00f3n y compromiso desde lo p\u00fablico<\/p>\n\n\n\n<p>Con el paso de los a\u00f1os, esa comunidad de pensamiento y acci\u00f3n fue dando forma a una nueva institucionalidad. A principios de los a\u00f1os ochenta, tras la creaci\u00f3n de la Secretar\u00eda de Asentamientos Humanos y Obras P\u00fablicas (SAHOP), Pancho Covarrubias, invit\u00f3 a Enrique a sumarse a la Direcci\u00f3n de Equipamiento Urbano y Vivienda, desde donde se dieron m\u00faltiples interacciones con la encabezada por Roberto. Fue en ese espacio donde se gest\u00f3 una de las pol\u00edticas m\u00e1s emblem\u00e1ticas en materia de h\u00e1bitat: el Primer Programa Nacional de Vivienda, que dio origen en 1981 Fondo Nacional de Habitaciones Populares (FONHAPO) en 1981. FONHAPO y la apuesta por la producci\u00f3n social<\/p>\n\n\n\n<p>Roberto fue nombrado director general, donde su liderazgo fue especialmente relevante frente a los sectores m\u00e1s conservadores del aparato estatal. \u201cRoberto fue muy claro, muy firme y defendi\u00f3 el asunto con mucha claridad\u201d, rememora Enrique, \u201c\u00c9l no impon\u00eda; escuchaba. Y<\/p>\n\n\n\n<p>cuando decid\u00eda algo, lo hac\u00eda con base en lo que se hab\u00eda debatido. En ese sentido, era profundamente coherente y democr\u00e1tico\u201d.<\/p>\n\n\n\n<p>Enrique fue convocado por \u00e9l inicialmente a ser gerente de operaci\u00f3n de FONHAPO, y m\u00e1s adelante recibi\u00f3 el encargo de estructurar y poner en operaci\u00f3n sus delegaciones regionales. \u201cFue una oportunidad muy interesante\u201d, explica, \u201cporque integr\u00f3 a gente joven\u201d, muchos de ellos con experiencia de base en procesos sociales desde sus propios territorios.<\/p>\n\n\n\n<figure class=\"wp-block-image size-full\"><img decoding=\"async\" width=\"435\" height=\"120\" src=\"http:\/\/calli.digital\/revista\/wp-content\/uploads\/2025\/08\/image088.png\" alt=\"\" class=\"wp-image-5651\" loading=\"lazy\" srcset=\"http:\/\/calli.digital\/revista\/wp-content\/uploads\/2025\/08\/image088.png 435w, http:\/\/calli.digital\/revista\/wp-content\/uploads\/2025\/08\/image088-300x83.png 300w\" sizes=\"auto, (max-width: 435px) 100vw, 435px\" \/><\/figure>\n\n\n\n<p>La relaci\u00f3n de confianza entre ambos permiti\u00f3 navegar las complejidades de un aparato estatal frecuentemente distante de las comunidades. \u201cYo me hab\u00eda peleado con el gobierno mil veces.<\/p>\n\n\n\n<p>No entend\u00edan lo que quer\u00edamos hacer desde las comunidades.<\/p>\n\n\n\n<p>Pero con \u201cRoberto se pod\u00eda hablar, viv\u00eda con la tranquilidad de quien act\u00faa desde la coherencia\u201d. M\u00e1s all\u00e1 del Estado: redes latinoamericanas y visi\u00f3n regional Con el avance del neoliberalismo, especialmente durante el gobierno de Salinas de Gortari, muchas de las instituciones que respaldaban una pol\u00edtica urbana progresista se desmantelaron.<\/p>\n\n\n\n<p>\u201cYa no hab\u00eda escucha para esto\u201d, lamenta Enrique.<\/p>\n\n\n\n<p>Sin embargo, la labor continu\u00f3 desde otros frentes: Enrique fortaleci\u00f3 su trabajo en redes internacionales como Coalici\u00f3n Internacional del H\u00e1bitat (HIC) y colabor\u00f3 con gobiernos progresistas en Am\u00e9rica Latina, manteniendo vivo el esp\u00edritu de las luchas compartidas con Roberto.<\/p>\n\n\n\n<p>Roberto, por su parte, se mantuvo como interlocutor activo. Incluso tras ser promovido a Subsecretario de Desarrollo Urbano en 1985, sostuvo el apoyo y la confianza en los equipos con los que hab\u00eda trabajado. \u201cNunca dejamos de estar en contacto, \u00c9l segu\u00eda lo que hac\u00edamos y nos alentaba a seguir adelante\u201d.<\/p>\n\n\n\n<p>Enrique enfatiza que Roberto no fue s\u00f3lo un t\u00e9cnico eficiente o un acad\u00e9mico respetado sino un aliado estrat\u00e9gico y un articulador de procesos profundamente democr\u00e1ticos. \u201csiempre mantuvo una visi\u00f3n de cambio que tambi\u00e9n compart\u00edamos\u201d, se\u00f1ala. A diferencia de otros funcionarios, \u201c \u00a0entend\u00eda muy bien la dimensi\u00f3n pol\u00edtica de los procesos urbanos populares\u201d.<\/p>\n\n\n\n<p>Escuchar como forma de liderazgo<\/p>\n\n\n\n<figure class=\"wp-block-image size-full\"><img decoding=\"async\" width=\"341\" height=\"284\" src=\"http:\/\/calli.digital\/revista\/wp-content\/uploads\/2025\/08\/image089.png\" alt=\"\" class=\"wp-image-5652\" loading=\"lazy\" srcset=\"http:\/\/calli.digital\/revista\/wp-content\/uploads\/2025\/08\/image089.png 341w, http:\/\/calli.digital\/revista\/wp-content\/uploads\/2025\/08\/image089-300x250.png 300w\" sizes=\"auto, (max-width: 341px) 100vw, 341px\" \/><\/figure>\n\n\n\n<p>Para Enrique Ortiz, uno de los rasgos m\u00e1s definitorios de Roberto fue su capacidad de escucha, siempre trata de entender al otro, no de imponer. Y eso a m\u00ed me parece fundamental\u201d.<\/p>\n\n\n\n<p>Entre los a\u00f1os noventa y dos mil, aunque en distintos espacios, continuaron encontr\u00e1ndose en consejos, foros y plataformas nacionales e internacionales. \u201cCoincid\u00edamos en los Consejos<\/p>\n\n\n\n<p>Nacionales de Planeaci\u00f3n desarrollo Urbano y de Vivienda y Roberto siempre apoyaba lo que est\u00e1bamos planteando ah\u00ed. Siempre fue un gran apoyo en las decisiones que ten\u00edamos\u201d.<\/p>\n\n\n\n<p>La \u00faltima etapa de su colaboraci\u00f3n, entre 2011 y 2025, represent\u00f3 un nuevo ciclo. \u201cactuando juntos otra vez, con compa\u00f1eros y organizaciones de gran experiencia\u201d, comenta Enrique.<\/p>\n\n\n\n<p>\u201cHasta el \u00faltimo momento estuvimos cada vez m\u00e1s claros en la lucha por un mundo para todos centrada en la preservaci\u00f3n y disfrute de la vida\u201d.<\/p>\n\n\n\n<p>Su fallecimiento, fue una p\u00e9rdida profunda: \u201cEst\u00e1bamos trabajando propuestas y fortaleciendo procesos transformadores juntamente con compa\u00f1eros de camino. Fue muy doloroso perderlo justo en este momento, de grandes retos y esperanzas\u201d.<\/p>\n\n\n\n<p>El legado de un arquitecto social Roberto Eibenschutz no fue simplemente un funcionario p\u00fablico, ni un acad\u00e9mico convencional. Fue, como lo describe Enrique, un \u201carquitecto de procesos colectivos\u201d, un actor que supo trabajar desde las instituciones para abrir camino a las luchas sociales y a las formas populares de producci\u00f3n y gesti\u00f3n social del h\u00e1bitat. \u201cSiempre fue alguien que escuch\u00f3. Que apoy\u00f3. Que no impon\u00eda. Y que ayud\u00f3 a avanzar. Eso me dio mucha fuerza para seguir peleando por ello\u201d.<\/p>\n\n\n\n<p>Ese legado no es s\u00f3lo memoria: es tambi\u00e9n horizonte. \u201cMuchas de las cosas que est\u00e1bamos haciendo, las pudimos empujar gracias a \u00e9l. Siempre fue un gran apoyo y est\u00edmulo\u201d.<\/p>\n\n\n\n<figure class=\"wp-block-image size-full\"><img decoding=\"async\" width=\"304\" height=\"166\" src=\"http:\/\/calli.digital\/revista\/wp-content\/uploads\/2025\/08\/image091.png\" alt=\"\" class=\"wp-image-5653\" loading=\"lazy\" srcset=\"http:\/\/calli.digital\/revista\/wp-content\/uploads\/2025\/08\/image091.png 304w, http:\/\/calli.digital\/revista\/wp-content\/uploads\/2025\/08\/image091-300x164.png 300w\" sizes=\"auto, (max-width: 304px) 100vw, 304px\" \/><\/figure>\n\n\n\n<p>En una \u00e9poca en la que lo p\u00fablico parece a menudo divorciado de lo popular, la historia de Roberto -contada por Enrique Ortiz- nos recuerda que es posible construir puentes entre el Estado y los movimientos sociales, entre la t\u00e9cnica y la \u00e9tica, entre el dise\u00f1o y la justicia. Y que, para ello, quiz\u00e1 lo m\u00e1s importante sea saber escuchar y dar lugar central a lo afectivo.<\/p>\n\n\n\n<p>\u201cFue una experiencia poderosa y de gran esperanza, que debo rescatar y escribir, para no olvidarla.\u201d.<\/p>\n\n\n\n<p>Este relato, en palabras de Enrique, es parte de ese rescate. Una memoria viva de un tiempo, una lucha, y un hombre que, sin buscar figurar, siempre estuvo donde se constru\u00eda desde abajo. Con \u00e9tica. Con visi\u00f3n. Y del lado correcto.<\/p>\n<\/body>","protected":false},"excerpt":{"rendered":"<p>Semblanza de Roberto Eibenschutz Enrique Ortiz en Entrevista con Leonardo Garrido Durante m\u00e1s de seis d\u00e9cadas, Enrique Ortiz y Roberto<\/p>\n","protected":false},"author":8,"featured_media":0,"comment_status":"open","ping_status":"open","sticky":false,"template":"","format":"standard","meta":{"colormag_page_container_layout":"no_sidebar_full_width","colormag_page_sidebar_layout":"no_sidebar","om_disable_all_campaigns":false,"_monsterinsights_skip_tracking":false,"_monsterinsights_sitenote_active":false,"_monsterinsights_sitenote_note":"","_monsterinsights_sitenote_category":0,"footnotes":""},"categories":[25,35],"tags":[],"class_list":["post-5729","post","type-post","status-publish","format-standard","hentry","category-monografias","category-roberto-eibenshutz-hartman"],"_links":{"self":[{"href":"http:\/\/calli.digital\/revista\/index.php\/wp-json\/wp\/v2\/posts\/5729","targetHints":{"allow":["GET"]}}],"collection":[{"href":"http:\/\/calli.digital\/revista\/index.php\/wp-json\/wp\/v2\/posts"}],"about":[{"href":"http:\/\/calli.digital\/revista\/index.php\/wp-json\/wp\/v2\/types\/post"}],"author":[{"embeddable":true,"href":"http:\/\/calli.digital\/revista\/index.php\/wp-json\/wp\/v2\/users\/8"}],"replies":[{"embeddable":true,"href":"http:\/\/calli.digital\/revista\/index.php\/wp-json\/wp\/v2\/comments?post=5729"}],"version-history":[{"count":1,"href":"http:\/\/calli.digital\/revista\/index.php\/wp-json\/wp\/v2\/posts\/5729\/revisions"}],"predecessor-version":[{"id":5730,"href":"http:\/\/calli.digital\/revista\/index.php\/wp-json\/wp\/v2\/posts\/5729\/revisions\/5730"}],"wp:attachment":[{"href":"http:\/\/calli.digital\/revista\/index.php\/wp-json\/wp\/v2\/media?parent=5729"}],"wp:term":[{"taxonomy":"category","embeddable":true,"href":"http:\/\/calli.digital\/revista\/index.php\/wp-json\/wp\/v2\/categories?post=5729"},{"taxonomy":"post_tag","embeddable":true,"href":"http:\/\/calli.digital\/revista\/index.php\/wp-json\/wp\/v2\/tags?post=5729"}],"curies":[{"name":"wp","href":"https:\/\/api.w.org\/{rel}","templated":true}]}}