{"id":6555,"date":"2026-04-30T07:31:38","date_gmt":"2026-04-30T12:31:38","guid":{"rendered":"https:\/\/calli.digital\/revista\/?p=6555"},"modified":"2026-04-30T07:31:40","modified_gmt":"2026-04-30T12:31:40","slug":"arquitectura-de-jalisco-presentacion","status":"publish","type":"post","link":"http:\/\/calli.digital\/revista\/index.php\/2026\/04\/30\/arquitectura-de-jalisco-presentacion\/","title":{"rendered":"Arquitectura de Jalisco. Presentaci\u00f3n"},"content":{"rendered":"<body>\n<figure class=\"wp-block-image alignleft size-full\"><img decoding=\"async\" width=\"112\" height=\"132\" src=\"http:\/\/calli.digital\/revista\/wp-content\/uploads\/2026\/04\/image023.png\" alt=\"\" class=\"wp-image-6402\" loading=\"lazy\"><figcaption class=\"wp-element-caption\"><strong>M. Arq. Lilliane Irene Ponce Guti\u00e9rrez AE-ANA<\/strong><\/figcaption><\/figure>\n\n\n\n<p>La Arquitectura Jalisciense es un fabuloso viaje desde lo Colonial, lo Barroco, Neocl\u00e1sico, Neog\u00f3tico, Art Deco, Regionalismo\u2026 para llegar al Movimiento Moderno y la Arquitectura Contempor\u00e1nea. Nuestra historia se engrandece con los nombres y las obras de grandes constructores, alarifes, artesanos y benefactores que marcaron nuestra identidad.<\/p>\n\n\n\n<p>Fue la figura de Fray Antonio Alcalde y Barriga, (1701\u20131792) obispo y fraile dominico quien marco una gran transformaci\u00f3n como impulsor de la educaci\u00f3n y la salud al fundar la Real Universidad de Guadalajara y el Hospital Real de San Miguel de Bel\u00e9n, hoy Hospital Civil, promoviendo tambi\u00e9n la creaci\u00f3n de \u201clas cuadritas\u201d, un desarrollo de vivienda popular que llev\u00f3 la urbanizaci\u00f3n de la ciudad al norte, al barrio del Santuario.<\/p>\n\n\n\n<p>No podemos imaginar a Guadalajara sin las emblem\u00e1ticas torres de la Catedral Metropolitana (1573\u20131813) del alarife Martin Casillas, el Monumental Hospicio Caba\u00f1as (1805\u20131810), hoy Centro Cultural Caba\u00f1as, del Arq. Manuel Tols\u00e1 o el Teatro Degollado de Jacobo G\u00e1lvez (1856\u20131866)<\/p>\n\n\n\n<p>Jalisco ha sido un estado profundamente centralista, pero, m\u00e1s all\u00e1 de Guadalajara tenemos importantes y singulares edificaciones que dan identidad a nuestras ciudades como la Parroquia de San Francisco de As\u00eds en Tepatitl\u00e1n (174 \u20131775) obra de los religiosos Franciscanos, el monumento a Pio IX en Jamay (1875\u20131879) del sacerdote Jos\u00e9 Mar\u00eda Z\u00e1rate, el edificio de Oficinas Federales del Arq.\u00a0 Salvador de Alba, o el Cementerio de Concepci\u00f3n de Buenos Aires del Arq. Rafael Urzua.<\/p>\n\n\n\n<p>Cuna del Arquitecto Luis Barrag\u00e1n Morfin quien tiene en esta ciudad la primera \u00e9poca de su magn\u00edfica producci\u00f3n que lo llevar\u00eda a ser merecedor del Premio Pritzker en 1980 y de quien no puedo dejar de citar una de sus grandes lecciones:<\/p>\n\n\n\n<p>\u201cToda Arquitectura que no exprese serenidad est\u00e1 equivocada, por eso ha sido un error sustituir el abrigo de los muros por la intemperie de los ventanales.\u201d <em>(Luis Barrag\u00e1n)<\/em><\/p>\n\n\n\n<p>Nuestro estado ha sido centro de acontecimientos que han marcado la historia de la Arquitectura moderna del pa\u00eds, uno de ellos, sin duda, es la fundaci\u00f3n de la Escuela de Arquitectura de la Universidad de Guadalajara en 1948 por iniciativa del Arq. Ignacio D\u00edaz-Morales, fue inaugurada formalmente el 6 de enero de 1949 con la asistencia y el apoyo del gobernador del estado Lic. Jes\u00fas Gonz\u00e1lez Gallo y siendo Rector de la Universidad el Dr. Luis Farah Mata.<\/p>\n\n\n\n<p>La visi\u00f3n del Arq. Diaz-Morales m\u00e1s la situaci\u00f3n de posguerra en Europa permitieron la integraci\u00f3n de arquitectos e como profesores: Erich Coufal, Matthias Goeritz, Bruno Cadore, quienes marcaron un estilo particular llegando a llam\u00e1rsele\u00a0 la Bauhaus mexicana.<\/p>\n\n\n\n<p>La fundaci\u00f3n de la Academia Nacional de Arquitectura, y el Capitulo Guadalajara en 1983, hoy Cap\u00edtulo Jalisco, cito aqu\u00ed una particular an\u00e9cdota del Arq. Francisco Trevi\u00f1o AH-ANA quien con su singular estilo narra la preocupaci\u00f3n del Arq. Mario Pani por consolidar,\u00a0 por fin, la fundaci\u00f3n de la Academia Nacional de Arquitectura y quien buscando apoyo comenta la importancia que podr\u00eda tener la adhesi\u00f3n\u00a0 de Guadalajara, espec\u00edficamente del Arq. D\u00edaz-Morales,\u00a0 por lo que salen con destino a esta ciudad en un Chevrolet colorado\u2026\u00a0 Las pl\u00e1ticas con D\u00edaz-Morales resultaron positivas por lo que en breve pudo firmarse el Acta Constitutiva ya con la integraci\u00f3n del Arq. Julio de la Pe\u00f1a Lomel\u00edn quien ser\u00eda, a la postre elemento fundamental tanto en la Escuela de Arquitectura, la Academia y el desarrollo urbano de nuestra ciudad.<\/p>\n\n\n\n<p>Presentaremos dos art\u00edculos que nos hablaran con profundidad del tema que nos ocupa: \u201cArquitectura Tapat\u00eda, tradici\u00f3n, modernidad y continuidad\u201d, de Claudia Rueda, y \u201cLa vuelta al origen\u201d, de \u00c1lvaro Morales.<\/p>\n\n\n\n<p>Adem\u00e1s de una selecci\u00f3n de 15 obras de arquitectos destacados m\u00e1s el ganador de la XIV Bienal de Arquitectura Jalisciense, que en esta edici\u00f3n honra al tambi\u00e9n jalisciense Arq. Andr\u00e9s Casillas de Alba A-ANA.<\/p>\n<\/body>","protected":false},"excerpt":{"rendered":"<p>La Arquitectura Jalisciense es un fabuloso viaje desde lo Colonial, lo Barroco, Neocl\u00e1sico, Neog\u00f3tico, Art Deco, Regionalismo\u2026 para llegar al<\/p>\n","protected":false},"author":80,"featured_media":6402,"comment_status":"open","ping_status":"open","sticky":false,"template":"","format":"standard","meta":{"colormag_page_container_layout":"default_layout","colormag_page_sidebar_layout":"default_layout","om_disable_all_campaigns":false,"_monsterinsights_skip_tracking":false,"_monsterinsights_sitenote_active":false,"_monsterinsights_sitenote_note":"","_monsterinsights_sitenote_category":0,"footnotes":""},"categories":[21],"tags":[],"class_list":["post-6555","post","type-post","status-publish","format-standard","has-post-thumbnail","hentry","category-editorial"],"_links":{"self":[{"href":"http:\/\/calli.digital\/revista\/index.php\/wp-json\/wp\/v2\/posts\/6555","targetHints":{"allow":["GET"]}}],"collection":[{"href":"http:\/\/calli.digital\/revista\/index.php\/wp-json\/wp\/v2\/posts"}],"about":[{"href":"http:\/\/calli.digital\/revista\/index.php\/wp-json\/wp\/v2\/types\/post"}],"author":[{"embeddable":true,"href":"http:\/\/calli.digital\/revista\/index.php\/wp-json\/wp\/v2\/users\/80"}],"replies":[{"embeddable":true,"href":"http:\/\/calli.digital\/revista\/index.php\/wp-json\/wp\/v2\/comments?post=6555"}],"version-history":[{"count":1,"href":"http:\/\/calli.digital\/revista\/index.php\/wp-json\/wp\/v2\/posts\/6555\/revisions"}],"predecessor-version":[{"id":6556,"href":"http:\/\/calli.digital\/revista\/index.php\/wp-json\/wp\/v2\/posts\/6555\/revisions\/6556"}],"wp:featuredmedia":[{"embeddable":true,"href":"http:\/\/calli.digital\/revista\/index.php\/wp-json\/wp\/v2\/media\/6402"}],"wp:attachment":[{"href":"http:\/\/calli.digital\/revista\/index.php\/wp-json\/wp\/v2\/media?parent=6555"}],"wp:term":[{"taxonomy":"category","embeddable":true,"href":"http:\/\/calli.digital\/revista\/index.php\/wp-json\/wp\/v2\/categories?post=6555"},{"taxonomy":"post_tag","embeddable":true,"href":"http:\/\/calli.digital\/revista\/index.php\/wp-json\/wp\/v2\/tags?post=6555"}],"curies":[{"name":"wp","href":"https:\/\/api.w.org\/{rel}","templated":true}]}}