{"id":7355,"date":"2026-09-01T06:49:01","date_gmt":"2026-09-01T11:49:01","guid":{"rendered":"https:\/\/calli.digital\/revista\/?p=7355"},"modified":"2026-09-01T06:49:02","modified_gmt":"2026-09-01T11:49:02","slug":"uia-declaracion-de-barcelona","status":"publish","type":"post","link":"http:\/\/calli.digital\/revista\/index.php\/2026\/09\/01\/uia-declaracion-de-barcelona\/","title":{"rendered":"UIA DECLARACI\u00d3N DE BARCELONA"},"content":{"rendered":"\n<figure class=\"wp-block-image size-full\"><img loading=\"lazy\" decoding=\"async\" width=\"266\" height=\"108\" src=\"http:\/\/calli.digital\/revista\/wp-content\/uploads\/2026\/08\/image014.png\" alt=\"\" class=\"wp-image-7137\"\/><\/figure>\n\n\n\n<p>EL PLANETA NO NEGOCIA.<br>El colapso clim\u00e1tico, la guerra, los desplazamientos forzados y una aceleraci\u00f3n tecnol\u00f3gica que avanza m\u00e1s r\u00e1pido que la propia profesi\u00f3n ya no son temas para debatir en un congreso. Son las condiciones bajo las cuales hoy debe operar la arquitectura.<\/p>\n\n\n\n<p>Cada decisi\u00f3n proyectual deja una huella medible. Un material ya representa una cifra de carbono. Una tipolog\u00eda de vivienda ya es un indicador de qui\u00e9n podr\u00e1 sobrevivir a la pr\u00f3xima ola de calor. Una implantaci\u00f3n sobre el territorio supone ya un espacio que se arrebata (se preserva) para otras especies.<\/p>\n\n\n\n<p>Lo que sigue son seis declaraciones: no observaciones ni reflexiones, sino posicionamientos. Las suscribimos como una profesi\u00f3n que ha decidido dejar de describir la crisis para empezar a responder a ella.<\/p>\n\n\n\n<p>I. TIEMPO. Sobre el devenir. El futuro no puede seguir esperando. Llega tarde. Es el \u00fanico punto de partida honesto que nos queda para construir. Cada acto de construcci\u00f3n debe combinar de forma inteligente la tecnolog\u00eda y el conocimiento tradicional.<\/p>\n\n\n\n<p>II. MATERIA Contra la tabula rasa. Declaramos que lo que ya existe es el primer material de proyecto. Toda intervenci\u00f3n constructiva debe asumir la responsabilidad de su coste global.<\/p>\n\n\n\n<p>III. VIDA. M\u00e1s all\u00e1 de lo humano. Declaramos que ya no podemos seguir siendo antropoc\u00e9ntricos. \u201cNo somos los \u00fanicos habitantes del planeta\u201d.<br>IV. JUSTICIA. La vivienda y el bien com\u00fan. Declaramos que la vivienda es un derecho, no un mero rendimiento econ\u00f3mico. Ese derecho no es negociable.<\/p>\n\n\n\n<p>V. ESCALA. Acciones locales, consecuencias planetarias. Declaramos que toda acci\u00f3n de construir tiene consecuencias que<br>van m\u00e1s all\u00e1 de sus propios l\u00edmites. Las acciones locales tambi\u00e9n tienen consecuencias planetarias.<br><br>VI. SIGNIFICADO. M\u00e1s all\u00e1 de lo necesario. Declaramos que la calidad y la belleza no son privilegios, sino aquello que la profesi\u00f3n debe garantizar para todas las personas.<\/p>\n\n\n\n<p>La Historia No preguntar\u00e1 qu\u00e9 Redactamos en Barcelona:<br>Preguntar\u00e1:<br>Qu\u00e9 fuimos capaces de construir gracias a ello.<\/p>\n\n\n\n<p>D\u00eda Mundial de la Arquitectura 2026<br>Creado por la UIA en 1985, el D\u00eda Mundial de la Arquitectura se celebra cada a\u00f1o el primer lunes de octubre, en paralelo con el D\u00eda Mundial del H\u00e1bitat de las Naciones Unidas.<br>El tema del D\u00eda Mundial del H\u00e1bitat 2026 es \u00abVivienda adecuada para todas las personas\u00bb, con el prop\u00f3sito de llamar la atenci\u00f3n sobre la crisis mundial de la vivienda. En este contexto, el Consejo de la UIA ha elegido \u00abLa vivienda es un derecho humano. Construy\u00e1mosla.\u00bb como lema del D\u00eda Mundial de la Arquitectura 2026, que se conmemorar\u00e1 el lunes 5 de octubre de 2026<\/p>\n\n\n\n<p>La crisis de la vivienda: Es uno de los desaf\u00edos m\u00e1s urgentes que enfrentan las ciudades y las comunidades de todo el mundo.<br>La vivienda es un derecho, no un lujo: El acceso a una vivienda adecuada debe ser reconocido como un derecho fundamental. La arquitectura contribuye a hacer de ese derecho una realidad.<\/p>\n\n\n\n<p><\/p>\n\n\n\n<p><strong>Jos\u00e9 Luis Cortes Delgado. <\/strong><\/p>\n\n\n\n<p>Presidente Inmediato Saliente UIA. Secretario de Relaciones Internacionales FCARM<\/p>\n","protected":false},"excerpt":{"rendered":"<p>EL PLANETA NO NEGOCIA.El colapso clim\u00e1tico, la guerra, los desplazamientos forzados y una aceleraci\u00f3n tecnol\u00f3gica que avanza m\u00e1s r\u00e1pido que<\/p>\n","protected":false},"author":10,"featured_media":0,"comment_status":"open","ping_status":"open","sticky":false,"template":"","format":"standard","meta":{"colormag_page_container_layout":"default_layout","colormag_page_sidebar_layout":"default_layout","om_disable_all_campaigns":false,"_monsterinsights_skip_tracking":false,"footnotes":""},"categories":[21,29],"tags":[],"class_list":["post-7355","post","type-post","status-publish","format-standard","hentry","category-editorial","category-uia"],"_links":{"self":[{"href":"http:\/\/calli.digital\/revista\/index.php\/wp-json\/wp\/v2\/posts\/7355","targetHints":{"allow":["GET"]}}],"collection":[{"href":"http:\/\/calli.digital\/revista\/index.php\/wp-json\/wp\/v2\/posts"}],"about":[{"href":"http:\/\/calli.digital\/revista\/index.php\/wp-json\/wp\/v2\/types\/post"}],"author":[{"embeddable":true,"href":"http:\/\/calli.digital\/revista\/index.php\/wp-json\/wp\/v2\/users\/10"}],"replies":[{"embeddable":true,"href":"http:\/\/calli.digital\/revista\/index.php\/wp-json\/wp\/v2\/comments?post=7355"}],"version-history":[{"count":1,"href":"http:\/\/calli.digital\/revista\/index.php\/wp-json\/wp\/v2\/posts\/7355\/revisions"}],"predecessor-version":[{"id":7380,"href":"http:\/\/calli.digital\/revista\/index.php\/wp-json\/wp\/v2\/posts\/7355\/revisions\/7380"}],"wp:attachment":[{"href":"http:\/\/calli.digital\/revista\/index.php\/wp-json\/wp\/v2\/media?parent=7355"}],"wp:term":[{"taxonomy":"category","embeddable":true,"href":"http:\/\/calli.digital\/revista\/index.php\/wp-json\/wp\/v2\/categories?post=7355"},{"taxonomy":"post_tag","embeddable":true,"href":"http:\/\/calli.digital\/revista\/index.php\/wp-json\/wp\/v2\/tags?post=7355"}],"curies":[{"name":"wp","href":"https:\/\/api.w.org\/{rel}","templated":true}]}}