{"id":7356,"date":"2026-09-01T06:47:31","date_gmt":"2026-09-01T11:47:31","guid":{"rendered":"https:\/\/calli.digital\/revista\/?p=7356"},"modified":"2026-09-01T09:17:07","modified_gmt":"2026-09-01T14:17:07","slug":"brasil","status":"publish","type":"post","link":"http:\/\/calli.digital\/revista\/index.php\/2026\/09\/01\/brasil\/","title":{"rendered":"BRASIL"},"content":{"rendered":"\n<p>En Brasil, que es casi un continente, como en la mayor\u00eda de los pa\u00edses de Am\u00e9rica, existi\u00f3 una arquitectura prehisp\u00e1nica y colonial; esta \u00faltima, de tipo civil, religioso, militar y cultural, fue hasta su entrada a la arquitectura moderna del siglo XX, especialmente tras la visita de Le Corbusier en Brasil en 1929, que fortaleci\u00f3 la concepci\u00f3n modernista en su arquitectura, mucho m\u00e1s al asesorar el proyecto del Ministerio de Educaci\u00f3n y Salud en Rio de Janeiro en1936.<br>Se busc\u00f3 adaptar la arquitectura moderna a las caracter\u00edsticas f\u00edsicas de este pa\u00eds. Fue as\u00ed, dentro de este concepto, que destac\u00f3 el arquitecto Oscar Niemeyer, quien particip\u00f3 en el, aun siendo un pasante de arquitectura.<br>Entonces las ciudades se volvieron verticales, con grandes edificios de vivienda y comerciales, funcionales y dotados de sus servicios.<br>Oscar Niemeyer e el principal referente de la arquitectura moderna brasileira, concebida como la Escuela Carioca, la cual se convirti\u00f3 en el estilo usado por el gobierno del pa\u00eds.<br>Adem\u00e1s de los m\u00faltiples edificios realizados en diferentes localidades de Brasil, la construcci\u00f3n de su nueva capital, Brasilia, en el centro despoblado del pa\u00eds, desde su Plan Maestro, hasta los edificios m\u00e1s significativos, fue parte fundamental de sus ejecuciones.<br>Presentamos aqu\u00ed algunas de sus obras, ya que necesitar\u00edamos m\u00e1s de un n\u00famero para la presentaci\u00f3n de todas. S\u00f3lo mostramos algo de la arquitectura moderna de Sao Paulo y Curitiba, ciudad sobresaliente por lo realizado en ella por el arquitecto Jaime Lerner, con obras de trascendencia mundial, referidas al aprovechamiento de los recursos f\u00edsicos existentes, con aspectos como su \u201cAcupuntura Urbana\u201d, concepto llevado a la pr\u00e1ctica en diferentes ciudades del mundo<\/p>\n\n\n\n<div class=\"wp-block-columns is-layout-flex wp-container-core-columns-is-layout-28f84493 wp-block-columns-is-layout-flex\">\n<div class=\"wp-block-column is-layout-flow wp-block-column-is-layout-flow\">\n<figure class=\"wp-block-image aligncenter size-full\"><img loading=\"lazy\" decoding=\"async\" width=\"135\" height=\"166\" src=\"http:\/\/calli.digital\/revista\/wp-content\/uploads\/2026\/08\/image017.png\" alt=\"\" class=\"wp-image-7139\"\/><figcaption class=\"wp-element-caption\">Arq. Oscar Niemeyer<\/figcaption><\/figure>\n<\/div>\n\n\n\n<div class=\"wp-block-column is-layout-flow wp-block-column-is-layout-flow\">\n<figure class=\"wp-block-image size-full is-resized\"><img loading=\"lazy\" decoding=\"async\" width=\"86\" height=\"98\" src=\"http:\/\/calli.digital\/revista\/wp-content\/uploads\/2026\/08\/image018.png\" alt=\"\" class=\"wp-image-7140\" style=\"width:142px;height:auto\"\/><figcaption class=\"wp-element-caption\">Arq. Jaime Lerner<\/figcaption><\/figure>\n<\/div>\n\n\n\n<div class=\"wp-block-column is-layout-flow wp-block-column-is-layout-flow\"><\/div>\n\n\n\n<div class=\"wp-block-column is-layout-flow wp-block-column-is-layout-flow\"><\/div>\n<\/div>\n\n\n\n<p class=\"has-x-large-font-size\"><br>Arq. Oscar Niemeyer.<\/p>\n\n\n\n<p class=\"has-small-font-size\">15 de diciembre de 1907 \u2013 5 de diciembre de 2012<\/p>\n\n\n\n<p><img loading=\"lazy\" decoding=\"async\" width=\"75\" height=\"118\" class=\"wp-image-7141\" style=\"width: 75px;\" src=\"http:\/\/calli.digital\/revista\/wp-content\/uploads\/2026\/08\/image020.png\" alt=\"\">Estudio arquitectura en la Escuela Nacional de Bellas Artes de Rio de Janeiro, Brasil, donde se gradu\u00f3 como ingeniero arquitecto en 1934. Ingres\u00f3 al estudio de Lucio Costa, relevante arquitecto modernista, con quien colabor\u00f3 como pasante; con gran iniciativa en el dise\u00f1o del Ministerio de Educaci\u00f3n y Salud; propuso elevar a 10 metros las columnas en Planta baja. La primera obra moderna en Brasil. Le Corbusier fue consultor en su realizaci\u00f3n y con quien colabor\u00f3 en diferentes ocasiones. En 1937 proyect\u00f3 la Obra de la Cuna, en R\u00edo de Janeiro, en el apoyo a los ni\u00f1os y las madres en peligro social. Fue su primer proyecto construido. En 1938, proyect\u00f3 la casa de Oswald de Andrade, un poeta brasile\u00f1o modernista, donde uso una combinaci\u00f3n de l\u00edneas curvas y rectas que fueron innovadoras.<br>En 1940 realiz\u00f3 el conjunto de Pampulha; dentro de el fue la novedad de las l\u00edneas de la peque\u00f1a iglesia construida en homenaje a San Francisco que le dio fama en todo el pa\u00eds.<br>En 1951 inici\u00f3 el proyecto del Parque Ibirapuera. Construido por los 400 a\u00f1os de la ciudad de S\u00e3o Paulo, buscaba dar a la ciudad una gran \u00e1rea verde con lugares de exposici\u00f3n y ocio uniendo la arquitectura al paisajismo. La Casa de las Canoas, en 1951 fue la residencia del arquitecto, en un terreno con desniveles, como su principal desaf\u00edo, ya que ten\u00eda que construirla con curvas, sin l\u00ednea <br>rectas, donde la vegetaci\u00f3n dentro y fuera de la casa. En 1955 fund\u00f3 la revista de Arquitectura \u201cM\u00f3dulo\u201d.<br>De acuerdo con la necesidad de que la poblaci\u00f3n del pa\u00eds no solo viviera en el litoral, junto con el presidente del pa\u00eds Juselino Kubistek, cre\u00f3 en su centro, la nueva capital \u201cBrasilia\u201d para lo que elabor\u00f3 su Plan Maestro, donde se consideraron todas las necesidades de una urbe moderna y efectu\u00f3 obras m\u00e1s significativas.<br>Algunos de sus conceptos sint\u00e9ticos Son.<\/p>\n\n\n\n<p><strong>Sobre la Arquitectura:<\/strong><br>La arquitectura es un pretexto. Lo importante es la vida, lo importante es el ser humano.&#8221;<br>&#8220;Si la recta es el camino m\u00e1s corto entre dos puntos, la curva es la que hace que el concreto busque el infinito.&#8221;<br>&#8220;No basta con hacer un edificio funcional; hay que hacerlo hermoso, diferente, que cause sorpresa.&#8221;<br>&#8220;La arquitectura debe ser bella y debe emocionar. Si solo resuelve un problema funcional, es solo construcci\u00f3n.&#8221;<\/p>\n\n\n\n<p><strong>Sobre la Vida y la Sociedad<\/strong><br>&#8220;La vida es un soplo. No somos nada, somos una peque\u00f1a cosa en el universo. Por eso debemos vivir con humildad y pensar en los dem\u00e1s.&#8221;<br>&#8220;Lo m\u00e1s importante no es la arquitectura, sino la lucha por un mundo mejor.&#8221;<br>&#8220;Mientras haya miseria e injusticia en el mundo, la arquitectura tendr\u00e1 que seguir siendo una herramienta de protesta.&#8221;<br>&#8220;Hay que mirar al cielo para darse cuenta de lo peque\u00f1os que somos.&#8221;<\/p>\n\n\n\n<p><strong>Sobre la Creatividad y el Arte<\/strong><br>&#8220;Para m\u00ed, la belleza es la b\u00fasqueda de la forma original, algo que no exist\u00eda antes.&#8221;<br>El dibujo me dio la libertad de inventar cosas que la raz\u00f3n no siempre acepta.&#8221;<br>&#8220;Siempre me gust\u00f3 la libertad, no encajar en reglas ni en escuelas. La arquitectura para m\u00ed es invenci\u00f3n.&#8221;<br>Ante la dictadura militar que gobern\u00f3 Brasil, debido a su militancia en el Partido Comunista Brasile\u00f1o, su oficina fue invadida; sus proyectos en elaboraci\u00f3n fueron misteriosamente rechazados y perdi\u00f3 a su clientela.<\/p>\n\n\n\n<p>En 1965, doscientos profesores, entre ellos Niemeyer, dimitieron en la Universidad de Brasilia, en protesta contra la pol\u00edtica universitaria.<br>Ese mismo a\u00f1o, viaj\u00f3 a Francia, con motivo de una exposici\u00f3n sobre su obra en el Museo de Louvre. En ese tiempo un ministro dijo:<br>\u201cEl lugar para un arquitecto comunista es Mosc\u00fa\u201d. Niemeyer se vio obligado a exiliarse en Europa en 1966, y escogi\u00f3 vivir en Par\u00eds<\/p>\n\n\n\n<div class=\"wp-block-columns is-layout-flex wp-container-core-columns-is-layout-28f84493 wp-block-columns-is-layout-flex\">\n<div class=\"wp-block-column is-layout-flow wp-block-column-is-layout-flow\">\n<figure class=\"wp-block-image size-full\"><img loading=\"lazy\" decoding=\"async\" width=\"250\" height=\"167\" src=\"http:\/\/calli.digital\/revista\/wp-content\/uploads\/2026\/08\/image022.jpg\" alt=\"\" class=\"wp-image-7143\"\/><figcaption class=\"wp-element-caption\">El Casino de Funchal (Portugal)<\/figcaption><\/figure>\n<\/div>\n\n\n\n<div class=\"wp-block-column is-layout-flow wp-block-column-is-layout-flow\">\n<figure class=\"wp-block-image size-full\"><img loading=\"lazy\" decoding=\"async\" width=\"565\" height=\"761\" src=\"http:\/\/calli.digital\/revista\/wp-content\/uploads\/2026\/08\/image023.png\" alt=\"\" class=\"wp-image-7144\" srcset=\"http:\/\/calli.digital\/revista\/wp-content\/uploads\/2026\/08\/image023.png 565w, http:\/\/calli.digital\/revista\/wp-content\/uploads\/2026\/08\/image023-223x300.png 223w\" sizes=\"auto, (max-width: 565px) 100vw, 565px\" \/><figcaption class=\"wp-element-caption\">Universidad de Haifa, Israel<\/figcaption><\/figure>\n<\/div>\n\n\n\n<div class=\"wp-block-column is-layout-flow wp-block-column-is-layout-flow\"><\/div>\n<\/div>\n\n\n\n<p>En Europa inici\u00f3 una nueva fase de su vida y obra. Abri\u00f3 una oficina en los Campos El\u00edseos, y consigui\u00f3 clientes en diversos pa\u00edses. \u00c9poca en que proyect\u00f3 en todo el mundo; en Francia, L\u00edbano, Portugal, Italia, Israel, Adu Dhabi, Argelia, entre otros.<\/p>\n\n\n\n<p>En Argelia dise\u00f1\u00f3 la Universidad de Constantina y, en 1970, la mezquita de Argel; en Francia, la sede del Partido Comunista Franc\u00e9s,[4] el Place du Colonel Fabien; en Italia la sede de la Editora Mondadori; en Portugal realiz\u00f3 una obra en la ciudad de Funchal, el Pestana Casino Park. Otro dise\u00f1o sobresaliente fue la Mezquita Estatal de Penang en George Town, la capital del estado de Penang (Malasia), realizada en los a\u00f1os setenta.<\/p>\n\n\n\n<p>En 1983 hizo su primera retrospectiva de su obra en el Museo del Arte de R\u00edo de Janeiro, a\u00f1o en que proyect\u00f3 el sistema de las escuelas p\u00fablicas llamado de CIEPS junto con Darcy Ribeiro. Al a\u00f1o siguiente, hizo el Samb\u00f3dromo de R\u00edo de Janeiro, tambi\u00e9n conocido como Pasarela Maestro Darcy Ribeiro, el a\u00f1o 85 con el proyecto del Pante\u00e3o de la Patria en la Plaza de los Tres Poderes. Dos a\u00f1os m\u00e1s tarde, \u00e9l proyect\u00f3 el Memorial da Am\u00e9rica Latina en S\u00e3o Paulo y el edificio de la Sede del Peri\u00f3dico I&#8217;Humanit\u00e9, en Par\u00eds.<\/p>\n\n\n\n<p>En 1954 particip\u00f3 en el proyecto de un conjunto de edificios para el barrio Hansa, del programa de reconstrucci\u00f3n de Berl\u00edn, Alemania; proyect\u00f3 el Museo de Caracas en Venezuela.<br>Oscar Niemeyer particip\u00f3 con Le Corbusier en la elaboraci\u00f3n del proyecto del edificio principal de las Naciones Unidas en Nueva York en 1952. En 1971. Realiz\u00f3 la Sede del Partido Comunista Franc\u00e9s,<\/p>\n\n\n\n<div class=\"wp-block-columns is-layout-flex wp-container-core-columns-is-layout-28f84493 wp-block-columns-is-layout-flex\">\n<div class=\"wp-block-column is-layout-flow wp-block-column-is-layout-flow\">\n<figure class=\"wp-block-image size-full\"><img loading=\"lazy\" decoding=\"async\" width=\"155\" height=\"102\" src=\"http:\/\/calli.digital\/revista\/wp-content\/uploads\/2026\/08\/image025.png\" alt=\"\" class=\"wp-image-7145\"\/><figcaption class=\"wp-element-caption\"> Edificio de la ONU en NY   <\/figcaption><\/figure>\n<\/div>\n\n\n\n<div class=\"wp-block-column is-layout-flow wp-block-column-is-layout-flow\">\n<figure class=\"wp-block-image size-full\"><img loading=\"lazy\" decoding=\"async\" width=\"169\" height=\"105\" src=\"http:\/\/calli.digital\/revista\/wp-content\/uploads\/2026\/08\/image027.png\" alt=\"\" class=\"wp-image-7146\"\/><figcaption class=\"wp-element-caption\">Sede del Partido Comunista Franc\u00e9s<\/figcaption><\/figure>\n<\/div>\n\n\n\n<div class=\"wp-block-column is-layout-flow wp-block-column-is-layout-flow\"><\/div>\n\n\n\n<div class=\"wp-block-column is-layout-flow wp-block-column-is-layout-flow\"><\/div>\n<\/div>\n\n\n\n<p>Despu\u00e9s del final de la dictadura en los a\u00f1os ochenta, Niemeyer vuelve a Brasil; lo define esta \u00e9poca como el inicio de la \u00faltima fase de su vida. En este per\u00edodo hizo el Memorial JK, en Brasilia (1980), el edificio-sede de la Red de Televisi\u00f3n Manchete (1983), los CIEPs (centros integrados de educaci\u00f3n p\u00fablica) y los samb\u00f3dromos de las ciudades de R\u00edo de Janeiro (1984) y de S\u00e3o Paulo (1991), el Pante\u00f3n de la Patria, en Brasilia (1985) y el Memorial de Am\u00e9rica Latina (1987), en S\u00e3o Paulo.<br>Entre 1991 y 1996 realiz\u00f3 lo que muchos consideran su mejor obra, el Museo de Arte Contempor\u00e1neo de Niter\u00f3i (MAC). de la ciudad de R\u00edo de Janeiro.<br>La arquitectura de Niemeyer[] es tambi\u00e9n la de los ritmos acelerados de las articulaciones art\u00edsticas y t\u00e9cnicas que convergen hacia la amplia plenitud de las composiciones m\u00e1s diversas. A trav\u00e9s de la construcci\u00f3n, su arquitectura transmite el esp\u00edritu de la existencia y de la b\u00fasqueda de mutaciones prodigiosas. Por otra parte, cabe decir que en estas conexiones Niemeyer idea, distribuidas seg\u00fan un m\u00e9todo razonado, sus temas y sus composiciones se inscriben en la realidad de sus respectivas justificaciones. Son el resultado de conceptos capitales y de ellos extrae conclusiones que se proyectan hacia el futuro Continu\u00f3-<\/p>\n\n\n\n<p class=\"has-x-large-font-size\"><br>Arquitecto y Urbanista Arq. Jaime Lerner<\/p>\n\n\n\n<p class=\"has-small-font-size\">17 de diciembre de 1937 \u2013 27 de mayo de 2021<\/p>\n\n\n\n<p><img loading=\"lazy\" decoding=\"async\" width=\"150\" height=\"162\" class=\"wp-image-7147\" style=\"width: 150px;\" src=\"http:\/\/calli.digital\/revista\/wp-content\/uploads\/2026\/08\/image028.png\" alt=\"\">Detr\u00e1s de la transformaci\u00f3n de la Ciudad de Curitiba estuvo Jaime Lerner, arquitecto, urbanista y pol\u00edtico brasile\u00f1o que entendi\u00f3 la ciudad como un organismo donde peque\u00f1as acciones son capaces de generar los grandes cambios.<br>Naci\u00f3 en 1937 en Curitiba (Brasil), Se form\u00f3 como arquitecto y urbanista en la Universidad Federal de Paran\u00e1 y desde muy joven, entendi\u00f3 la planificaci\u00f3n urbana como una gran herramienta de transformaci\u00f3n social.<br>De 33 a\u00f1os fue nombrado alcalde de Curitiba en el a\u00f1o 1971, con una ciudad creciendo de manera acelerada, lo que provocaba problemas de tr\u00e1fico, contaminaci\u00f3n y desigualdad. Frente a los planes te\u00f3ricos y soluciones a largo plazo, \u00e9l opt\u00f3 por actuar de inmediato.<br>Lerner entendi\u00f3 el espacio p\u00fablico como una infraestructura esencial para la calidad de vida. En sus tres periodos como alcalde marc\u00f3 un punto de inflexi\u00f3n en la historia urbana de la ciudad.<\/p>\n\n\n\n<p>Plante\u00f3 que siglo XXI ser\u00eda el de las ciudades. Es en ellas donde se librar\u00e1n las batallas decisivas en defensa de la calidad de vida, y sus efectos ser\u00e1n determinantes para el medio ambiente y las relaciones humanas.<br>Para mejorar la calidad de vida en las ciudades y su relaci\u00f3n con el entorno natural deben abordarse tres temas: La Sostenibilidad, la Movilidad y la Solidaridad.<br>Un 75% de los recursos del planeta los consumen las <\/p>\n\n\n\n<p>ciudades, que producen un porcentaje similar en emisiones de di\u00f3xido de carbono.<br>Es evidente que desde la concepci\u00f3n de las ciudades debe hacerse una mayor aportaci\u00f3n a los modelos de desarrollo sostenible.<\/p>\n\n\n\n<p>\u2022\u2713 Vivir cerca del trabajo, o acercar el trabajo a casa es una de las claves de la sostenibilidad.<\/p>\n\n\n\n<p>\u2713 Reducir el uso del autom\u00f3vil,<\/p>\n\n\n\n<p>\u2713 Separar las basuras,<\/p>\n\n\n\n<p>\u2713 Dar m\u00faltiples funciones a los equipamientos urbanos durante las 24 horas del d\u00eda.<\/p>\n\n\n\n<p>\u2713 Ahorrar lo m\u00e1ximo y gastar lo m\u00ednimo.<\/p>\n\n\n\n<p>La sostenibilidad es una ecuaci\u00f3n entre lo que se ahorra y lo que se gasta. Cuanto m\u00e1s se ahorra y menos se gasta, m\u00e1s sostenible es la ecuaci\u00f3n.<br>En cuanto a movilidad, cada ciudad debe aprovechar al m\u00e1ximo cada medio de transporte que posee. La clave est\u00e1 en no tener sistemas que interfieran los unos con los otros en un mismo espacio, y utilizarlos del modo m\u00e1s eficiente.<br>El transporte de superficie tiene la ventaja de conseguir, con sistemas adecuados: (carriles exclusivos, acceso prepagado y a nivel, y alta frecuencia), un rendimiento muy similar al del metro a un costo asequible para casi todas las ciudades, y m\u00e1s r\u00e1pido.<br>Una ciudad es saludable cuando el auto no es el \u00fanico medio c\u00f3modo de transporte; cuando se ahorra energ\u00eda en los desplazamientos superfluos; cuando se fomenta el tr\u00e1nsito a pie por sus calles, parques y avenidas.<br>Las ciudades son el refugio de la solidaridad. Pueden protegernos de los efectos inhumanos de la globalizaci\u00f3n, de la extraterritorialidad y de la falta de identidad.<br>Las batallas m\u00e1s feroces se dan en las ciudades, en sus periferias marginales, en el choque entre los guetos deprimidos y los ricos.<br>Una ciudad debe promover la integraci\u00f3n de las funciones urbanas, niveles de ingresos, grupos de edad e identidad \u00e9tnica. Cuanta m\u00e1s mezcla haya, m\u00e1s humana ser\u00e1 la ciudad.<br>La diversidad social es fundamental para la coexistencia.<br><br>Una ciudad es un sue\u00f1o colectivo, y construirlo es vital. Sin \u00e9ste, no habr\u00e1 esa esencial participaci\u00f3n de los habitantes. Aquellos responsables de los destinos de la ciudad deben trazar con claridad los panoramas, deseados por la mayor\u00eda, capaces de impulsar los esfuerzos de toda una generaci\u00f3n. Los arquitectos, como<br>profesionales de las pospuestas y las ideas, pueden contribuir en ello.<br>Lerner coment\u00f3:<br>\u201ctoda ciudad es un agente de transformaci\u00f3n\u201d y \u201cLa ciudad no es el problema, sino la soluci\u00f3n\u201d. En las ciudades se deben encontrar todas las soluciones, dentro de la solidaridad humana, a aspectos tan importantes como la salud, la vivienda la movilidad, la atenci\u00f3n a los menores.<br>Algunos ejemplos de lo que ha heredado a la sociedad son:<\/p>\n\n\n\n<p>Sobre la Ciudad y Creatividad:<br>\u2022 \u00abLa ciudad no es el problema, la ciudad es la soluci\u00f3n\u00bb.<br>\u2022 \u00abSi quieres creatividad, recorta un cero del presupuesto. \u00a1Si quieres sostenibilidad, Recorta dos ceros!\u00bb.<br>\u2022 \u00abCualquier ciudad del mundo puede mejorarse\u00bb.<br>\u2022 \u00abEl secreto de la ciudad es la integraci\u00f3n. Cada \u00e1rea debe combinar trabajo, ocio y cultura\u00bb.<\/p>\n\n\n\n<p><strong>Sobre Acupuntura Urbana y Movilidad:<\/strong><br>\u2022 \u00abEl planeamiento es una chispa que inicia una acci\u00f3n. Es lo que llamo buena acupuntura urbana\u00bb.<br>\u2022 Sobre el autom\u00f3vil: \u00abEs muy ego\u00edsta; solo lleva una o dos personas y siempre est\u00e1 pidiendo m\u00e1s autopistas\u00bb.<\/p>\n\n\n\n<p><strong>Sobre Sostenibilidad:<\/strong><br>\u2022 &#8220;Se trata de calcular lo que se ahorra y lo que se desperdicia. Si el desperdicio es cero, la sostenibilidad es infinita. se trata de ahorrar cada vez m\u00e1s y reaprovechar al m\u00e1ximo.<br>\u2022 Utilizar menos el coche, separar la basura y vivir cerca del trabajo&#8221;.<br>\u2022 Ajardinar una plaza, peatonalizar un eje viario o construir un teatro en zona, es sostenibilidad.<br>\u2022 una vieja cantera son algunos de los ejemplos que utiliza.<br>\u2022 Sin interferir en la planificaci\u00f3n general, se pueden realizar acciones r\u00e1pidas de mejora en puntos concretos, lo que denomin\u00f3 &#8220;Acupuntura Urbana&#8221;.<\/p>\n\n\n\n<p>Hay tres aspectos importantes para las ciudades y para toda la humanidad: La movilidad, la sostenibilidad y la diversidad social.<\/p>\n\n\n\n<p>La movilidad no es s\u00f3lo un tema de transporte; es una cuesti\u00f3n de calidad de vida.<\/p>\n\n\n\n<p>o La acupuntura urbana consiste en intervenir en puntos estrat\u00e9gicos de la ciudad para revitalizar todo el conjunto.<br>o Las ciudades no son el problema; son las soluciones.<br>o Un autom\u00f3vil es como la suegra; si lo dejas, controlar\u00e1 tu vida.<br>o El autom\u00f3vil es un invitado ego\u00edsta a una fiesta: Siempre pide m\u00e1s espacio, bebe mucho y al final se adue\u00f1a de todo.<br>o &#8220;Las ciudades deben ser dise\u00f1adas para las personas, no para los autom\u00f3viles.&#8221;<br>o La zona m\u00e1s limpia de una ciudad no es la que se barre m\u00e1s; sino donde no se tira basura.<br>o La eliminaci\u00f3n de la basura es responsabilidad de todos.<\/p>\n\n\n\n<p>Las estaciones en forma de tubo fueron una soluci\u00f3n r\u00e1pida, economica y durable<\/p>\n\n\n\n<p>Lerner entendi\u00f3 el espacio p\u00fablico como una infraestructura esencial para la calidad de vida y multiplic\u00f3 las zonas verdes de la ciudad hasta superar los 50 metros cuadrados por habitante, por encima de las recomendaciones internacionales. Abord\u00f3 la gesti\u00f3n del agua desde una l\u00f3gica ambiental; en lugar de canalizar r\u00edos y construir costosas obras de ingenier\u00eda, cre\u00f3 parques y lagos artificiales absorbieron las crecidas y, al mismo tiempo, ofrecieron nuevos espacios de convivencia. Esa misma l\u00f3gica integradora se aplic\u00f3 a la gesti\u00f3n de residuos con programas que mejoraron las tasas de reciclaje vinculando educaci\u00f3n ambiental, empleo y cohesi\u00f3n social, especialmente en los barrios con menos recursos.<\/p>\n\n\n\n<p class=\"has-x-large-font-size\"><br><strong>ARQUITECTURA MODERNA EN BRASIL<\/strong><br>Arq. Gregori Warchavchki. 1930.<\/p>\n\n\n\n<p>La obra del arquitecto ruso. Gregori Warchavchki. en1930 en Sao Paulo, aparece como el nacimiento de la arquitectura brasile\u00f1a moderna. La obra fue tan impactante que, para conseguir los permisos de ley, el arquitecto present\u00f3 una fachada totalmente ornamentada, en la conclusi\u00f3n de la obra, plante\u00f3 falta de recursos para completar\u00eda.<\/p>\n\n\n\n<div class=\"wp-block-columns is-layout-flex wp-container-core-columns-is-layout-28f84493 wp-block-columns-is-layout-flex\">\n<div class=\"wp-block-column is-layout-flow wp-block-column-is-layout-flow\">\n<figure class=\"wp-block-image size-full\"><img loading=\"lazy\" decoding=\"async\" width=\"338\" height=\"220\" src=\"http:\/\/calli.digital\/revista\/wp-content\/uploads\/2026\/08\/image032.png\" alt=\"\" class=\"wp-image-7150\" srcset=\"http:\/\/calli.digital\/revista\/wp-content\/uploads\/2026\/08\/image032.png 338w, http:\/\/calli.digital\/revista\/wp-content\/uploads\/2026\/08\/image032-300x195.png 300w\" sizes=\"auto, (max-width: 338px) 100vw, 338px\" \/><\/figure>\n<\/div>\n\n\n\n<div class=\"wp-block-column is-layout-flow wp-block-column-is-layout-flow\">\n<figure class=\"wp-block-image size-full\"><img loading=\"lazy\" decoding=\"async\" width=\"208\" height=\"113\" src=\"http:\/\/calli.digital\/revista\/wp-content\/uploads\/2026\/08\/image034.png\" alt=\"\" class=\"wp-image-7151\"\/><\/figure>\n<\/div>\n\n\n\n<div class=\"wp-block-column is-layout-flow wp-block-column-is-layout-flow\">\n<figure class=\"wp-block-image size-full\"><img loading=\"lazy\" decoding=\"async\" width=\"123\" height=\"116\" src=\"http:\/\/calli.digital\/revista\/wp-content\/uploads\/2026\/08\/image036.png\" alt=\"\" class=\"wp-image-7152\"\/><\/figure>\n<\/div>\n<\/div>\n\n\n\n<p class=\"has-x-large-font-size\"><br>Parque Ibirapuera. Sao Paulo.<br>Arq. Oscar Niemeyer. 1951.<\/p>\n\n\n\n<p>El parque fue construido para conmemorar los 400 a\u00f1os de la fundaci\u00f3n de la ciudad de S\u00e3o Paulo, en 1954. Oscar Niemeyer fue el realizador del conjunto de 5 edificios. El parque es el Pulm\u00f3n verde paulista con 16 millones de m2<\/p>\n\n\n\n<div class=\"wp-block-columns is-layout-flex wp-container-core-columns-is-layout-28f84493 wp-block-columns-is-layout-flex\">\n<div class=\"wp-block-column is-layout-flow wp-block-column-is-layout-flow\">\n<figure class=\"wp-block-image size-full\"><img loading=\"lazy\" decoding=\"async\" width=\"336\" height=\"170\" src=\"http:\/\/calli.digital\/revista\/wp-content\/uploads\/2026\/08\/image038.png\" alt=\"\" class=\"wp-image-7153\" srcset=\"http:\/\/calli.digital\/revista\/wp-content\/uploads\/2026\/08\/image038.png 336w, http:\/\/calli.digital\/revista\/wp-content\/uploads\/2026\/08\/image038-300x152.png 300w\" sizes=\"auto, (max-width: 336px) 100vw, 336px\" \/><\/figure>\n<\/div>\n\n\n\n<div class=\"wp-block-column is-layout-flow wp-block-column-is-layout-flow\">\n<figure class=\"wp-block-image size-full\"><img loading=\"lazy\" decoding=\"async\" width=\"698\" height=\"413\" src=\"http:\/\/calli.digital\/revista\/wp-content\/uploads\/2026\/08\/image039.png\" alt=\"\" class=\"wp-image-7154\" srcset=\"http:\/\/calli.digital\/revista\/wp-content\/uploads\/2026\/08\/image039.png 698w, http:\/\/calli.digital\/revista\/wp-content\/uploads\/2026\/08\/image039-300x178.png 300w\" sizes=\"auto, (max-width: 698px) 100vw, 698px\" \/><\/figure>\n<\/div>\n<\/div>\n\n\n\n<p><\/p>\n\n\n\n<p class=\"has-x-large-font-size\">Palacio de Exposiciones, (Oca). 1954<\/p>\n\n\n\n<p>Oscar Niemeyer. Bajo la cubierta exterior, se encuentra una edificaci\u00f3n de 5 niveles, en una rampa continua.<\/p>\n\n\n\n<p>La gran rampa a cubierto integra los 5 edificios. Oscar Niemeyer<\/p>\n\n\n\n<figure class=\"wp-block-image size-full\"><img loading=\"lazy\" decoding=\"async\" width=\"335\" height=\"166\" src=\"http:\/\/calli.digital\/revista\/wp-content\/uploads\/2026\/08\/image041.png\" alt=\"\" class=\"wp-image-7155\" srcset=\"http:\/\/calli.digital\/revista\/wp-content\/uploads\/2026\/08\/image041.png 335w, http:\/\/calli.digital\/revista\/wp-content\/uploads\/2026\/08\/image041-300x149.png 300w\" sizes=\"auto, (max-width: 335px) 100vw, 335px\" \/><\/figure>\n\n\n\n<div class=\"wp-block-columns is-layout-flex wp-container-core-columns-is-layout-28f84493 wp-block-columns-is-layout-flex\">\n<div class=\"wp-block-column is-layout-flow wp-block-column-is-layout-flow\">\n<figure class=\"wp-block-image size-full\"><img loading=\"lazy\" decoding=\"async\" width=\"217\" height=\"144\" src=\"http:\/\/calli.digital\/revista\/wp-content\/uploads\/2026\/08\/image042.png\" alt=\"\" class=\"wp-image-7156\"\/><\/figure>\n<\/div>\n\n\n\n<div class=\"wp-block-column is-layout-flow wp-block-column-is-layout-flow\">\n<figure class=\"wp-block-image size-full\"><img loading=\"lazy\" decoding=\"async\" width=\"159\" height=\"125\" src=\"http:\/\/calli.digital\/revista\/wp-content\/uploads\/2026\/08\/image044.png\" alt=\"\" class=\"wp-image-7157\"\/><\/figure>\n<\/div>\n\n\n\n<div class=\"wp-block-column is-layout-flow wp-block-column-is-layout-flow\">\n<figure class=\"wp-block-image size-full\"><img loading=\"lazy\" decoding=\"async\" width=\"150\" height=\"92\" src=\"http:\/\/calli.digital\/revista\/wp-content\/uploads\/2026\/08\/image045.png\" alt=\"\" class=\"wp-image-7158\"\/><\/figure>\n<\/div>\n\n\n\n<div class=\"wp-block-column is-layout-flow wp-block-column-is-layout-flow\">\n<figure class=\"wp-block-image size-full\"><img loading=\"lazy\" decoding=\"async\" width=\"457\" height=\"343\" src=\"http:\/\/calli.digital\/revista\/wp-content\/uploads\/2026\/08\/image046.jpg\" alt=\"\" class=\"wp-image-7159\" srcset=\"http:\/\/calli.digital\/revista\/wp-content\/uploads\/2026\/08\/image046.jpg 457w, http:\/\/calli.digital\/revista\/wp-content\/uploads\/2026\/08\/image046-300x225.jpg 300w\" sizes=\"auto, (max-width: 457px) 100vw, 457px\" \/><\/figure>\n<\/div>\n<\/div>\n\n\n\n<div class=\"wp-block-columns is-layout-flex wp-container-core-columns-is-layout-28f84493 wp-block-columns-is-layout-flex\">\n<div class=\"wp-block-column is-layout-flow wp-block-column-is-layout-flow\">\n<figure class=\"wp-block-image alignright size-full\"><img loading=\"lazy\" decoding=\"async\" width=\"121\" height=\"74\" src=\"http:\/\/calli.digital\/revista\/wp-content\/uploads\/2026\/08\/image048.png\" alt=\"\" class=\"wp-image-7160\"\/><\/figure>\n<\/div>\n\n\n\n<div class=\"wp-block-column is-layout-flow wp-block-column-is-layout-flow\">\n<figure class=\"wp-block-image alignleft size-full\"><img loading=\"lazy\" decoding=\"async\" width=\"127\" height=\"74\" src=\"http:\/\/calli.digital\/revista\/wp-content\/uploads\/2026\/08\/image049.png\" alt=\"\" class=\"wp-image-7161\"\/><\/figure>\n<\/div>\n<\/div>\n\n\n\n<p class=\"has-x-large-font-size\">Museo de las Naciones<br>Hoy Afro de Brasil. Oscar Niemeyer. 1953.<\/p>\n\n\n\n<p>Museo para registrar y preservar la mirada y la experiencia de la poblaci\u00f3n negra en la identidad brasile\u00f1a, presentando m\u00e1s de once mil obras, (Pinturas, esculturas, grabados de artistas brasile\u00f1os y extranjeros) adem\u00e1s de libros, documentos, videos. Representa los m\u00e1s de 5 siglos de historia y de diez millones de africanos explotados en la construcci\u00f3n del pa\u00eds.<br><\/p>\n\n\n\n<figure class=\"wp-block-image size-full\"><img loading=\"lazy\" decoding=\"async\" width=\"928\" height=\"509\" src=\"http:\/\/calli.digital\/revista\/wp-content\/uploads\/2026\/08\/image062.png\" alt=\"\" class=\"wp-image-7169\" srcset=\"http:\/\/calli.digital\/revista\/wp-content\/uploads\/2026\/08\/image062.png 928w, http:\/\/calli.digital\/revista\/wp-content\/uploads\/2026\/08\/image062-300x165.png 300w, http:\/\/calli.digital\/revista\/wp-content\/uploads\/2026\/08\/image062-768x421.png 768w\" sizes=\"auto, (max-width: 928px) 100vw, 928px\" \/><\/figure>\n\n\n\n<div class=\"wp-block-columns is-layout-flex wp-container-core-columns-is-layout-28f84493 wp-block-columns-is-layout-flex\">\n<div class=\"wp-block-column is-layout-flow wp-block-column-is-layout-flow\">\n<figure class=\"wp-block-image size-full\"><img loading=\"lazy\" decoding=\"async\" width=\"416\" height=\"179\" src=\"http:\/\/calli.digital\/revista\/wp-content\/uploads\/2026\/08\/image063.png\" alt=\"\" class=\"wp-image-7170\" srcset=\"http:\/\/calli.digital\/revista\/wp-content\/uploads\/2026\/08\/image063.png 416w, http:\/\/calli.digital\/revista\/wp-content\/uploads\/2026\/08\/image063-300x129.png 300w\" sizes=\"auto, (max-width: 416px) 100vw, 416px\" \/><\/figure>\n<\/div>\n\n\n\n<div class=\"wp-block-column is-layout-flow wp-block-column-is-layout-flow\">\n<figure class=\"wp-block-image size-full is-resized\"><img loading=\"lazy\" decoding=\"async\" width=\"126\" height=\"82\" src=\"http:\/\/calli.digital\/revista\/wp-content\/uploads\/2026\/08\/image064.png\" alt=\"\" class=\"wp-image-7171\" style=\"width:238px;height:auto\"\/><\/figure>\n<\/div>\n<\/div>\n\n\n\n<div class=\"wp-block-columns is-layout-flex wp-container-core-columns-is-layout-28f84493 wp-block-columns-is-layout-flex\">\n<div class=\"wp-block-column is-layout-flow wp-block-column-is-layout-flow\">\n<figure class=\"wp-block-image size-full\"><img loading=\"lazy\" decoding=\"async\" width=\"350\" height=\"262\" src=\"http:\/\/calli.digital\/revista\/wp-content\/uploads\/2026\/08\/image065.jpg\" alt=\"\" class=\"wp-image-7172\" srcset=\"http:\/\/calli.digital\/revista\/wp-content\/uploads\/2026\/08\/image065.jpg 350w, http:\/\/calli.digital\/revista\/wp-content\/uploads\/2026\/08\/image065-300x225.jpg 300w\" sizes=\"auto, (max-width: 350px) 100vw, 350px\" \/><\/figure>\n<\/div>\n\n\n\n<div class=\"wp-block-column is-layout-flow wp-block-column-is-layout-flow\">\n<figure class=\"wp-block-image size-full is-resized\"><img loading=\"lazy\" decoding=\"async\" width=\"70\" height=\"95\" src=\"http:\/\/calli.digital\/revista\/wp-content\/uploads\/2026\/08\/image067.png\" alt=\"\" class=\"wp-image-7173\" style=\"width:100px;height:auto\"\/><\/figure>\n<\/div>\n\n\n\n<div class=\"wp-block-column is-layout-flow wp-block-column-is-layout-flow\">\n<figure class=\"wp-block-image size-full is-resized\"><img loading=\"lazy\" decoding=\"async\" width=\"71\" height=\"95\" src=\"http:\/\/calli.digital\/revista\/wp-content\/uploads\/2026\/08\/image069.png\" alt=\"\" class=\"wp-image-7174\" style=\"width:104px;height:auto\"\/><\/figure>\n<\/div>\n\n\n\n<div class=\"wp-block-column is-layout-flow wp-block-column-is-layout-flow\">\n<figure class=\"wp-block-image size-full is-resized\"><img loading=\"lazy\" decoding=\"async\" width=\"76\" height=\"96\" src=\"http:\/\/calli.digital\/revista\/wp-content\/uploads\/2026\/08\/image071.png\" alt=\"\" class=\"wp-image-7175\" style=\"width:112px;height:auto\"\/><\/figure>\n<\/div>\n<\/div>\n\n\n\n<p class=\"has-x-large-font-size\">Palacio de la Industria. Oscar Niemeyer 1954.<\/p>\n\n\n\n<p>El <strong>Cicillo Matarazzo,<\/strong> antiguo Palacio de la Industria, tambi\u00e9n conocido como el <strong>Pabell\u00f3n Bienal,<\/strong> Es un rect\u00e1ngulo de 250 por 50 metros, con parasoles, Est\u00e1 solucionado con rampas entre sus niveles.<\/p>\n\n\n\n<div class=\"wp-block-columns is-layout-flex wp-container-core-columns-is-layout-28f84493 wp-block-columns-is-layout-flex\">\n<div class=\"wp-block-column is-layout-flow wp-block-column-is-layout-flow\" style=\"flex-basis:66.66%\">\n<figure class=\"wp-block-image aligncenter size-full\"><img loading=\"lazy\" decoding=\"async\" width=\"330\" height=\"278\" src=\"http:\/\/calli.digital\/revista\/wp-content\/uploads\/2026\/08\/image072.png\" alt=\"\" class=\"wp-image-7176\" srcset=\"http:\/\/calli.digital\/revista\/wp-content\/uploads\/2026\/08\/image072.png 330w, http:\/\/calli.digital\/revista\/wp-content\/uploads\/2026\/08\/image072-300x253.png 300w\" sizes=\"auto, (max-width: 330px) 100vw, 330px\" \/><\/figure>\n<\/div>\n\n\n\n<div class=\"wp-block-column is-layout-flow wp-block-column-is-layout-flow\" style=\"flex-basis:33.33%\">\n<figure class=\"wp-block-image alignleft size-full\"><img loading=\"lazy\" decoding=\"async\" width=\"122\" height=\"125\" src=\"http:\/\/calli.digital\/revista\/wp-content\/uploads\/2026\/08\/image073.png\" alt=\"\" class=\"wp-image-7177\"\/><\/figure>\n\n\n\n<figure class=\"wp-block-image alignleft size-full\"><img loading=\"lazy\" decoding=\"async\" width=\"121\" height=\"124\" src=\"http:\/\/calli.digital\/revista\/wp-content\/uploads\/2026\/08\/image074.png\" alt=\"\" class=\"wp-image-7178\"\/><\/figure>\n\n\n\n<figure class=\"wp-block-image alignleft size-full\"><img loading=\"lazy\" decoding=\"async\" width=\"121\" height=\"128\" src=\"http:\/\/calli.digital\/revista\/wp-content\/uploads\/2026\/08\/image075.png\" alt=\"\" class=\"wp-image-7179\"\/><\/figure>\n<\/div>\n<\/div>\n\n\n\n<div class=\"wp-block-columns is-layout-flex wp-container-core-columns-is-layout-28f84493 wp-block-columns-is-layout-flex\">\n<div class=\"wp-block-column is-layout-flow wp-block-column-is-layout-flow\"><\/div>\n\n\n\n<div class=\"wp-block-column is-layout-flow wp-block-column-is-layout-flow\"><\/div>\n\n\n\n<div class=\"wp-block-column is-layout-flow wp-block-column-is-layout-flow\"><\/div>\n\n\n\n<div class=\"wp-block-column is-layout-flow wp-block-column-is-layout-flow\"><\/div>\n<\/div>\n\n\n\n<p class=\"has-x-large-font-size\"><br>Museo de Arte Moderno<br>Oscar Niemeyer. 1948<\/p>\n\n\n\n<p>Remodelaci\u00f3n: Lina Bo Lombardi. 1959<\/p>\n\n\n\n<figure class=\"wp-block-image size-full\"><img loading=\"lazy\" decoding=\"async\" width=\"344\" height=\"194\" src=\"http:\/\/calli.digital\/revista\/wp-content\/uploads\/2026\/08\/image077.png\" alt=\"\" class=\"wp-image-7180\" srcset=\"http:\/\/calli.digital\/revista\/wp-content\/uploads\/2026\/08\/image077.png 344w, http:\/\/calli.digital\/revista\/wp-content\/uploads\/2026\/08\/image077-300x169.png 300w\" sizes=\"auto, (max-width: 344px) 100vw, 344px\" \/><\/figure>\n\n\n\n<p>Museu de Arte Moderna de Sao Paulo. MAM) Dedicado como un incentivo para el gusto en las artes pl\u00e1sticas, la m\u00fasica, la literatura y el arte en general<\/p>\n\n\n\n<div class=\"wp-block-columns is-layout-flex wp-container-core-columns-is-layout-28f84493 wp-block-columns-is-layout-flex\">\n<div class=\"wp-block-column is-layout-flow wp-block-column-is-layout-flow\">\n<figure class=\"wp-block-image size-full\"><img loading=\"lazy\" decoding=\"async\" width=\"223\" height=\"273\" src=\"http:\/\/calli.digital\/revista\/wp-content\/uploads\/2026\/08\/image078.png\" alt=\"\" class=\"wp-image-7181\"\/><\/figure>\n<\/div>\n\n\n\n<div class=\"wp-block-column is-layout-flow wp-block-column-is-layout-flow\">\n<figure class=\"wp-block-image size-full\"><img loading=\"lazy\" decoding=\"async\" width=\"411\" height=\"280\" src=\"http:\/\/calli.digital\/revista\/wp-content\/uploads\/2026\/08\/image079.png\" alt=\"\" class=\"wp-image-7182\" srcset=\"http:\/\/calli.digital\/revista\/wp-content\/uploads\/2026\/08\/image079.png 411w, http:\/\/calli.digital\/revista\/wp-content\/uploads\/2026\/08\/image079-300x204.png 300w, http:\/\/calli.digital\/revista\/wp-content\/uploads\/2026\/08\/image079-130x90.png 130w\" sizes=\"auto, (max-width: 411px) 100vw, 411px\" \/><\/figure>\n<\/div>\n\n\n\n<div class=\"wp-block-column is-layout-flow wp-block-column-is-layout-flow\">\n<figure class=\"wp-block-image size-full\"><img loading=\"lazy\" decoding=\"async\" width=\"404\" height=\"275\" src=\"http:\/\/calli.digital\/revista\/wp-content\/uploads\/2026\/08\/image080.png\" alt=\"\" class=\"wp-image-7183\" srcset=\"http:\/\/calli.digital\/revista\/wp-content\/uploads\/2026\/08\/image080.png 404w, http:\/\/calli.digital\/revista\/wp-content\/uploads\/2026\/08\/image080-300x204.png 300w\" sizes=\"auto, (max-width: 404px) 100vw, 404px\" \/><\/figure>\n<\/div>\n<\/div>\n\n\n\n<div class=\"wp-block-columns is-layout-flex wp-container-core-columns-is-layout-28f84493 wp-block-columns-is-layout-flex\">\n<div class=\"wp-block-column is-layout-flow wp-block-column-is-layout-flow\">\n<figure class=\"wp-block-image size-full\"><img loading=\"lazy\" decoding=\"async\" width=\"521\" height=\"311\" src=\"http:\/\/calli.digital\/revista\/wp-content\/uploads\/2026\/08\/image081.png\" alt=\"\" class=\"wp-image-7184\" srcset=\"http:\/\/calli.digital\/revista\/wp-content\/uploads\/2026\/08\/image081.png 521w, http:\/\/calli.digital\/revista\/wp-content\/uploads\/2026\/08\/image081-300x179.png 300w\" sizes=\"auto, (max-width: 521px) 100vw, 521px\" \/><\/figure>\n<\/div>\n\n\n\n<div class=\"wp-block-column is-layout-flow wp-block-column-is-layout-flow\">\n<figure class=\"wp-block-image size-full\"><img loading=\"lazy\" decoding=\"async\" width=\"528\" height=\"316\" src=\"http:\/\/calli.digital\/revista\/wp-content\/uploads\/2026\/08\/image082.jpg\" alt=\"\" class=\"wp-image-7185\" srcset=\"http:\/\/calli.digital\/revista\/wp-content\/uploads\/2026\/08\/image082.jpg 528w, http:\/\/calli.digital\/revista\/wp-content\/uploads\/2026\/08\/image082-300x180.jpg 300w\" sizes=\"auto, (max-width: 528px) 100vw, 528px\" \/><\/figure>\n<\/div>\n\n\n\n<div class=\"wp-block-column is-layout-flow wp-block-column-is-layout-flow\"><\/div>\n<\/div>\n\n\n\n<p class=\"has-x-large-font-size\"><br>Palacio de la Agricultura<br>Oscar Niemeyer 1953.<\/p>\n\n\n\n<figure class=\"wp-block-image size-full\"><img loading=\"lazy\" decoding=\"async\" width=\"340\" height=\"181\" src=\"http:\/\/calli.digital\/revista\/wp-content\/uploads\/2026\/08\/image084.png\" alt=\"\" class=\"wp-image-7186\" srcset=\"http:\/\/calli.digital\/revista\/wp-content\/uploads\/2026\/08\/image084.png 340w, http:\/\/calli.digital\/revista\/wp-content\/uploads\/2026\/08\/image084-300x160.png 300w\" sizes=\"auto, (max-width: 340px) 100vw, 340px\" \/><\/figure>\n\n\n\n<p>El edificio destaca por ser el pionero en el uso de columnas en \u201cV\u201d<br>en un volumen suspendido sobre estas columnas.<\/p>\n\n\n\n<div class=\"wp-block-columns is-layout-flex wp-container-core-columns-is-layout-28f84493 wp-block-columns-is-layout-flex\">\n<div class=\"wp-block-column is-layout-flow wp-block-column-is-layout-flow\">\n<figure class=\"wp-block-image size-full\"><img loading=\"lazy\" decoding=\"async\" width=\"148\" height=\"143\" src=\"http:\/\/calli.digital\/revista\/wp-content\/uploads\/2026\/08\/image086.png\" alt=\"\" class=\"wp-image-7187\"\/><\/figure>\n<\/div>\n\n\n\n<div class=\"wp-block-column is-layout-flow wp-block-column-is-layout-flow\">\n<figure class=\"wp-block-image size-full\"><img loading=\"lazy\" decoding=\"async\" width=\"180\" height=\"145\" src=\"http:\/\/calli.digital\/revista\/wp-content\/uploads\/2026\/08\/image088.png\" alt=\"\" class=\"wp-image-7188\"\/><\/figure>\n<\/div>\n\n\n\n<div class=\"wp-block-column is-layout-flow wp-block-column-is-layout-flow\">\n<figure class=\"wp-block-image size-full\"><img loading=\"lazy\" decoding=\"async\" width=\"316\" height=\"121\" src=\"http:\/\/calli.digital\/revista\/wp-content\/uploads\/2026\/08\/image090.png\" alt=\"\" class=\"wp-image-7189\" srcset=\"http:\/\/calli.digital\/revista\/wp-content\/uploads\/2026\/08\/image090.png 316w, http:\/\/calli.digital\/revista\/wp-content\/uploads\/2026\/08\/image090-300x115.png 300w\" sizes=\"auto, (max-width: 316px) 100vw, 316px\" \/><\/figure>\n<\/div>\n<\/div>\n\n\n\n<p class=\"has-x-large-font-size\"><br>Auditorio Oscar Niemeyer. 2002<\/p>\n\n\n\n<p>El dise\u00f1o de Niemeyer Se proyect\u00f3 en 1954. Con algunas reformas se construy\u00f3 despu\u00e9s. Es un volumen blanco con una dosel en forma de llama, Se abre su parte trasera para conectarse en conciertos masivos en el interior, con el parque exterior<\/p>\n\n\n\n<figure class=\"wp-block-image size-full\"><img loading=\"lazy\" decoding=\"async\" width=\"341\" height=\"318\" src=\"http:\/\/calli.digital\/revista\/wp-content\/uploads\/2026\/08\/image092.png\" alt=\"\" class=\"wp-image-7190\" srcset=\"http:\/\/calli.digital\/revista\/wp-content\/uploads\/2026\/08\/image092.png 341w, http:\/\/calli.digital\/revista\/wp-content\/uploads\/2026\/08\/image092-300x280.png 300w\" sizes=\"auto, (max-width: 341px) 100vw, 341px\" \/><\/figure>\n\n\n\n<div class=\"wp-block-columns is-layout-flex wp-container-core-columns-is-layout-28f84493 wp-block-columns-is-layout-flex\">\n<div class=\"wp-block-column is-layout-flow wp-block-column-is-layout-flow\">\n<figure class=\"wp-block-image size-full\"><img loading=\"lazy\" decoding=\"async\" width=\"389\" height=\"236\" src=\"http:\/\/calli.digital\/revista\/wp-content\/uploads\/2026\/08\/image093.png\" alt=\"\" class=\"wp-image-7191\" srcset=\"http:\/\/calli.digital\/revista\/wp-content\/uploads\/2026\/08\/image093.png 389w, http:\/\/calli.digital\/revista\/wp-content\/uploads\/2026\/08\/image093-300x182.png 300w\" sizes=\"auto, (max-width: 389px) 100vw, 389px\" \/><\/figure>\n<\/div>\n\n\n\n<div class=\"wp-block-column is-layout-flow wp-block-column-is-layout-flow\">\n<figure class=\"wp-block-image size-full\"><img loading=\"lazy\" decoding=\"async\" width=\"233\" height=\"164\" src=\"http:\/\/calli.digital\/revista\/wp-content\/uploads\/2026\/08\/image094.png\" alt=\"\" class=\"wp-image-7192\"\/><\/figure>\n<\/div>\n\n\n\n<div class=\"wp-block-column is-layout-flow wp-block-column-is-layout-flow\">\n<figure class=\"wp-block-image size-full\"><img loading=\"lazy\" decoding=\"async\" width=\"138\" height=\"131\" src=\"http:\/\/calli.digital\/revista\/wp-content\/uploads\/2026\/08\/image095.png\" alt=\"\" class=\"wp-image-7193\"\/><\/figure>\n<\/div>\n<\/div>\n\n\n\n<p class=\"has-x-large-font-size\"><br>Museo de Arte de Sao Paulo.<br>Arq. Lina Bo Lombardi. 1958.<\/p>\n\n\n\n<figure class=\"wp-block-image size-full\"><img loading=\"lazy\" decoding=\"async\" width=\"339\" height=\"203\" src=\"http:\/\/calli.digital\/revista\/wp-content\/uploads\/2026\/08\/image097.png\" alt=\"\" class=\"wp-image-7194\" srcset=\"http:\/\/calli.digital\/revista\/wp-content\/uploads\/2026\/08\/image097.png 339w, http:\/\/calli.digital\/revista\/wp-content\/uploads\/2026\/08\/image097-300x180.png 300w\" sizes=\"auto, (max-width: 339px) 100vw, 339px\" \/><\/figure>\n\n\n\n<p>Edificio emblem\u00e1tico de la arquitectura brasile\u00f1a, referente mundial con el uso expresivo del concreto con un claro libre de 74 metros; la adaptaci\u00f3n al clima tropical y un fuerte compromiso social.<br>Con 10,000 metros cuadrados, la cubierta con su suspensi\u00f3n genera una gran plaza que funciona como un espacio c\u00edvico y una sombra en la ciudad. Este vac\u00edo, se relaciona con la manera de exposici\u00f3n al interior del museo, donde el usuario decide su propio recorrido y movimiento, tanto al interior como en el exterior.<\/p>\n\n\n\n<div class=\"wp-block-columns is-layout-flex wp-container-core-columns-is-layout-28f84493 wp-block-columns-is-layout-flex\">\n<div class=\"wp-block-column is-layout-flow wp-block-column-is-layout-flow\">\n<figure class=\"wp-block-image size-full\"><img loading=\"lazy\" decoding=\"async\" width=\"829\" height=\"599\" src=\"http:\/\/calli.digital\/revista\/wp-content\/uploads\/2026\/08\/image098.png\" alt=\"\" class=\"wp-image-7195\" srcset=\"http:\/\/calli.digital\/revista\/wp-content\/uploads\/2026\/08\/image098.png 829w, http:\/\/calli.digital\/revista\/wp-content\/uploads\/2026\/08\/image098-300x217.png 300w, http:\/\/calli.digital\/revista\/wp-content\/uploads\/2026\/08\/image098-768x555.png 768w\" sizes=\"auto, (max-width: 829px) 100vw, 829px\" \/><figcaption class=\"wp-element-caption\">Proceso constructivo<\/figcaption><\/figure>\n<\/div>\n\n\n\n<div class=\"wp-block-column is-layout-flow wp-block-column-is-layout-flow\">\n<figure class=\"wp-block-image size-full\"><img loading=\"lazy\" decoding=\"async\" width=\"235\" height=\"224\" src=\"http:\/\/calli.digital\/revista\/wp-content\/uploads\/2026\/08\/image099.png\" alt=\"\" class=\"wp-image-7196\"\/><\/figure>\n<\/div>\n\n\n\n<div class=\"wp-block-column is-layout-flow wp-block-column-is-layout-flow\">\n<figure class=\"wp-block-image size-full\"><img loading=\"lazy\" decoding=\"async\" width=\"233\" height=\"163\" src=\"http:\/\/calli.digital\/revista\/wp-content\/uploads\/2026\/08\/image100.png\" alt=\"\" class=\"wp-image-7197\" srcset=\"http:\/\/calli.digital\/revista\/wp-content\/uploads\/2026\/08\/image100.png 233w, http:\/\/calli.digital\/revista\/wp-content\/uploads\/2026\/08\/image100-130x90.png 130w\" sizes=\"auto, (max-width: 233px) 100vw, 233px\" \/><figcaption class=\"wp-element-caption\"> Plantas<\/figcaption><\/figure>\n<\/div>\n<\/div>\n\n\n\n<figure class=\"wp-block-image aligncenter size-full\"><img loading=\"lazy\" decoding=\"async\" width=\"516\" height=\"350\" src=\"http:\/\/calli.digital\/revista\/wp-content\/uploads\/2026\/08\/image104.png\" alt=\"\" class=\"wp-image-7201\" srcset=\"http:\/\/calli.digital\/revista\/wp-content\/uploads\/2026\/08\/image104.png 516w, http:\/\/calli.digital\/revista\/wp-content\/uploads\/2026\/08\/image104-300x203.png 300w\" sizes=\"auto, (max-width: 516px) 100vw, 516px\" \/><figcaption class=\"wp-element-caption\">Corte<\/figcaption><\/figure>\n\n\n\n<div class=\"wp-block-columns is-layout-flex wp-container-core-columns-is-layout-28f84493 wp-block-columns-is-layout-flex\">\n<div class=\"wp-block-column is-layout-flow wp-block-column-is-layout-flow\">\n<figure class=\"wp-block-image size-full\"><img loading=\"lazy\" decoding=\"async\" width=\"335\" height=\"492\" src=\"http:\/\/calli.digital\/revista\/wp-content\/uploads\/2026\/08\/image105.png\" alt=\"\" class=\"wp-image-7202\" srcset=\"http:\/\/calli.digital\/revista\/wp-content\/uploads\/2026\/08\/image105.png 335w, http:\/\/calli.digital\/revista\/wp-content\/uploads\/2026\/08\/image105-204x300.png 204w\" sizes=\"auto, (max-width: 335px) 100vw, 335px\" \/><\/figure>\n<\/div>\n\n\n\n<div class=\"wp-block-column is-layout-flow wp-block-column-is-layout-flow\">\n<figure class=\"wp-block-image size-full\"><img loading=\"lazy\" decoding=\"async\" width=\"471\" height=\"638\" src=\"http:\/\/calli.digital\/revista\/wp-content\/uploads\/2026\/08\/image106.png\" alt=\"\" class=\"wp-image-7203\" srcset=\"http:\/\/calli.digital\/revista\/wp-content\/uploads\/2026\/08\/image106.png 471w, http:\/\/calli.digital\/revista\/wp-content\/uploads\/2026\/08\/image106-221x300.png 221w\" sizes=\"auto, (max-width: 471px) 100vw, 471px\" \/><\/figure>\n<\/div>\n<\/div>\n\n\n\n<div class=\"wp-block-columns is-layout-flex wp-container-core-columns-is-layout-28f84493 wp-block-columns-is-layout-flex\">\n<div class=\"wp-block-column is-layout-flow wp-block-column-is-layout-flow\">\n<figure class=\"wp-block-image size-full\"><img loading=\"lazy\" decoding=\"async\" width=\"193\" height=\"129\" src=\"http:\/\/calli.digital\/revista\/wp-content\/uploads\/2026\/08\/image107.png\" alt=\"\" class=\"wp-image-7204\"\/><\/figure>\n\n\n\n<figure class=\"wp-block-image size-full\"><img loading=\"lazy\" decoding=\"async\" width=\"269\" height=\"269\" src=\"http:\/\/calli.digital\/revista\/wp-content\/uploads\/2026\/08\/image113.jpg\" alt=\"\" class=\"wp-image-7208\" srcset=\"http:\/\/calli.digital\/revista\/wp-content\/uploads\/2026\/08\/image113.jpg 269w, http:\/\/calli.digital\/revista\/wp-content\/uploads\/2026\/08\/image113-150x150.jpg 150w\" sizes=\"auto, (max-width: 269px) 100vw, 269px\" \/><\/figure>\n<\/div>\n\n\n\n<div class=\"wp-block-column is-layout-flow wp-block-column-is-layout-flow\">\n<figure class=\"wp-block-image size-full\"><img loading=\"lazy\" decoding=\"async\" width=\"188\" height=\"107\" src=\"http:\/\/calli.digital\/revista\/wp-content\/uploads\/2026\/08\/image109.png\" alt=\"\" class=\"wp-image-7205\"\/><\/figure>\n\n\n\n<figure class=\"wp-block-image size-full\"><img loading=\"lazy\" decoding=\"async\" width=\"192\" height=\"153\" src=\"http:\/\/calli.digital\/revista\/wp-content\/uploads\/2026\/08\/image115.png\" alt=\"\" class=\"wp-image-7209\"\/><\/figure>\n\n\n\n<figure class=\"wp-block-image size-full\"><img loading=\"lazy\" decoding=\"async\" width=\"264\" height=\"178\" src=\"http:\/\/calli.digital\/revista\/wp-content\/uploads\/2026\/08\/image123.png\" alt=\"\" class=\"wp-image-7213\"\/><\/figure>\n<\/div>\n\n\n\n<div class=\"wp-block-column is-layout-flow wp-block-column-is-layout-flow\">\n<figure class=\"wp-block-image size-full\"><img loading=\"lazy\" decoding=\"async\" width=\"217\" height=\"154\" src=\"http:\/\/calli.digital\/revista\/wp-content\/uploads\/2026\/08\/image111.png\" alt=\"\" class=\"wp-image-7206\"\/><\/figure>\n\n\n\n<figure class=\"wp-block-image size-full\"><img loading=\"lazy\" decoding=\"async\" width=\"144\" height=\"128\" src=\"http:\/\/calli.digital\/revista\/wp-content\/uploads\/2026\/08\/image117.png\" alt=\"\" class=\"wp-image-7210\"\/><\/figure>\n<\/div>\n\n\n\n<div class=\"wp-block-column is-layout-flow wp-block-column-is-layout-flow\">\n<figure class=\"wp-block-image size-full\"><img loading=\"lazy\" decoding=\"async\" width=\"364\" height=\"457\" src=\"http:\/\/calli.digital\/revista\/wp-content\/uploads\/2026\/08\/image112.jpg\" alt=\"\" class=\"wp-image-7207\" srcset=\"http:\/\/calli.digital\/revista\/wp-content\/uploads\/2026\/08\/image112.jpg 364w, http:\/\/calli.digital\/revista\/wp-content\/uploads\/2026\/08\/image112-239x300.jpg 239w\" sizes=\"auto, (max-width: 364px) 100vw, 364px\" \/><\/figure>\n\n\n\n<figure class=\"wp-block-image size-full\"><img loading=\"lazy\" decoding=\"async\" width=\"195\" height=\"129\" src=\"http:\/\/calli.digital\/revista\/wp-content\/uploads\/2026\/08\/image119.png\" alt=\"\" class=\"wp-image-7211\"\/><\/figure>\n<\/div>\n<\/div>\n\n\n\n<p>A ocho metros del del nivel de calle y con 74 metros de luz entre las columnas, esta obra se convirti\u00f3 en la planta libre m\u00e1s grande del mundo.<\/p>\n\n\n\n<p class=\"has-x-large-font-size\"><br>Museo de Arte de Sao Paulo. (Ampliaci\u00f3n)<br>Metro Arquitectos. 2025<\/p>\n\n\n\n<p>La nueva torre de 14 niveles aument\u00f3 la superficie del museo en casi 7,000 m2, con galer\u00edas para exposici\u00f3n con una altura de 5 m. adem\u00e1s de talleres de conservaci\u00f3n y restauraci\u00f3n, adem\u00e1s de espacio para eventos y restaurante<\/p>\n\n\n\n<div class=\"wp-block-columns is-layout-flex wp-container-core-columns-is-layout-28f84493 wp-block-columns-is-layout-flex\">\n<div class=\"wp-block-column is-layout-flow wp-block-column-is-layout-flow\">\n<figure class=\"wp-block-image size-full\"><img loading=\"lazy\" decoding=\"async\" width=\"564\" height=\"316\" src=\"http:\/\/calli.digital\/revista\/wp-content\/uploads\/2026\/08\/image124.png\" alt=\"\" class=\"wp-image-7214\" srcset=\"http:\/\/calli.digital\/revista\/wp-content\/uploads\/2026\/08\/image124.png 564w, http:\/\/calli.digital\/revista\/wp-content\/uploads\/2026\/08\/image124-300x168.png 300w\" sizes=\"auto, (max-width: 564px) 100vw, 564px\" \/><\/figure>\n\n\n\n<figure class=\"wp-block-image size-full\"><img loading=\"lazy\" decoding=\"async\" width=\"336\" height=\"246\" src=\"http:\/\/calli.digital\/revista\/wp-content\/uploads\/2026\/08\/image133.png\" alt=\"\" class=\"wp-image-7220\" srcset=\"http:\/\/calli.digital\/revista\/wp-content\/uploads\/2026\/08\/image133.png 336w, http:\/\/calli.digital\/revista\/wp-content\/uploads\/2026\/08\/image133-300x220.png 300w\" sizes=\"auto, (max-width: 336px) 100vw, 336px\" \/><\/figure>\n<\/div>\n\n\n\n<div class=\"wp-block-column is-layout-flow wp-block-column-is-layout-flow\">\n<figure class=\"wp-block-image size-full\"><img loading=\"lazy\" decoding=\"async\" width=\"264\" height=\"393\" src=\"http:\/\/calli.digital\/revista\/wp-content\/uploads\/2026\/08\/image128.png\" alt=\"\" class=\"wp-image-7217\" srcset=\"http:\/\/calli.digital\/revista\/wp-content\/uploads\/2026\/08\/image128.png 264w, http:\/\/calli.digital\/revista\/wp-content\/uploads\/2026\/08\/image128-202x300.png 202w\" sizes=\"auto, (max-width: 264px) 100vw, 264px\" \/><\/figure>\n\n\n\n<figure class=\"wp-block-image size-full\"><img loading=\"lazy\" decoding=\"async\" width=\"337\" height=\"195\" src=\"http:\/\/calli.digital\/revista\/wp-content\/uploads\/2026\/08\/image139.png\" alt=\"\" class=\"wp-image-7224\" srcset=\"http:\/\/calli.digital\/revista\/wp-content\/uploads\/2026\/08\/image139.png 337w, http:\/\/calli.digital\/revista\/wp-content\/uploads\/2026\/08\/image139-300x174.png 300w\" sizes=\"auto, (max-width: 337px) 100vw, 337px\" \/><\/figure>\n<\/div>\n<\/div>\n\n\n\n<div class=\"wp-block-columns is-layout-flex wp-container-core-columns-is-layout-28f84493 wp-block-columns-is-layout-flex\">\n<div class=\"wp-block-column is-layout-flow wp-block-column-is-layout-flow\">\n<figure class=\"wp-block-image size-full\"><img loading=\"lazy\" decoding=\"async\" width=\"151\" height=\"176\" src=\"http:\/\/calli.digital\/revista\/wp-content\/uploads\/2026\/08\/image125.png\" alt=\"\" class=\"wp-image-7215\"\/><\/figure>\n\n\n\n<figure class=\"wp-block-image size-full\"><img loading=\"lazy\" decoding=\"async\" width=\"337\" height=\"225\" src=\"http:\/\/calli.digital\/revista\/wp-content\/uploads\/2026\/08\/image134.jpg\" alt=\"\" class=\"wp-image-7221\" srcset=\"http:\/\/calli.digital\/revista\/wp-content\/uploads\/2026\/08\/image134.jpg 337w, http:\/\/calli.digital\/revista\/wp-content\/uploads\/2026\/08\/image134-300x200.jpg 300w\" sizes=\"auto, (max-width: 337px) 100vw, 337px\" \/><\/figure>\n<\/div>\n\n\n\n<div class=\"wp-block-column is-layout-flow wp-block-column-is-layout-flow\">\n<figure class=\"wp-block-image size-full\"><img loading=\"lazy\" decoding=\"async\" width=\"176\" height=\"118\" src=\"http:\/\/calli.digital\/revista\/wp-content\/uploads\/2026\/08\/image126.png\" alt=\"\" class=\"wp-image-7216\"\/><\/figure>\n\n\n\n<figure class=\"wp-block-image size-full is-resized\"><img loading=\"lazy\" decoding=\"async\" width=\"65\" height=\"89\" src=\"http:\/\/calli.digital\/revista\/wp-content\/uploads\/2026\/08\/image136.png\" alt=\"\" class=\"wp-image-7222\" style=\"width:130px;height:auto\"\/><\/figure>\n<\/div>\n\n\n\n<div class=\"wp-block-column is-layout-flow wp-block-column-is-layout-flow\">\n<figure class=\"wp-block-image size-full\"><img loading=\"lazy\" decoding=\"async\" width=\"142\" height=\"115\" src=\"http:\/\/calli.digital\/revista\/wp-content\/uploads\/2026\/08\/image130.png\" alt=\"\" class=\"wp-image-7218\"\/><\/figure>\n\n\n\n<figure class=\"wp-block-image size-full\"><img loading=\"lazy\" decoding=\"async\" width=\"433\" height=\"243\" src=\"http:\/\/calli.digital\/revista\/wp-content\/uploads\/2026\/08\/image137.png\" alt=\"\" class=\"wp-image-7223\" srcset=\"http:\/\/calli.digital\/revista\/wp-content\/uploads\/2026\/08\/image137.png 433w, http:\/\/calli.digital\/revista\/wp-content\/uploads\/2026\/08\/image137-300x168.png 300w\" sizes=\"auto, (max-width: 433px) 100vw, 433px\" \/><\/figure>\n<\/div>\n\n\n\n<div class=\"wp-block-column is-layout-flow wp-block-column-is-layout-flow\">\n<figure class=\"wp-block-image size-full\"><img loading=\"lazy\" decoding=\"async\" width=\"430\" height=\"243\" src=\"http:\/\/calli.digital\/revista\/wp-content\/uploads\/2026\/08\/image131.png\" alt=\"\" class=\"wp-image-7219\" srcset=\"http:\/\/calli.digital\/revista\/wp-content\/uploads\/2026\/08\/image131.png 430w, http:\/\/calli.digital\/revista\/wp-content\/uploads\/2026\/08\/image131-300x170.png 300w\" sizes=\"auto, (max-width: 430px) 100vw, 430px\" \/><\/figure>\n<\/div>\n<\/div>\n\n\n\n<p><\/p>\n\n\n\n<p class=\"has-x-large-font-size\">Casa de Vidrio<br>Arq. Lina Bo Lombardi. 1951.<\/p>\n\n\n\n<p>La casa, sobre columnas met\u00e1licas de 6 pulgadas de di\u00e1metro, separa la parte social de la privada.<\/p>\n\n\n\n<figure class=\"wp-block-image size-full\"><img loading=\"lazy\" decoding=\"async\" width=\"341\" height=\"219\" src=\"http:\/\/calli.digital\/revista\/wp-content\/uploads\/2026\/08\/image141.png\" alt=\"\" class=\"wp-image-7225\" srcset=\"http:\/\/calli.digital\/revista\/wp-content\/uploads\/2026\/08\/image141.png 341w, http:\/\/calli.digital\/revista\/wp-content\/uploads\/2026\/08\/image141-300x193.png 300w\" sizes=\"auto, (max-width: 341px) 100vw, 341px\" \/><\/figure>\n\n\n\n<div class=\"wp-block-columns is-layout-flex wp-container-core-columns-is-layout-28f84493 wp-block-columns-is-layout-flex\">\n<div class=\"wp-block-column is-layout-flow wp-block-column-is-layout-flow\" style=\"flex-basis:25%\">\n<figure class=\"wp-block-image size-full\"><img loading=\"lazy\" decoding=\"async\" width=\"172\" height=\"119\" src=\"http:\/\/calli.digital\/revista\/wp-content\/uploads\/2026\/08\/image142.png\" alt=\"\" class=\"wp-image-7226\" srcset=\"http:\/\/calli.digital\/revista\/wp-content\/uploads\/2026\/08\/image142.png 172w, http:\/\/calli.digital\/revista\/wp-content\/uploads\/2026\/08\/image142-130x90.png 130w\" sizes=\"auto, (max-width: 172px) 100vw, 172px\" \/><\/figure>\n<\/div>\n\n\n\n<div class=\"wp-block-column is-layout-flow wp-block-column-is-layout-flow\" style=\"flex-basis:50%\">\n<figure class=\"wp-block-image aligncenter size-full is-resized\"><img loading=\"lazy\" decoding=\"async\" width=\"157\" height=\"61\" src=\"http:\/\/calli.digital\/revista\/wp-content\/uploads\/2026\/08\/image143.png\" alt=\"\" class=\"wp-image-7227\" style=\"width:282px;height:auto\"\/><\/figure>\n<\/div>\n\n\n\n<div class=\"wp-block-column is-layout-flow wp-block-column-is-layout-flow\" style=\"flex-basis:25%\">\n<figure class=\"wp-block-image size-full\"><img loading=\"lazy\" decoding=\"async\" width=\"161\" height=\"106\" src=\"http:\/\/calli.digital\/revista\/wp-content\/uploads\/2026\/08\/image144.png\" alt=\"\" class=\"wp-image-7228\"\/><\/figure>\n<\/div>\n<\/div>\n\n\n\n<div class=\"wp-block-columns is-layout-flex wp-container-core-columns-is-layout-28f84493 wp-block-columns-is-layout-flex\">\n<div class=\"wp-block-column is-layout-flow wp-block-column-is-layout-flow\">\n<figure class=\"wp-block-image size-full\"><img loading=\"lazy\" decoding=\"async\" width=\"404\" height=\"315\" src=\"http:\/\/calli.digital\/revista\/wp-content\/uploads\/2026\/08\/image146.png\" alt=\"\" class=\"wp-image-7230\" srcset=\"http:\/\/calli.digital\/revista\/wp-content\/uploads\/2026\/08\/image146.png 404w, http:\/\/calli.digital\/revista\/wp-content\/uploads\/2026\/08\/image146-300x234.png 300w\" sizes=\"auto, (max-width: 404px) 100vw, 404px\" \/><\/figure>\n<\/div>\n\n\n\n<div class=\"wp-block-column is-layout-flow wp-block-column-is-layout-flow\"><\/div>\n<\/div>\n\n\n\n<div class=\"wp-block-columns is-layout-flex wp-container-core-columns-is-layout-28f84493 wp-block-columns-is-layout-flex\">\n<div class=\"wp-block-column is-layout-flow wp-block-column-is-layout-flow\">\n<figure class=\"wp-block-image size-full\"><img loading=\"lazy\" decoding=\"async\" width=\"168\" height=\"139\" src=\"http:\/\/calli.digital\/revista\/wp-content\/uploads\/2026\/08\/image150.png\" alt=\"\" class=\"wp-image-7233\"\/><\/figure>\n<\/div>\n\n\n\n<div class=\"wp-block-column is-layout-flow wp-block-column-is-layout-flow\">\n<figure class=\"wp-block-image size-full\"><img loading=\"lazy\" decoding=\"async\" width=\"215\" height=\"143\" src=\"http:\/\/calli.digital\/revista\/wp-content\/uploads\/2026\/08\/image148.png\" alt=\"\" class=\"wp-image-7231\"\/><\/figure>\n<\/div>\n\n\n\n<div class=\"wp-block-column is-layout-flow wp-block-column-is-layout-flow\">\n<figure class=\"wp-block-image size-full\"><img loading=\"lazy\" decoding=\"async\" width=\"209\" height=\"163\" src=\"http:\/\/calli.digital\/revista\/wp-content\/uploads\/2026\/08\/image149.png\" alt=\"\" class=\"wp-image-7232\"\/><\/figure>\n<\/div>\n\n\n\n<div class=\"wp-block-column is-layout-flow wp-block-column-is-layout-flow\"><\/div>\n<\/div>\n\n\n\n<p class=\"has-x-large-font-size\">Edificio Copan.<br>Arq. Oscar Niemeyer. 1951 &#8211; 1966.<\/p>\n\n\n\n<p>Complejo multifuncional para el IV Centenario de la ciudad, destaca por su forma en &#8220;S&#8221;. Con 38 pisos y 140 metros de altura, ha sido el edificio residencial m\u00e1s grande de Am\u00e9rica Latina, con m\u00e1s de 5,000 residentes y 120,000m2 construidos.<\/p>\n\n\n\n<figure class=\"wp-block-image size-full\"><img loading=\"lazy\" decoding=\"async\" width=\"350\" height=\"390\" src=\"http:\/\/calli.digital\/revista\/wp-content\/uploads\/2026\/08\/image152.png\" alt=\"\" class=\"wp-image-7234\" srcset=\"http:\/\/calli.digital\/revista\/wp-content\/uploads\/2026\/08\/image152.png 350w, http:\/\/calli.digital\/revista\/wp-content\/uploads\/2026\/08\/image152-269x300.png 269w\" sizes=\"auto, (max-width: 350px) 100vw, 350px\" \/><\/figure>\n\n\n\n<div class=\"wp-block-columns is-layout-flex wp-container-core-columns-is-layout-28f84493 wp-block-columns-is-layout-flex\">\n<div class=\"wp-block-column is-layout-flow wp-block-column-is-layout-flow\">\n<figure class=\"wp-block-image size-full\"><img loading=\"lazy\" decoding=\"async\" width=\"184\" height=\"169\" src=\"http:\/\/calli.digital\/revista\/wp-content\/uploads\/2026\/08\/image156.png\" alt=\"\" class=\"wp-image-7238\"\/><\/figure>\n\n\n\n<figure class=\"wp-block-image size-full\"><img loading=\"lazy\" decoding=\"async\" width=\"188\" height=\"143\" src=\"http:\/\/calli.digital\/revista\/wp-content\/uploads\/2026\/08\/image159.png\" alt=\"\" class=\"wp-image-7240\"\/><\/figure>\n<\/div>\n\n\n\n<div class=\"wp-block-column is-layout-flow wp-block-column-is-layout-flow\">\n<figure class=\"wp-block-image aligncenter size-full\"><img loading=\"lazy\" decoding=\"async\" width=\"132\" height=\"201\" src=\"http:\/\/calli.digital\/revista\/wp-content\/uploads\/2026\/08\/image153.png\" alt=\"\" class=\"wp-image-7235\"\/><\/figure>\n<\/div>\n\n\n\n<div class=\"wp-block-column is-layout-flow wp-block-column-is-layout-flow\">\n<figure class=\"wp-block-image size-full\"><img loading=\"lazy\" decoding=\"async\" width=\"892\" height=\"584\" src=\"http:\/\/calli.digital\/revista\/wp-content\/uploads\/2026\/08\/image154.png\" alt=\"\" class=\"wp-image-7236\" srcset=\"http:\/\/calli.digital\/revista\/wp-content\/uploads\/2026\/08\/image154.png 892w, http:\/\/calli.digital\/revista\/wp-content\/uploads\/2026\/08\/image154-300x196.png 300w, http:\/\/calli.digital\/revista\/wp-content\/uploads\/2026\/08\/image154-768x503.png 768w\" sizes=\"auto, (max-width: 892px) 100vw, 892px\" \/><\/figure>\n\n\n\n<figure class=\"wp-block-image size-full\"><img loading=\"lazy\" decoding=\"async\" width=\"208\" height=\"190\" src=\"http:\/\/calli.digital\/revista\/wp-content\/uploads\/2026\/08\/image157.png\" alt=\"\" class=\"wp-image-7239\"\/><\/figure>\n<\/div>\n\n\n\n<div class=\"wp-block-column is-layout-flow wp-block-column-is-layout-flow\">\n<figure class=\"wp-block-image size-full\"><img loading=\"lazy\" decoding=\"async\" width=\"251\" height=\"304\" src=\"http:\/\/calli.digital\/revista\/wp-content\/uploads\/2026\/08\/image155.png\" alt=\"\" class=\"wp-image-7237\" srcset=\"http:\/\/calli.digital\/revista\/wp-content\/uploads\/2026\/08\/image155.png 251w, http:\/\/calli.digital\/revista\/wp-content\/uploads\/2026\/08\/image155-248x300.png 248w\" sizes=\"auto, (max-width: 251px) 100vw, 251px\" \/><\/figure>\n<\/div>\n<\/div>\n\n\n\n<p><\/p>\n\n\n\n<p class=\"has-x-large-font-size\">Casa Habitaci\u00f3n Morumbi<br>Arq. Oswaldo Bratke 1953.<\/p>\n\n\n\n<figure class=\"wp-block-image size-full is-resized\"><img loading=\"lazy\" decoding=\"async\" width=\"337\" height=\"175\" src=\"http:\/\/calli.digital\/revista\/wp-content\/uploads\/2026\/08\/image161.png\" alt=\"\" class=\"wp-image-7241\" style=\"width:618px;height:auto\" srcset=\"http:\/\/calli.digital\/revista\/wp-content\/uploads\/2026\/08\/image161.png 337w, http:\/\/calli.digital\/revista\/wp-content\/uploads\/2026\/08\/image161-300x156.png 300w\" sizes=\"auto, (max-width: 337px) 100vw, 337px\" \/><\/figure>\n\n\n\n<div class=\"wp-block-columns is-layout-flex wp-container-core-columns-is-layout-28f84493 wp-block-columns-is-layout-flex\">\n<div class=\"wp-block-column is-layout-flow wp-block-column-is-layout-flow\" style=\"flex-basis:18.75%\">\n<figure class=\"wp-block-image size-full\"><img loading=\"lazy\" decoding=\"async\" width=\"164\" height=\"308\" src=\"http:\/\/calli.digital\/revista\/wp-content\/uploads\/2026\/08\/image162.png\" alt=\"\" class=\"wp-image-7242\" srcset=\"http:\/\/calli.digital\/revista\/wp-content\/uploads\/2026\/08\/image162.png 164w, http:\/\/calli.digital\/revista\/wp-content\/uploads\/2026\/08\/image162-160x300.png 160w\" sizes=\"auto, (max-width: 164px) 100vw, 164px\" \/><\/figure>\n<\/div>\n\n\n\n<div class=\"wp-block-column is-layout-flow wp-block-column-is-layout-flow\" style=\"flex-basis:37.5%\">\n<figure class=\"wp-block-image size-full\"><img loading=\"lazy\" decoding=\"async\" width=\"253\" height=\"157\" src=\"http:\/\/calli.digital\/revista\/wp-content\/uploads\/2026\/08\/image165.png\" alt=\"\" class=\"wp-image-7243\"\/><\/figure>\n<\/div>\n\n\n\n<div class=\"wp-block-column is-layout-flow wp-block-column-is-layout-flow\" style=\"flex-basis:18.75%\">\n<figure class=\"wp-block-image size-full\"><img loading=\"lazy\" decoding=\"async\" width=\"120\" height=\"124\" src=\"http:\/\/calli.digital\/revista\/wp-content\/uploads\/2026\/08\/image167.png\" alt=\"\" class=\"wp-image-7244\"\/><\/figure>\n<\/div>\n\n\n\n<div class=\"wp-block-column is-layout-flow wp-block-column-is-layout-flow\" style=\"flex-basis:25%\">\n<figure class=\"wp-block-image size-full\"><img loading=\"lazy\" decoding=\"async\" width=\"219\" height=\"143\" src=\"http:\/\/calli.digital\/revista\/wp-content\/uploads\/2026\/08\/image168.png\" alt=\"\" class=\"wp-image-7245\"\/><\/figure>\n<\/div>\n<\/div>\n\n\n\n<p class=\"has-x-large-font-size\"><br>Edificio California<br>Arqs. Oscar Niemeyer y Carlos Lemus. 1955.<\/p>\n\n\n\n<p>Edificio de oficinas con patio interior, con pilares en \u201cV\u201d, caracter\u00edstica de su obra.<\/p>\n\n\n\n<div class=\"wp-block-columns is-layout-flex wp-container-core-columns-is-layout-28f84493 wp-block-columns-is-layout-flex\">\n<div class=\"wp-block-column is-layout-flow wp-block-column-is-layout-flow\">\n<figure class=\"wp-block-image size-full\"><img loading=\"lazy\" decoding=\"async\" width=\"179\" height=\"219\" src=\"http:\/\/calli.digital\/revista\/wp-content\/uploads\/2026\/08\/image170.png\" alt=\"\" class=\"wp-image-7246\"\/><\/figure>\n<\/div>\n\n\n\n<div class=\"wp-block-column is-layout-flow wp-block-column-is-layout-flow\">\n<figure class=\"wp-block-image size-full\"><img loading=\"lazy\" decoding=\"async\" width=\"201\" height=\"336\" src=\"http:\/\/calli.digital\/revista\/wp-content\/uploads\/2026\/08\/image171.png\" alt=\"\" class=\"wp-image-7247\" srcset=\"http:\/\/calli.digital\/revista\/wp-content\/uploads\/2026\/08\/image171.png 201w, http:\/\/calli.digital\/revista\/wp-content\/uploads\/2026\/08\/image171-179x300.png 179w\" sizes=\"auto, (max-width: 201px) 100vw, 201px\" \/><\/figure>\n<\/div>\n\n\n\n<div class=\"wp-block-column is-layout-flow wp-block-column-is-layout-flow\">\n<figure class=\"wp-block-image size-full\"><img loading=\"lazy\" decoding=\"async\" width=\"276\" height=\"410\" src=\"http:\/\/calli.digital\/revista\/wp-content\/uploads\/2026\/08\/image173.png\" alt=\"\" class=\"wp-image-7248\" srcset=\"http:\/\/calli.digital\/revista\/wp-content\/uploads\/2026\/08\/image173.png 276w, http:\/\/calli.digital\/revista\/wp-content\/uploads\/2026\/08\/image173-202x300.png 202w\" sizes=\"auto, (max-width: 276px) 100vw, 276px\" \/><\/figure>\n<\/div>\n\n\n\n<div class=\"wp-block-column is-layout-flow wp-block-column-is-layout-flow\">\n<figure class=\"wp-block-image size-full\"><img loading=\"lazy\" decoding=\"async\" width=\"406\" height=\"337\" src=\"http:\/\/calli.digital\/revista\/wp-content\/uploads\/2026\/08\/image175.png\" alt=\"\" class=\"wp-image-7249\" srcset=\"http:\/\/calli.digital\/revista\/wp-content\/uploads\/2026\/08\/image175.png 406w, http:\/\/calli.digital\/revista\/wp-content\/uploads\/2026\/08\/image175-300x249.png 300w\" sizes=\"auto, (max-width: 406px) 100vw, 406px\" \/><\/figure>\n<\/div>\n<\/div>\n\n\n\n<p class=\"has-x-large-font-size\"><br>Conjunto Nacional.<br>Arq. David Libeskind. 1958.<\/p>\n\n\n\n<p>Relaciona lo comercial ocupa toda la manzana y en la vertical, se ubican los apartamentos.<\/p>\n\n\n\n<figure class=\"wp-block-image size-full\"><img loading=\"lazy\" decoding=\"async\" width=\"319\" height=\"209\" src=\"http:\/\/calli.digital\/revista\/wp-content\/uploads\/2026\/08\/image177.png\" alt=\"\" class=\"wp-image-7250\" srcset=\"http:\/\/calli.digital\/revista\/wp-content\/uploads\/2026\/08\/image177.png 319w, http:\/\/calli.digital\/revista\/wp-content\/uploads\/2026\/08\/image177-300x197.png 300w\" sizes=\"auto, (max-width: 319px) 100vw, 319px\" \/><\/figure>\n\n\n\n<div class=\"wp-block-columns is-layout-flex wp-container-core-columns-is-layout-28f84493 wp-block-columns-is-layout-flex\">\n<div class=\"wp-block-column is-layout-flow wp-block-column-is-layout-flow\">\n<figure class=\"wp-block-image size-full\"><img loading=\"lazy\" decoding=\"async\" width=\"225\" height=\"414\" src=\"http:\/\/calli.digital\/revista\/wp-content\/uploads\/2026\/08\/image178.png\" alt=\"\" class=\"wp-image-7251\" srcset=\"http:\/\/calli.digital\/revista\/wp-content\/uploads\/2026\/08\/image178.png 225w, http:\/\/calli.digital\/revista\/wp-content\/uploads\/2026\/08\/image178-163x300.png 163w\" sizes=\"auto, (max-width: 225px) 100vw, 225px\" \/><\/figure>\n<\/div>\n\n\n\n<div class=\"wp-block-column is-layout-flow wp-block-column-is-layout-flow\">\n<figure class=\"wp-block-image aligncenter size-full is-resized\"><img loading=\"lazy\" decoding=\"async\" width=\"112\" height=\"204\" src=\"http:\/\/calli.digital\/revista\/wp-content\/uploads\/2026\/08\/image180.png\" alt=\"\" class=\"wp-image-7252\" style=\"width:214px;height:auto\"\/><\/figure>\n<\/div>\n\n\n\n<div class=\"wp-block-column is-layout-flow wp-block-column-is-layout-flow\">\n<figure class=\"wp-block-image size-full is-resized\"><img loading=\"lazy\" decoding=\"async\" width=\"111\" height=\"203\" src=\"http:\/\/calli.digital\/revista\/wp-content\/uploads\/2026\/08\/image182.png\" alt=\"\" class=\"wp-image-7253\" style=\"width:212px;height:auto\"\/><\/figure>\n<\/div>\n<\/div>\n\n\n\n<p class=\"has-x-large-font-size\"><br>Gimnasio del Club Atl\u00e9tico Paulistano<br>Arqs. Paulo Mendes da Rocha y Joao De Genaro. 1961<\/p>\n\n\n\n<p>Arquitectura brutalista. Integraci\u00f3n de innovaci\u00f3n y resistencia<\/p>\n\n\n\n<figure class=\"wp-block-image size-full is-resized\"><img loading=\"lazy\" decoding=\"async\" width=\"324\" height=\"206\" src=\"http:\/\/calli.digital\/revista\/wp-content\/uploads\/2026\/08\/image184.png\" alt=\"\" class=\"wp-image-7254\" style=\"width:513px;height:auto\" srcset=\"http:\/\/calli.digital\/revista\/wp-content\/uploads\/2026\/08\/image184.png 324w, http:\/\/calli.digital\/revista\/wp-content\/uploads\/2026\/08\/image184-300x191.png 300w\" sizes=\"auto, (max-width: 324px) 100vw, 324px\" \/><\/figure>\n\n\n\n<div class=\"wp-block-columns is-layout-flex wp-container-core-columns-is-layout-28f84493 wp-block-columns-is-layout-flex\">\n<div class=\"wp-block-column is-layout-flow wp-block-column-is-layout-flow\">\n<figure class=\"wp-block-image size-full\"><img loading=\"lazy\" decoding=\"async\" width=\"278\" height=\"131\" src=\"http:\/\/calli.digital\/revista\/wp-content\/uploads\/2026\/08\/image185.png\" alt=\"\" class=\"wp-image-7255\"\/><\/figure>\n<\/div>\n\n\n\n<div class=\"wp-block-column is-layout-flow wp-block-column-is-layout-flow\">\n<figure class=\"wp-block-image aligncenter size-full\"><img loading=\"lazy\" decoding=\"async\" width=\"241\" height=\"159\" src=\"http:\/\/calli.digital\/revista\/wp-content\/uploads\/2026\/08\/image186.png\" alt=\"\" class=\"wp-image-7256\"\/><\/figure>\n<\/div>\n\n\n\n<div class=\"wp-block-column is-layout-flow wp-block-column-is-layout-flow\">\n<figure class=\"wp-block-image size-full\"><img loading=\"lazy\" decoding=\"async\" width=\"322\" height=\"105\" src=\"http:\/\/calli.digital\/revista\/wp-content\/uploads\/2026\/08\/image187.png\" alt=\"\" class=\"wp-image-7257\" srcset=\"http:\/\/calli.digital\/revista\/wp-content\/uploads\/2026\/08\/image187.png 322w, http:\/\/calli.digital\/revista\/wp-content\/uploads\/2026\/08\/image187-300x98.png 300w\" sizes=\"auto, (max-width: 322px) 100vw, 322px\" \/><\/figure>\n<\/div>\n<\/div>\n\n\n\n<p class=\"has-x-large-font-size\"><br>Facultad de Arquitectura y Urbanismo de la Universidad de Sao Paulo.<br>Arqs. Joao Batista Villanova Artigas y Carlos Cascaldi. 1969<\/p>\n\n\n\n<p>Obra maestra del brutalismo brasile\u00f1o. Destaca por su espacio central libre, sin muros divisorios y el uso masivo del concreto. proyecto se basa en la idea de generar una continuidad espacial. Por esto, sus seis niveles est\u00e1n integrados por un sistema de rampas, para dar la sensaci\u00f3n de un solo plano con recorridos continuos.<\/p>\n\n\n\n<figure class=\"wp-block-image size-full\"><img loading=\"lazy\" decoding=\"async\" width=\"551\" height=\"362\" src=\"http:\/\/calli.digital\/revista\/wp-content\/uploads\/2026\/08\/image188.jpg\" alt=\"\" class=\"wp-image-7258\" srcset=\"http:\/\/calli.digital\/revista\/wp-content\/uploads\/2026\/08\/image188.jpg 551w, http:\/\/calli.digital\/revista\/wp-content\/uploads\/2026\/08\/image188-300x197.jpg 300w\" sizes=\"auto, (max-width: 551px) 100vw, 551px\" \/><\/figure>\n\n\n\n<div class=\"wp-block-columns is-layout-flex wp-container-core-columns-is-layout-28f84493 wp-block-columns-is-layout-flex\">\n<div class=\"wp-block-column is-layout-flow wp-block-column-is-layout-flow\">\n<figure class=\"wp-block-image size-full\"><img loading=\"lazy\" decoding=\"async\" width=\"315\" height=\"169\" src=\"http:\/\/calli.digital\/revista\/wp-content\/uploads\/2026\/08\/image189.png\" alt=\"\" class=\"wp-image-7259\" srcset=\"http:\/\/calli.digital\/revista\/wp-content\/uploads\/2026\/08\/image189.png 315w, http:\/\/calli.digital\/revista\/wp-content\/uploads\/2026\/08\/image189-300x161.png 300w\" sizes=\"auto, (max-width: 315px) 100vw, 315px\" \/><\/figure>\n<\/div>\n\n\n\n<div class=\"wp-block-column is-layout-flow wp-block-column-is-layout-flow\">\n<figure class=\"wp-block-image aligncenter size-full\"><img loading=\"lazy\" decoding=\"async\" width=\"275\" height=\"167\" src=\"http:\/\/calli.digital\/revista\/wp-content\/uploads\/2026\/08\/image191.png\" alt=\"\" class=\"wp-image-7260\"\/><\/figure>\n<\/div>\n\n\n\n<div class=\"wp-block-column is-layout-flow wp-block-column-is-layout-flow\">\n<figure class=\"wp-block-image size-full\"><img loading=\"lazy\" decoding=\"async\" width=\"128\" height=\"89\" src=\"http:\/\/calli.digital\/revista\/wp-content\/uploads\/2026\/08\/image192.png\" alt=\"\" class=\"wp-image-7261\"\/><\/figure>\n<\/div>\n<\/div>\n\n\n\n<div class=\"wp-block-columns is-layout-flex wp-container-core-columns-is-layout-28f84493 wp-block-columns-is-layout-flex\">\n<div class=\"wp-block-column is-layout-flow wp-block-column-is-layout-flow\">\n<figure class=\"wp-block-image size-full\"><img loading=\"lazy\" decoding=\"async\" width=\"547\" height=\"386\" src=\"http:\/\/calli.digital\/revista\/wp-content\/uploads\/2026\/08\/image194.png\" alt=\"\" class=\"wp-image-7262\" srcset=\"http:\/\/calli.digital\/revista\/wp-content\/uploads\/2026\/08\/image194.png 547w, http:\/\/calli.digital\/revista\/wp-content\/uploads\/2026\/08\/image194-300x212.png 300w\" sizes=\"auto, (max-width: 547px) 100vw, 547px\" \/><\/figure>\n\n\n\n<figure class=\"wp-block-image size-full\"><img loading=\"lazy\" decoding=\"async\" width=\"116\" height=\"104\" src=\"http:\/\/calli.digital\/revista\/wp-content\/uploads\/2026\/08\/image198.png\" alt=\"\" class=\"wp-image-7264\"\/><\/figure>\n\n\n\n<figure class=\"wp-block-image size-full\"><img loading=\"lazy\" decoding=\"async\" width=\"745\" height=\"719\" src=\"http:\/\/calli.digital\/revista\/wp-content\/uploads\/2026\/08\/image201.png\" alt=\"\" class=\"wp-image-7266\" srcset=\"http:\/\/calli.digital\/revista\/wp-content\/uploads\/2026\/08\/image201.png 745w, http:\/\/calli.digital\/revista\/wp-content\/uploads\/2026\/08\/image201-300x290.png 300w\" sizes=\"auto, (max-width: 745px) 100vw, 745px\" \/><\/figure>\n<\/div>\n\n\n\n<div class=\"wp-block-column is-layout-flow wp-block-column-is-layout-flow\">\n<figure class=\"wp-block-image size-full\"><img loading=\"lazy\" decoding=\"async\" width=\"720\" height=\"480\" src=\"http:\/\/calli.digital\/revista\/wp-content\/uploads\/2026\/08\/image196.png\" alt=\"\" class=\"wp-image-7263\" srcset=\"http:\/\/calli.digital\/revista\/wp-content\/uploads\/2026\/08\/image196.png 720w, http:\/\/calli.digital\/revista\/wp-content\/uploads\/2026\/08\/image196-300x200.png 300w\" sizes=\"auto, (max-width: 720px) 100vw, 720px\" \/><\/figure>\n\n\n\n<figure class=\"wp-block-image size-full\"><img loading=\"lazy\" decoding=\"async\" width=\"131\" height=\"89\" src=\"http:\/\/calli.digital\/revista\/wp-content\/uploads\/2026\/08\/image199.png\" alt=\"\" class=\"wp-image-7265\"\/><\/figure>\n<\/div>\n<\/div>\n\n\n\n<p class=\"has-x-large-font-size\"><br>Iglesia San Bonifacio<br>Arq. Hans Bross. 1965<\/p>\n\n\n\n<p>En un barrio de vivienda, se construy\u00f3 esta capilla de concreto, en un cuerpo elevado, desprovisto de s\u00edmbolos. Se ubica en la parte superior de la edificaci\u00f3n, sostenido por cuatro columnas, visibles desde el exterior. Arriba se forma una plaza cubierta. En el edificio, se encuentran, los servicios administrativos, el centro social, la biblioteca y viviendas, distribuidas en tres plantas.<\/p>\n\n\n\n<div class=\"wp-block-columns is-layout-flex wp-container-core-columns-is-layout-28f84493 wp-block-columns-is-layout-flex\">\n<div class=\"wp-block-column is-layout-flow wp-block-column-is-layout-flow\">\n<figure class=\"wp-block-image alignleft size-full\"><img loading=\"lazy\" decoding=\"async\" width=\"96\" height=\"142\" src=\"http:\/\/calli.digital\/revista\/wp-content\/uploads\/2026\/08\/image219.png\" alt=\"\" class=\"wp-image-7278\"\/><\/figure>\n<\/div>\n\n\n\n<div class=\"wp-block-column is-layout-flow wp-block-column-is-layout-flow\">\n<figure class=\"wp-block-image size-full\"><img loading=\"lazy\" decoding=\"async\" width=\"113\" height=\"130\" src=\"http:\/\/calli.digital\/revista\/wp-content\/uploads\/2026\/08\/image220.png\" alt=\"\" class=\"wp-image-7279\"\/><\/figure>\n<\/div>\n\n\n\n<div class=\"wp-block-column is-layout-flow wp-block-column-is-layout-flow\">\n<figure class=\"wp-block-image size-full\"><img loading=\"lazy\" decoding=\"async\" width=\"90\" height=\"132\" src=\"http:\/\/calli.digital\/revista\/wp-content\/uploads\/2026\/08\/image221.png\" alt=\"\" class=\"wp-image-7280\"\/><\/figure>\n<\/div>\n\n\n\n<div class=\"wp-block-column is-layout-flow wp-block-column-is-layout-flow\"><\/div>\n<\/div>\n\n\n\n<div class=\"wp-block-columns is-layout-flex wp-container-core-columns-is-layout-28f84493 wp-block-columns-is-layout-flex\">\n<div class=\"wp-block-column is-layout-flow wp-block-column-is-layout-flow\">\n<figure class=\"wp-block-image alignright size-full\"><img loading=\"lazy\" decoding=\"async\" width=\"189\" height=\"166\" src=\"http:\/\/calli.digital\/revista\/wp-content\/uploads\/2026\/08\/image222.png\" alt=\"\" class=\"wp-image-7281\"\/><\/figure>\n\n\n\n<figure class=\"wp-block-image alignright size-full\"><img loading=\"lazy\" decoding=\"async\" width=\"230\" height=\"68\" src=\"http:\/\/calli.digital\/revista\/wp-content\/uploads\/2026\/08\/image226.png\" alt=\"\" class=\"wp-image-7283\"\/><\/figure>\n<\/div>\n\n\n\n<div class=\"wp-block-column is-layout-flow wp-block-column-is-layout-flow\">\n<figure class=\"wp-block-image size-full\"><img loading=\"lazy\" decoding=\"async\" width=\"189\" height=\"186\" src=\"http:\/\/calli.digital\/revista\/wp-content\/uploads\/2026\/08\/image224.png\" alt=\"\" class=\"wp-image-7282\"\/><\/figure>\n\n\n\n<figure class=\"wp-block-image size-full\"><img loading=\"lazy\" decoding=\"async\" width=\"129\" height=\"99\" src=\"http:\/\/calli.digital\/revista\/wp-content\/uploads\/2026\/08\/image227.png\" alt=\"\" class=\"wp-image-7284\"\/><\/figure>\n<\/div>\n<\/div>\n\n\n\n<p class=\"has-x-large-font-size\">Biblioteca Alceu Amoroso Lima<br>Arq. Jos\u00e9 Oswaldo Vilela. 1979<\/p>\n\n\n\n<p>Se opt\u00f3 por el uso del hormig\u00f3n para cubrir grandes distancias, armonizando con la estructura met\u00e1lica del techo. En uno de los lados se ubican dos grandes vigas que act\u00faan como aislamiento t\u00e9rmico y ac\u00fastico y sirven como dep\u00f3sitos de agua.<\/p>\n\n\n\n<figure class=\"wp-block-image size-full\"><img loading=\"lazy\" decoding=\"async\" width=\"800\" height=\"600\" src=\"http:\/\/calli.digital\/revista\/wp-content\/uploads\/2026\/08\/image228.png\" alt=\"\" class=\"wp-image-7285\" srcset=\"http:\/\/calli.digital\/revista\/wp-content\/uploads\/2026\/08\/image228.png 800w, http:\/\/calli.digital\/revista\/wp-content\/uploads\/2026\/08\/image228-300x225.png 300w, http:\/\/calli.digital\/revista\/wp-content\/uploads\/2026\/08\/image228-768x576.png 768w\" sizes=\"auto, (max-width: 800px) 100vw, 800px\" \/><\/figure>\n\n\n\n<div class=\"wp-block-columns is-layout-flex wp-container-core-columns-is-layout-28f84493 wp-block-columns-is-layout-flex\">\n<div class=\"wp-block-column is-layout-flow wp-block-column-is-layout-flow\">\n<figure class=\"wp-block-image alignright size-full\"><img loading=\"lazy\" decoding=\"async\" width=\"158\" height=\"131\" src=\"http:\/\/calli.digital\/revista\/wp-content\/uploads\/2026\/08\/image230.png\" alt=\"\" class=\"wp-image-7286\"\/><\/figure>\n<\/div>\n\n\n\n<div class=\"wp-block-column is-layout-flow wp-block-column-is-layout-flow\">\n<figure class=\"wp-block-image size-full\"><img loading=\"lazy\" decoding=\"async\" width=\"186\" height=\"132\" src=\"http:\/\/calli.digital\/revista\/wp-content\/uploads\/2026\/08\/image231.png\" alt=\"\" class=\"wp-image-7287\"\/><\/figure>\n<\/div>\n<\/div>\n\n\n\n<p class=\"has-x-large-font-size\"><br>ARQUITECTURA MODERNA BRASIL. Curitiba<br>Arq. Jaime Lerner<\/p>\n\n\n\n<p>Curitiba es un referente mundial de dise\u00f1o urbano sostenible, con el trabajo realizado por el arquitecto Jaime Lerner. Su \u00e9xito se basa en un plan maestro iniciado en 1966 que integra el uso del suelo, el sistema vial y un innovador sistema de transporte p\u00fablico enfocado en el bienestar humano. Todo ello bajo la visi\u00f3n del urbanista Jaime Lerner y obras ic\u00f3nicas de Oscar Niemeyer<\/p>\n\n\n\n<div class=\"wp-block-columns is-layout-flex wp-container-core-columns-is-layout-28f84493 wp-block-columns-is-layout-flex\">\n<div class=\"wp-block-column is-layout-flow wp-block-column-is-layout-flow\" style=\"flex-basis:66.66%\">\n<figure class=\"wp-block-image size-full is-resized\"><img loading=\"lazy\" decoding=\"async\" width=\"278\" height=\"185\" src=\"http:\/\/calli.digital\/revista\/wp-content\/uploads\/2026\/08\/image232.png\" alt=\"\" class=\"wp-image-7288\" style=\"aspect-ratio:1.5027223230490019;width:478px;height:auto\"\/><\/figure>\n<\/div>\n\n\n\n<div class=\"wp-block-column is-layout-flow wp-block-column-is-layout-flow\" style=\"flex-basis:33.33%\">\n<figure class=\"wp-block-image size-full\"><img loading=\"lazy\" decoding=\"async\" width=\"245\" height=\"184\" src=\"http:\/\/calli.digital\/revista\/wp-content\/uploads\/2026\/08\/image234.png\" alt=\"\" class=\"wp-image-7289\"\/><\/figure>\n\n\n\n<figure class=\"wp-block-image size-full\"><img loading=\"lazy\" decoding=\"async\" width=\"391\" height=\"196\" src=\"http:\/\/calli.digital\/revista\/wp-content\/uploads\/2026\/08\/image235.png\" alt=\"\" class=\"wp-image-7290\" srcset=\"http:\/\/calli.digital\/revista\/wp-content\/uploads\/2026\/08\/image235.png 391w, http:\/\/calli.digital\/revista\/wp-content\/uploads\/2026\/08\/image235-300x150.png 300w\" sizes=\"auto, (max-width: 391px) 100vw, 391px\" \/><\/figure>\n<\/div>\n<\/div>\n\n\n\n<p class=\"has-x-large-font-size\"><br>Museo de Arte Moderno. Curitiba. \u201cEl Ojo\u201d<br>Arq. Oscar Niemeyer. 2002.<\/p>\n\n\n\n<div class=\"wp-block-columns is-layout-flex wp-container-core-columns-is-layout-28f84493 wp-block-columns-is-layout-flex\">\n<div class=\"wp-block-column is-layout-flow wp-block-column-is-layout-flow\" style=\"flex-basis:66.66%\">\n<figure class=\"wp-block-image size-full\"><img loading=\"lazy\" decoding=\"async\" width=\"515\" height=\"388\" src=\"http:\/\/calli.digital\/revista\/wp-content\/uploads\/2026\/08\/image236.png\" alt=\"\" class=\"wp-image-7291\" srcset=\"http:\/\/calli.digital\/revista\/wp-content\/uploads\/2026\/08\/image236.png 515w, http:\/\/calli.digital\/revista\/wp-content\/uploads\/2026\/08\/image236-300x226.png 300w\" sizes=\"auto, (max-width: 515px) 100vw, 515px\" \/><\/figure>\n<\/div>\n\n\n\n<div class=\"wp-block-column is-layout-flow wp-block-column-is-layout-flow\" style=\"flex-basis:33.33%\">\n<figure class=\"wp-block-image size-full\"><img loading=\"lazy\" decoding=\"async\" width=\"281\" height=\"195\" src=\"http:\/\/calli.digital\/revista\/wp-content\/uploads\/2026\/08\/image238.png\" alt=\"\" class=\"wp-image-7292\" srcset=\"http:\/\/calli.digital\/revista\/wp-content\/uploads\/2026\/08\/image238.png 281w, http:\/\/calli.digital\/revista\/wp-content\/uploads\/2026\/08\/image238-130x90.png 130w\" sizes=\"auto, (max-width: 281px) 100vw, 281px\" \/><\/figure>\n\n\n\n<figure class=\"wp-block-image size-full\"><img loading=\"lazy\" decoding=\"async\" width=\"309\" height=\"216\" src=\"http:\/\/calli.digital\/revista\/wp-content\/uploads\/2026\/08\/image240.png\" alt=\"\" class=\"wp-image-7293\" srcset=\"http:\/\/calli.digital\/revista\/wp-content\/uploads\/2026\/08\/image240.png 309w, http:\/\/calli.digital\/revista\/wp-content\/uploads\/2026\/08\/image240-300x210.png 300w, http:\/\/calli.digital\/revista\/wp-content\/uploads\/2026\/08\/image240-130x90.png 130w\" sizes=\"auto, (max-width: 309px) 100vw, 309px\" \/><\/figure>\n<\/div>\n<\/div>\n\n\n\n<div class=\"wp-block-columns is-layout-flex wp-container-core-columns-is-layout-28f84493 wp-block-columns-is-layout-flex\">\n<div class=\"wp-block-column is-layout-flow wp-block-column-is-layout-flow\">\n<figure class=\"wp-block-image size-full\"><img loading=\"lazy\" decoding=\"async\" width=\"354\" height=\"213\" src=\"http:\/\/calli.digital\/revista\/wp-content\/uploads\/2026\/08\/image242.jpg\" alt=\"\" class=\"wp-image-7294\" srcset=\"http:\/\/calli.digital\/revista\/wp-content\/uploads\/2026\/08\/image242.jpg 354w, http:\/\/calli.digital\/revista\/wp-content\/uploads\/2026\/08\/image242-300x181.jpg 300w\" sizes=\"auto, (max-width: 354px) 100vw, 354px\" \/><\/figure>\n\n\n\n<figure class=\"wp-block-image size-full\"><img loading=\"lazy\" decoding=\"async\" width=\"179\" height=\"130\" src=\"http:\/\/calli.digital\/revista\/wp-content\/uploads\/2026\/08\/image245.png\" alt=\"\" class=\"wp-image-7297\"\/><\/figure>\n\n\n\n<figure class=\"wp-block-image size-full\"><img loading=\"lazy\" decoding=\"async\" width=\"164\" height=\"115\" src=\"http:\/\/calli.digital\/revista\/wp-content\/uploads\/2026\/08\/image247.png\" alt=\"\" class=\"wp-image-7299\" srcset=\"http:\/\/calli.digital\/revista\/wp-content\/uploads\/2026\/08\/image247.png 164w, http:\/\/calli.digital\/revista\/wp-content\/uploads\/2026\/08\/image247-130x90.png 130w\" sizes=\"auto, (max-width: 164px) 100vw, 164px\" \/><\/figure>\n\n\n\n<figure class=\"wp-block-image size-full\"><img loading=\"lazy\" decoding=\"async\" width=\"254\" height=\"187\" src=\"http:\/\/calli.digital\/revista\/wp-content\/uploads\/2026\/08\/image256.png\" alt=\"\" class=\"wp-image-7304\"\/><\/figure>\n<\/div>\n\n\n\n<div class=\"wp-block-column is-layout-flow wp-block-column-is-layout-flow\">\n<figure class=\"wp-block-image size-full\"><img loading=\"lazy\" decoding=\"async\" width=\"318\" height=\"429\" src=\"http:\/\/calli.digital\/revista\/wp-content\/uploads\/2026\/08\/image243.png\" alt=\"\" class=\"wp-image-7295\" srcset=\"http:\/\/calli.digital\/revista\/wp-content\/uploads\/2026\/08\/image243.png 318w, http:\/\/calli.digital\/revista\/wp-content\/uploads\/2026\/08\/image243-222x300.png 222w\" sizes=\"auto, (max-width: 318px) 100vw, 318px\" \/><\/figure>\n\n\n\n<figure class=\"wp-block-image size-full\"><img loading=\"lazy\" decoding=\"async\" width=\"160\" height=\"113\" src=\"http:\/\/calli.digital\/revista\/wp-content\/uploads\/2026\/08\/image249.png\" alt=\"\" class=\"wp-image-7300\"\/><\/figure>\n\n\n\n<figure class=\"wp-block-image size-full\"><img loading=\"lazy\" decoding=\"async\" width=\"226\" height=\"168\" src=\"http:\/\/calli.digital\/revista\/wp-content\/uploads\/2026\/08\/image257.png\" alt=\"\" class=\"wp-image-7305\"\/><\/figure>\n<\/div>\n\n\n\n<div class=\"wp-block-column is-layout-flow wp-block-column-is-layout-flow\">\n<figure class=\"wp-block-image size-full\"><img loading=\"lazy\" decoding=\"async\" width=\"155\" height=\"114\" src=\"http:\/\/calli.digital\/revista\/wp-content\/uploads\/2026\/08\/image244.png\" alt=\"\" class=\"wp-image-7296\"\/><\/figure>\n\n\n\n<figure class=\"wp-block-image size-full\"><img loading=\"lazy\" decoding=\"async\" width=\"157\" height=\"117\" src=\"http:\/\/calli.digital\/revista\/wp-content\/uploads\/2026\/08\/image246.png\" alt=\"\" class=\"wp-image-7298\"\/><\/figure>\n\n\n\n<figure class=\"wp-block-image size-full\"><img loading=\"lazy\" decoding=\"async\" width=\"181\" height=\"116\" src=\"http:\/\/calli.digital\/revista\/wp-content\/uploads\/2026\/08\/image250.png\" alt=\"\" class=\"wp-image-7301\"\/><\/figure>\n\n\n\n<figure class=\"wp-block-image size-full\"><img loading=\"lazy\" decoding=\"async\" width=\"476\" height=\"390\" src=\"http:\/\/calli.digital\/revista\/wp-content\/uploads\/2026\/08\/image252.png\" alt=\"\" class=\"wp-image-7302\" srcset=\"http:\/\/calli.digital\/revista\/wp-content\/uploads\/2026\/08\/image252.png 476w, http:\/\/calli.digital\/revista\/wp-content\/uploads\/2026\/08\/image252-300x246.png 300w\" sizes=\"auto, (max-width: 476px) 100vw, 476px\" \/><\/figure>\n<\/div>\n<\/div>\n\n\n\n<figure class=\"wp-block-image size-full\"><img loading=\"lazy\" decoding=\"async\" width=\"547\" height=\"365\" src=\"http:\/\/calli.digital\/revista\/wp-content\/uploads\/2026\/08\/image259.png\" alt=\"\" class=\"wp-image-7306\" srcset=\"http:\/\/calli.digital\/revista\/wp-content\/uploads\/2026\/08\/image259.png 547w, http:\/\/calli.digital\/revista\/wp-content\/uploads\/2026\/08\/image259-300x200.png 300w\" sizes=\"auto, (max-width: 547px) 100vw, 547px\" \/><\/figure>\n\n\n\n<div class=\"wp-block-columns is-layout-flex wp-container-core-columns-is-layout-28f84493 wp-block-columns-is-layout-flex\">\n<div class=\"wp-block-column is-layout-flow wp-block-column-is-layout-flow\" style=\"flex-basis:25%\">\n<figure class=\"wp-block-image size-full\"><img loading=\"lazy\" decoding=\"async\" width=\"521\" height=\"400\" src=\"http:\/\/calli.digital\/revista\/wp-content\/uploads\/2026\/08\/image263.png\" alt=\"\" class=\"wp-image-7308\" srcset=\"http:\/\/calli.digital\/revista\/wp-content\/uploads\/2026\/08\/image263.png 521w, http:\/\/calli.digital\/revista\/wp-content\/uploads\/2026\/08\/image263-300x230.png 300w\" sizes=\"auto, (max-width: 521px) 100vw, 521px\" \/><\/figure>\n\n\n\n<figure class=\"wp-block-image size-full\"><img loading=\"lazy\" decoding=\"async\" width=\"797\" height=\"462\" src=\"http:\/\/calli.digital\/revista\/wp-content\/uploads\/2026\/08\/image266.png\" alt=\"\" class=\"wp-image-7310\" srcset=\"http:\/\/calli.digital\/revista\/wp-content\/uploads\/2026\/08\/image266.png 797w, http:\/\/calli.digital\/revista\/wp-content\/uploads\/2026\/08\/image266-300x174.png 300w, http:\/\/calli.digital\/revista\/wp-content\/uploads\/2026\/08\/image266-768x445.png 768w\" sizes=\"auto, (max-width: 797px) 100vw, 797px\" \/><\/figure>\n<\/div>\n\n\n\n<div class=\"wp-block-column is-layout-flow wp-block-column-is-layout-flow\" style=\"flex-basis:50%\">\n<figure class=\"wp-block-image size-full\"><img loading=\"lazy\" decoding=\"async\" width=\"322\" height=\"238\" src=\"http:\/\/calli.digital\/revista\/wp-content\/uploads\/2026\/08\/image261.png\" alt=\"\" class=\"wp-image-7307\" srcset=\"http:\/\/calli.digital\/revista\/wp-content\/uploads\/2026\/08\/image261.png 322w, http:\/\/calli.digital\/revista\/wp-content\/uploads\/2026\/08\/image261-300x222.png 300w\" sizes=\"auto, (max-width: 322px) 100vw, 322px\" \/><\/figure>\n<\/div>\n\n\n\n<div class=\"wp-block-column is-layout-flow wp-block-column-is-layout-flow\" style=\"flex-basis:25%\"><\/div>\n<\/div>\n\n\n\n<p>El Museo Oscar Niemeyer en Curitiba, conocido como El Ojo (Museu do Olho), fue dise\u00f1ado por el arquitecto a los 95 a\u00f1os. Destaca por su audaz volumen volado en forma de ojo sobre un espejo de agua.<\/p>\n\n\n\n<p><\/p>\n\n\n\n<p class=\"has-x-large-font-size\">Edificio Emater.<br>Arqs. Luiz Forte Netto, Orlando Busarello y Dilva Slomp Busarello 1979.<\/p>\n\n\n\n<p>Actual IDR-Paran. Se considera un es un icono temprano del eco- destaca; por su gran cubierta ajardinada en pendiente, fachada de hormig\u00f3n inclinada para control solar y escaleras helicoidales externas<\/p>\n\n\n\n<div class=\"wp-block-columns is-layout-flex wp-container-core-columns-is-layout-28f84493 wp-block-columns-is-layout-flex\">\n<div class=\"wp-block-column is-layout-flow wp-block-column-is-layout-flow\">\n<figure class=\"wp-block-image size-full\"><img loading=\"lazy\" decoding=\"async\" width=\"566\" height=\"707\" src=\"http:\/\/calli.digital\/revista\/wp-content\/uploads\/2026\/08\/image269.png\" alt=\"\" class=\"wp-image-7312\" srcset=\"http:\/\/calli.digital\/revista\/wp-content\/uploads\/2026\/08\/image269.png 566w, http:\/\/calli.digital\/revista\/wp-content\/uploads\/2026\/08\/image269-240x300.png 240w\" sizes=\"auto, (max-width: 566px) 100vw, 566px\" \/><\/figure>\n<\/div>\n\n\n\n<div class=\"wp-block-column is-layout-flow wp-block-column-is-layout-flow\">\n<figure class=\"wp-block-image size-full\"><img loading=\"lazy\" decoding=\"async\" width=\"276\" height=\"345\" src=\"http:\/\/calli.digital\/revista\/wp-content\/uploads\/2026\/08\/image271.jpg\" alt=\"\" class=\"wp-image-7314\" srcset=\"http:\/\/calli.digital\/revista\/wp-content\/uploads\/2026\/08\/image271.jpg 276w, http:\/\/calli.digital\/revista\/wp-content\/uploads\/2026\/08\/image271-240x300.jpg 240w\" sizes=\"auto, (max-width: 276px) 100vw, 276px\" \/><\/figure>\n\n\n\n<div class=\"wp-block-columns is-layout-flex wp-container-core-columns-is-layout-28f84493 wp-block-columns-is-layout-flex\">\n<div class=\"wp-block-column is-layout-flow wp-block-column-is-layout-flow\">\n<figure class=\"wp-block-image size-full\"><img loading=\"lazy\" decoding=\"async\" width=\"351\" height=\"436\" src=\"http:\/\/calli.digital\/revista\/wp-content\/uploads\/2026\/08\/image273.jpg\" alt=\"\" class=\"wp-image-7315\" srcset=\"http:\/\/calli.digital\/revista\/wp-content\/uploads\/2026\/08\/image273.jpg 351w, http:\/\/calli.digital\/revista\/wp-content\/uploads\/2026\/08\/image273-242x300.jpg 242w\" sizes=\"auto, (max-width: 351px) 100vw, 351px\" \/><\/figure>\n<\/div>\n\n\n\n<div class=\"wp-block-column is-layout-flow wp-block-column-is-layout-flow\">\n<figure class=\"wp-block-image size-full\"><img loading=\"lazy\" decoding=\"async\" width=\"220\" height=\"274\" src=\"http:\/\/calli.digital\/revista\/wp-content\/uploads\/2026\/08\/image274.jpg\" alt=\"\" class=\"wp-image-7316\"\/><\/figure>\n<\/div>\n\n\n\n<div class=\"wp-block-column is-layout-flow wp-block-column-is-layout-flow\">\n<figure class=\"wp-block-image size-full\"><img loading=\"lazy\" decoding=\"async\" width=\"340\" height=\"426\" src=\"http:\/\/calli.digital\/revista\/wp-content\/uploads\/2026\/08\/image275.jpg\" alt=\"\" class=\"wp-image-7317\" srcset=\"http:\/\/calli.digital\/revista\/wp-content\/uploads\/2026\/08\/image275.jpg 340w, http:\/\/calli.digital\/revista\/wp-content\/uploads\/2026\/08\/image275-239x300.jpg 239w\" sizes=\"auto, (max-width: 340px) 100vw, 340px\" \/><\/figure>\n<\/div>\n<\/div>\n<\/div>\n<\/div>\n\n\n\n<p class=\"has-x-large-font-size\">Hospital Peque\u00f1o Principe<br>Arq. Luiz Forte Netto 1919 &#8211; 2021.<\/p>\n\n\n\n<p>Ultima remodelaci\u00f3n. Situado en Curitiba, es el hospital pedi\u00e1trico m\u00e1s grande y completo de Brasil. Fundado en 1919, es un referente mundial en salud infantojuvenil, docencia e investigaci\u00f3n, destacando por intervenciones complejas como trasplantes de \u00f3rganos. Con 35 especialidades m\u00e9dicas. Pionero en permitir el acompa\u00f1amiento permanente de los padres durante la internaci\u00f3n de los menores<\/p>\n\n\n\n<div class=\"wp-block-columns is-layout-flex wp-container-core-columns-is-layout-28f84493 wp-block-columns-is-layout-flex\">\n<div class=\"wp-block-column is-layout-flow wp-block-column-is-layout-flow\" style=\"flex-basis:66.66%\">\n<figure class=\"wp-block-image size-full\"><img loading=\"lazy\" decoding=\"async\" width=\"426\" height=\"286\" src=\"http:\/\/calli.digital\/revista\/wp-content\/uploads\/2026\/08\/image276.png\" alt=\"\" class=\"wp-image-7318\" srcset=\"http:\/\/calli.digital\/revista\/wp-content\/uploads\/2026\/08\/image276.png 426w, http:\/\/calli.digital\/revista\/wp-content\/uploads\/2026\/08\/image276-300x201.png 300w\" sizes=\"auto, (max-width: 426px) 100vw, 426px\" \/><\/figure>\n\n\n\n<figure class=\"wp-block-image size-full\"><img loading=\"lazy\" decoding=\"async\" width=\"576\" height=\"347\" src=\"http:\/\/calli.digital\/revista\/wp-content\/uploads\/2026\/08\/image279.png\" alt=\"\" class=\"wp-image-7321\" srcset=\"http:\/\/calli.digital\/revista\/wp-content\/uploads\/2026\/08\/image279.png 576w, http:\/\/calli.digital\/revista\/wp-content\/uploads\/2026\/08\/image279-300x181.png 300w\" sizes=\"auto, (max-width: 576px) 100vw, 576px\" \/><\/figure>\n\n\n\n<figure class=\"wp-block-image size-full\"><img loading=\"lazy\" decoding=\"async\" width=\"246\" height=\"164\" src=\"http:\/\/calli.digital\/revista\/wp-content\/uploads\/2026\/08\/image280.png\" alt=\"\" class=\"wp-image-7322\"\/><\/figure>\n<\/div>\n\n\n\n<div class=\"wp-block-column is-layout-flow wp-block-column-is-layout-flow\" style=\"flex-basis:33.33%\">\n<figure class=\"wp-block-image size-full\"><img loading=\"lazy\" decoding=\"async\" width=\"258\" height=\"193\" src=\"http:\/\/calli.digital\/revista\/wp-content\/uploads\/2026\/08\/image277.png\" alt=\"\" class=\"wp-image-7319\"\/><\/figure>\n\n\n\n<figure class=\"wp-block-image size-full\"><img loading=\"lazy\" decoding=\"async\" width=\"222\" height=\"125\" src=\"http:\/\/calli.digital\/revista\/wp-content\/uploads\/2026\/08\/image278.png\" alt=\"\" class=\"wp-image-7320\"\/><\/figure>\n\n\n\n<figure class=\"wp-block-image size-full\"><img loading=\"lazy\" decoding=\"async\" width=\"287\" height=\"206\" src=\"http:\/\/calli.digital\/revista\/wp-content\/uploads\/2026\/08\/image282.png\" alt=\"\" class=\"wp-image-7323\"\/><\/figure>\n\n\n\n<figure class=\"wp-block-image size-full\"><img loading=\"lazy\" decoding=\"async\" width=\"294\" height=\"196\" src=\"http:\/\/calli.digital\/revista\/wp-content\/uploads\/2026\/08\/image283.png\" alt=\"\" class=\"wp-image-7324\"\/><\/figure>\n<\/div>\n<\/div>\n\n\n\n<p class=\"has-x-large-font-size\">Acupuntura Urbana En Curitiba<br>Arq. Jaime Lerner 1971.<\/p>\n\n\n\n<figure class=\"wp-block-image size-full\"><img loading=\"lazy\" decoding=\"async\" width=\"532\" height=\"355\" src=\"http:\/\/calli.digital\/revista\/wp-content\/uploads\/2026\/08\/image285.png\" alt=\"\" class=\"wp-image-7325\" srcset=\"http:\/\/calli.digital\/revista\/wp-content\/uploads\/2026\/08\/image285.png 532w, http:\/\/calli.digital\/revista\/wp-content\/uploads\/2026\/08\/image285-300x200.png 300w\" sizes=\"auto, (max-width: 532px) 100vw, 532px\" \/><\/figure>\n\n\n\n<div class=\"wp-block-columns is-layout-flex wp-container-core-columns-is-layout-28f84493 wp-block-columns-is-layout-flex\">\n<div class=\"wp-block-column is-layout-flow wp-block-column-is-layout-flow\">\n<figure class=\"wp-block-image size-full\"><img loading=\"lazy\" decoding=\"async\" width=\"835\" height=\"333\" src=\"http:\/\/calli.digital\/revista\/wp-content\/uploads\/2026\/08\/image286.png\" alt=\"\" class=\"wp-image-7326\" srcset=\"http:\/\/calli.digital\/revista\/wp-content\/uploads\/2026\/08\/image286.png 835w, http:\/\/calli.digital\/revista\/wp-content\/uploads\/2026\/08\/image286-300x120.png 300w, http:\/\/calli.digital\/revista\/wp-content\/uploads\/2026\/08\/image286-768x306.png 768w\" sizes=\"auto, (max-width: 835px) 100vw, 835px\" \/><\/figure>\n\n\n\n<figure class=\"wp-block-image size-full\"><img loading=\"lazy\" decoding=\"async\" width=\"369\" height=\"278\" src=\"http:\/\/calli.digital\/revista\/wp-content\/uploads\/2026\/08\/image289.png\" alt=\"\" class=\"wp-image-7328\" srcset=\"http:\/\/calli.digital\/revista\/wp-content\/uploads\/2026\/08\/image289.png 369w, http:\/\/calli.digital\/revista\/wp-content\/uploads\/2026\/08\/image289-300x226.png 300w\" sizes=\"auto, (max-width: 369px) 100vw, 369px\" \/><\/figure>\n\n\n\n<figure class=\"wp-block-image size-full is-resized\"><img loading=\"lazy\" decoding=\"async\" width=\"220\" height=\"151\" src=\"http:\/\/calli.digital\/revista\/wp-content\/uploads\/2026\/08\/image293.png\" alt=\"\" class=\"wp-image-7330\" style=\"aspect-ratio:1.4570465644129582;width:363px;height:auto\" srcset=\"http:\/\/calli.digital\/revista\/wp-content\/uploads\/2026\/08\/image293.png 220w, http:\/\/calli.digital\/revista\/wp-content\/uploads\/2026\/08\/image293-130x90.png 130w\" sizes=\"auto, (max-width: 220px) 100vw, 220px\" \/><\/figure>\n\n\n\n<figure class=\"wp-block-image size-full\"><img loading=\"lazy\" decoding=\"async\" width=\"675\" height=\"450\" src=\"http:\/\/calli.digital\/revista\/wp-content\/uploads\/2026\/08\/image301.jpg\" alt=\"\" class=\"wp-image-7334\" srcset=\"http:\/\/calli.digital\/revista\/wp-content\/uploads\/2026\/08\/image301.jpg 675w, http:\/\/calli.digital\/revista\/wp-content\/uploads\/2026\/08\/image301-300x200.jpg 300w\" sizes=\"auto, (max-width: 675px) 100vw, 675px\" \/><\/figure>\n<\/div>\n\n\n\n<div class=\"wp-block-column is-layout-flow wp-block-column-is-layout-flow\">\n<figure class=\"wp-block-image size-full\"><img loading=\"lazy\" decoding=\"async\" width=\"638\" height=\"480\" src=\"http:\/\/calli.digital\/revista\/wp-content\/uploads\/2026\/08\/image287.png\" alt=\"\" class=\"wp-image-7327\" srcset=\"http:\/\/calli.digital\/revista\/wp-content\/uploads\/2026\/08\/image287.png 638w, http:\/\/calli.digital\/revista\/wp-content\/uploads\/2026\/08\/image287-300x226.png 300w\" sizes=\"auto, (max-width: 638px) 100vw, 638px\" \/><figcaption class=\"wp-element-caption\">El Arq. Jaime Lerner creo este mundo de verde y agua e todo Curitiba<\/figcaption><\/figure>\n\n\n\n<figure class=\"wp-block-image size-full\"><img loading=\"lazy\" decoding=\"async\" width=\"879\" height=\"434\" src=\"http:\/\/calli.digital\/revista\/wp-content\/uploads\/2026\/08\/image291.png\" alt=\"\" class=\"wp-image-7329\" srcset=\"http:\/\/calli.digital\/revista\/wp-content\/uploads\/2026\/08\/image291.png 879w, http:\/\/calli.digital\/revista\/wp-content\/uploads\/2026\/08\/image291-300x148.png 300w, http:\/\/calli.digital\/revista\/wp-content\/uploads\/2026\/08\/image291-768x379.png 768w\" sizes=\"auto, (max-width: 879px) 100vw, 879px\" \/><\/figure>\n\n\n\n<div class=\"wp-block-columns is-layout-flex wp-container-core-columns-is-layout-28f84493 wp-block-columns-is-layout-flex\">\n<div class=\"wp-block-column is-layout-flow wp-block-column-is-layout-flow\">\n<figure class=\"wp-block-image size-full\"><img loading=\"lazy\" decoding=\"async\" width=\"196\" height=\"149\" src=\"http:\/\/calli.digital\/revista\/wp-content\/uploads\/2026\/08\/image295.png\" alt=\"\" class=\"wp-image-7331\"\/><\/figure>\n\n\n\n<figure class=\"wp-block-image size-full\"><img loading=\"lazy\" decoding=\"async\" width=\"538\" height=\"476\" src=\"http:\/\/calli.digital\/revista\/wp-content\/uploads\/2026\/08\/image299.jpg\" alt=\"\" class=\"wp-image-7333\" srcset=\"http:\/\/calli.digital\/revista\/wp-content\/uploads\/2026\/08\/image299.jpg 538w, http:\/\/calli.digital\/revista\/wp-content\/uploads\/2026\/08\/image299-300x265.jpg 300w\" sizes=\"auto, (max-width: 538px) 100vw, 538px\" \/><\/figure>\n<\/div>\n\n\n\n<div class=\"wp-block-column is-layout-flow wp-block-column-is-layout-flow\">\n<figure class=\"wp-block-image size-full\"><img loading=\"lazy\" decoding=\"async\" width=\"625\" height=\"376\" src=\"http:\/\/calli.digital\/revista\/wp-content\/uploads\/2026\/08\/image297.jpg\" alt=\"\" class=\"wp-image-7332\" srcset=\"http:\/\/calli.digital\/revista\/wp-content\/uploads\/2026\/08\/image297.jpg 625w, http:\/\/calli.digital\/revista\/wp-content\/uploads\/2026\/08\/image297-300x180.jpg 300w\" sizes=\"auto, (max-width: 625px) 100vw, 625px\" \/><\/figure>\n<\/div>\n<\/div>\n<\/div>\n<\/div>\n\n\n\n<p>Cada intervenci\u00f3n, por peque\u00f1a que pareciera, form\u00f3 parte del reto de resolver problemas urbanos complejos mediante soluciones simples centradas en las personas. As\u00ed naci\u00f3 el concepto por el que Lerner ser\u00eda conocido internacionalmente: la \u00abacupuntura urbana\u00bb. La idea, parte de la premisa de que las ciudades funcionan como sistemas vivos y pueden mejorar mediante intervenciones peque\u00f1as pero estrat\u00e9gicas. \u00abUna acci\u00f3n r\u00e1pida en el lugar adecuado puede cambiar la din\u00e1mica de toda una ciudad\u00bb.<\/p>\n\n\n\n<p>Lerner entendi\u00f3 el espacio p\u00fablico como una infraestructura esencial para la calidad de vida y multiplic\u00f3 las zonas verdes de la ciudad hasta superar los 50 metros cuadrados por habitante, muy por encima de las recomendaciones internacionales. Tambi\u00e9n abord\u00f3 la gesti\u00f3n del agua desde una l\u00f3gica ambiental, pues en lugar de canalizar r\u00edos y construir costosas obras de ingenier\u00eda, cre\u00f3 parques y lagos artificiales capaces de absorber las crecidas y, al mismo tiempo, ofrecer nuevos espacios de convivencia. Esa misma l\u00f3gica integradora se aplic\u00f3 a la gesti\u00f3n de residuos con programas como Lixo que n\u00e3o \u00e9 lixo que mejoraron las tasas de reciclaje vinculando educaci\u00f3n ambiental, empleo y cohesi\u00f3n social, especialmente en los barrios con menos recursos.<\/p>\n\n\n\n<p class=\"has-x-large-font-size\"><br>Opera de Arame<br>Arq. Domingos Bongestabs. 1992<\/p>\n\n\n\n<div class=\"wp-block-columns is-layout-flex wp-container-core-columns-is-layout-28f84493 wp-block-columns-is-layout-flex\">\n<div class=\"wp-block-column is-layout-flow wp-block-column-is-layout-flow\" style=\"flex-basis:66.66%\">\n<figure class=\"wp-block-image size-full\"><img loading=\"lazy\" decoding=\"async\" width=\"448\" height=\"283\" src=\"http:\/\/calli.digital\/revista\/wp-content\/uploads\/2026\/08\/image303.png\" alt=\"\" class=\"wp-image-7335\" srcset=\"http:\/\/calli.digital\/revista\/wp-content\/uploads\/2026\/08\/image303.png 448w, http:\/\/calli.digital\/revista\/wp-content\/uploads\/2026\/08\/image303-300x190.png 300w\" sizes=\"auto, (max-width: 448px) 100vw, 448px\" \/><\/figure>\n\n\n\n<div class=\"wp-block-columns is-layout-flex wp-container-core-columns-is-layout-28f84493 wp-block-columns-is-layout-flex\">\n<div class=\"wp-block-column is-layout-flow wp-block-column-is-layout-flow\">\n<figure class=\"wp-block-image size-full\"><img loading=\"lazy\" decoding=\"async\" width=\"406\" height=\"302\" src=\"http:\/\/calli.digital\/revista\/wp-content\/uploads\/2026\/08\/image307.png\" alt=\"\" class=\"wp-image-7339\" srcset=\"http:\/\/calli.digital\/revista\/wp-content\/uploads\/2026\/08\/image307.png 406w, http:\/\/calli.digital\/revista\/wp-content\/uploads\/2026\/08\/image307-300x223.png 300w\" sizes=\"auto, (max-width: 406px) 100vw, 406px\" \/><\/figure>\n<\/div>\n\n\n\n<div class=\"wp-block-column is-layout-flow wp-block-column-is-layout-flow\">\n<figure class=\"wp-block-image size-full\"><img loading=\"lazy\" decoding=\"async\" width=\"369\" height=\"498\" src=\"http:\/\/calli.digital\/revista\/wp-content\/uploads\/2026\/08\/image308.png\" alt=\"\" class=\"wp-image-7340\" srcset=\"http:\/\/calli.digital\/revista\/wp-content\/uploads\/2026\/08\/image308.png 369w, http:\/\/calli.digital\/revista\/wp-content\/uploads\/2026\/08\/image308-222x300.png 222w\" sizes=\"auto, (max-width: 369px) 100vw, 369px\" \/><\/figure>\n<\/div>\n<\/div>\n<\/div>\n\n\n\n<div class=\"wp-block-column is-layout-flow wp-block-column-is-layout-flow\" style=\"flex-basis:33.33%\">\n<figure class=\"wp-block-image size-full\"><img loading=\"lazy\" decoding=\"async\" width=\"346\" height=\"245\" src=\"http:\/\/calli.digital\/revista\/wp-content\/uploads\/2026\/08\/image304.png\" alt=\"\" class=\"wp-image-7336\" srcset=\"http:\/\/calli.digital\/revista\/wp-content\/uploads\/2026\/08\/image304.png 346w, http:\/\/calli.digital\/revista\/wp-content\/uploads\/2026\/08\/image304-300x212.png 300w\" sizes=\"auto, (max-width: 346px) 100vw, 346px\" \/><\/figure>\n\n\n\n<figure class=\"wp-block-image size-full\"><img loading=\"lazy\" decoding=\"async\" width=\"325\" height=\"245\" src=\"http:\/\/calli.digital\/revista\/wp-content\/uploads\/2026\/08\/image305.png\" alt=\"\" class=\"wp-image-7337\" srcset=\"http:\/\/calli.digital\/revista\/wp-content\/uploads\/2026\/08\/image305.png 325w, http:\/\/calli.digital\/revista\/wp-content\/uploads\/2026\/08\/image305-300x226.png 300w\" sizes=\"auto, (max-width: 325px) 100vw, 325px\" \/><\/figure>\n\n\n\n<figure class=\"wp-block-image size-full\"><img loading=\"lazy\" decoding=\"async\" width=\"365\" height=\"243\" src=\"http:\/\/calli.digital\/revista\/wp-content\/uploads\/2026\/08\/image306.jpg\" alt=\"\" class=\"wp-image-7338\" srcset=\"http:\/\/calli.digital\/revista\/wp-content\/uploads\/2026\/08\/image306.jpg 365w, http:\/\/calli.digital\/revista\/wp-content\/uploads\/2026\/08\/image306-300x200.jpg 300w\" sizes=\"auto, (max-width: 365px) 100vw, 365px\" \/><\/figure>\n<\/div>\n<\/div>\n\n\n\n<p class=\"has-x-large-font-size\">Universidad del Medio Ambiente. Arq. Domingos Bongestabs. 1992<\/p>\n\n\n\n<div class=\"wp-block-columns is-layout-flex wp-container-core-columns-is-layout-28f84493 wp-block-columns-is-layout-flex\">\n<div class=\"wp-block-column is-layout-flow wp-block-column-is-layout-flow\" style=\"flex-basis:33.33%\">\n<figure class=\"wp-block-image size-full\"><img loading=\"lazy\" decoding=\"async\" width=\"232\" height=\"318\" src=\"http:\/\/calli.digital\/revista\/wp-content\/uploads\/2026\/08\/image311.png\" alt=\"\" class=\"wp-image-7342\" srcset=\"http:\/\/calli.digital\/revista\/wp-content\/uploads\/2026\/08\/image311.png 232w, http:\/\/calli.digital\/revista\/wp-content\/uploads\/2026\/08\/image311-219x300.png 219w\" sizes=\"auto, (max-width: 232px) 100vw, 232px\" \/><\/figure>\n\n\n\n<figure class=\"wp-block-image size-full is-resized\"><img loading=\"lazy\" decoding=\"async\" width=\"137\" height=\"181\" src=\"http:\/\/calli.digital\/revista\/wp-content\/uploads\/2026\/08\/image309.png\" alt=\"\" class=\"wp-image-7341\" style=\"width:229px;height:auto\"\/><\/figure>\n<\/div>\n\n\n\n<div class=\"wp-block-column is-layout-flow wp-block-column-is-layout-flow\" style=\"flex-basis:66.66%\">\n<figure class=\"wp-block-image size-full\"><img loading=\"lazy\" decoding=\"async\" width=\"891\" height=\"661\" src=\"http:\/\/calli.digital\/revista\/wp-content\/uploads\/2026\/08\/image314.png\" alt=\"\" class=\"wp-image-7344\" srcset=\"http:\/\/calli.digital\/revista\/wp-content\/uploads\/2026\/08\/image314.png 891w, http:\/\/calli.digital\/revista\/wp-content\/uploads\/2026\/08\/image314-300x223.png 300w, http:\/\/calli.digital\/revista\/wp-content\/uploads\/2026\/08\/image314-768x570.png 768w\" sizes=\"auto, (max-width: 891px) 100vw, 891px\" \/><\/figure>\n\n\n\n<figure class=\"wp-block-image size-full\"><img loading=\"lazy\" decoding=\"async\" width=\"610\" height=\"459\" src=\"http:\/\/calli.digital\/revista\/wp-content\/uploads\/2026\/08\/image312.png\" alt=\"\" class=\"wp-image-7343\" srcset=\"http:\/\/calli.digital\/revista\/wp-content\/uploads\/2026\/08\/image312.png 610w, http:\/\/calli.digital\/revista\/wp-content\/uploads\/2026\/08\/image312-300x226.png 300w\" sizes=\"auto, (max-width: 610px) 100vw, 610px\" \/><\/figure>\n<\/div>\n<\/div>\n\n\n\n<p>Se ubica en una antigua cantera convertida en parque por Lerener; su estructura en espiral de madera de eucalipto reciclada se integra de forma arm\u00f3nica con la naturaleza.<\/p>\n\n\n\n<p class=\"has-x-large-font-size\">Sistema de Transporte de Curitiba<br>Arq. Jaime Lerner<\/p>\n\n\n\n<p>La Rede Integrada de Transporte (RIT), naci\u00f3 en 1974 y es pionera mundial del modelo de autobuses de tr\u00e1nsito r\u00e1pido. Funciona como un metro de superficie con carriles exclusivos, pago anticipado y estaciones en forma de tubo que permiten un ascenso r\u00e1pido y f\u00e1cil.<\/p>\n\n\n\n<div class=\"wp-block-columns is-layout-flex wp-container-core-columns-is-layout-28f84493 wp-block-columns-is-layout-flex\">\n<div class=\"wp-block-column is-layout-flow wp-block-column-is-layout-flow\" style=\"flex-basis:66.66%\">\n<figure class=\"wp-block-image size-full\"><img loading=\"lazy\" decoding=\"async\" width=\"392\" height=\"268\" src=\"http:\/\/calli.digital\/revista\/wp-content\/uploads\/2026\/08\/image316.png\" alt=\"\" class=\"wp-image-7345\" srcset=\"http:\/\/calli.digital\/revista\/wp-content\/uploads\/2026\/08\/image316.png 392w, http:\/\/calli.digital\/revista\/wp-content\/uploads\/2026\/08\/image316-300x205.png 300w, http:\/\/calli.digital\/revista\/wp-content\/uploads\/2026\/08\/image316-130x90.png 130w\" sizes=\"auto, (max-width: 392px) 100vw, 392px\" \/><\/figure>\n\n\n\n<figure class=\"wp-block-image size-full is-resized\"><img loading=\"lazy\" decoding=\"async\" width=\"320\" height=\"179\" src=\"http:\/\/calli.digital\/revista\/wp-content\/uploads\/2026\/08\/image321.jpg\" alt=\"\" class=\"wp-image-7349\" style=\"width:392px;height:auto\" srcset=\"http:\/\/calli.digital\/revista\/wp-content\/uploads\/2026\/08\/image321.jpg 320w, http:\/\/calli.digital\/revista\/wp-content\/uploads\/2026\/08\/image321-300x168.jpg 300w\" sizes=\"auto, (max-width: 320px) 100vw, 320px\" \/><\/figure>\n\n\n\n<figure class=\"wp-block-image size-full\"><img loading=\"lazy\" decoding=\"async\" width=\"520\" height=\"342\" src=\"http:\/\/calli.digital\/revista\/wp-content\/uploads\/2026\/08\/image318-e1788271932163.jpg\" alt=\"\" class=\"wp-image-7347\" srcset=\"http:\/\/calli.digital\/revista\/wp-content\/uploads\/2026\/08\/image318-e1788271932163.jpg 520w, http:\/\/calli.digital\/revista\/wp-content\/uploads\/2026\/08\/image318-e1788271932163-300x197.jpg 300w\" sizes=\"auto, (max-width: 520px) 100vw, 520px\" \/><\/figure>\n\n\n\n<figure class=\"wp-block-image size-full\"><img loading=\"lazy\" decoding=\"async\" width=\"640\" height=\"479\" src=\"http:\/\/calli.digital\/revista\/wp-content\/uploads\/2026\/08\/image323.png\" alt=\"\" class=\"wp-image-7350\" srcset=\"http:\/\/calli.digital\/revista\/wp-content\/uploads\/2026\/08\/image323.png 640w, http:\/\/calli.digital\/revista\/wp-content\/uploads\/2026\/08\/image323-300x225.png 300w\" sizes=\"auto, (max-width: 640px) 100vw, 640px\" \/><\/figure>\n<\/div>\n\n\n\n<div class=\"wp-block-column is-layout-flow wp-block-column-is-layout-flow\" style=\"flex-basis:33.33%\">\n<figure class=\"wp-block-image size-full\"><img loading=\"lazy\" decoding=\"async\" width=\"521\" height=\"360\" src=\"http:\/\/calli.digital\/revista\/wp-content\/uploads\/2026\/08\/image317.jpg\" alt=\"\" class=\"wp-image-7346\" srcset=\"http:\/\/calli.digital\/revista\/wp-content\/uploads\/2026\/08\/image317.jpg 521w, http:\/\/calli.digital\/revista\/wp-content\/uploads\/2026\/08\/image317-300x207.jpg 300w, http:\/\/calli.digital\/revista\/wp-content\/uploads\/2026\/08\/image317-392x272.jpg 392w, http:\/\/calli.digital\/revista\/wp-content\/uploads\/2026\/08\/image317-130x90.jpg 130w\" sizes=\"auto, (max-width: 521px) 100vw, 521px\" \/><\/figure>\n\n\n\n<figure class=\"wp-block-image size-full\"><img loading=\"lazy\" decoding=\"async\" width=\"522\" height=\"348\" src=\"http:\/\/calli.digital\/revista\/wp-content\/uploads\/2026\/08\/image320.jpg\" alt=\"\" class=\"wp-image-7348\" srcset=\"http:\/\/calli.digital\/revista\/wp-content\/uploads\/2026\/08\/image320.jpg 522w, http:\/\/calli.digital\/revista\/wp-content\/uploads\/2026\/08\/image320-300x200.jpg 300w\" sizes=\"auto, (max-width: 522px) 100vw, 522px\" \/><\/figure>\n\n\n\n<figure class=\"wp-block-image size-full\"><img loading=\"lazy\" decoding=\"async\" width=\"486\" height=\"366\" src=\"http:\/\/calli.digital\/revista\/wp-content\/uploads\/2026\/08\/image325.jpg\" alt=\"\" class=\"wp-image-7351\" srcset=\"http:\/\/calli.digital\/revista\/wp-content\/uploads\/2026\/08\/image325.jpg 486w, http:\/\/calli.digital\/revista\/wp-content\/uploads\/2026\/08\/image325-300x226.jpg 300w\" sizes=\"auto, (max-width: 486px) 100vw, 486px\" \/><\/figure>\n\n\n\n<figure class=\"wp-block-image size-full\"><img loading=\"lazy\" decoding=\"async\" width=\"337\" height=\"189\" src=\"http:\/\/calli.digital\/revista\/wp-content\/uploads\/2026\/08\/image327.jpg\" alt=\"\" class=\"wp-image-7352\" srcset=\"http:\/\/calli.digital\/revista\/wp-content\/uploads\/2026\/08\/image327.jpg 337w, http:\/\/calli.digital\/revista\/wp-content\/uploads\/2026\/08\/image327-300x168.jpg 300w\" sizes=\"auto, (max-width: 337px) 100vw, 337px\" \/><\/figure>\n\n\n\n<figure class=\"wp-block-image size-full\"><img loading=\"lazy\" decoding=\"async\" width=\"256\" height=\"138\" src=\"http:\/\/calli.digital\/revista\/wp-content\/uploads\/2026\/08\/image328.jpg\" alt=\"\" class=\"wp-image-7353\"\/><\/figure>\n<\/div>\n<\/div>\n","protected":false},"excerpt":{"rendered":"<p>En Brasil, que es casi un continente, como en la mayor\u00eda de los pa\u00edses de Am\u00e9rica, existi\u00f3 una arquitectura prehisp\u00e1nica<\/p>\n","protected":false},"author":1,"featured_media":0,"comment_status":"open","ping_status":"open","sticky":false,"template":"","format":"standard","meta":{"colormag_page_container_layout":"default_layout","colormag_page_sidebar_layout":"default_layout","om_disable_all_campaigns":false,"_monsterinsights_skip_tracking":false,"footnotes":""},"categories":[21],"tags":[],"class_list":["post-7356","post","type-post","status-publish","format-standard","hentry","category-editorial"],"_links":{"self":[{"href":"http:\/\/calli.digital\/revista\/index.php\/wp-json\/wp\/v2\/posts\/7356","targetHints":{"allow":["GET"]}}],"collection":[{"href":"http:\/\/calli.digital\/revista\/index.php\/wp-json\/wp\/v2\/posts"}],"about":[{"href":"http:\/\/calli.digital\/revista\/index.php\/wp-json\/wp\/v2\/types\/post"}],"author":[{"embeddable":true,"href":"http:\/\/calli.digital\/revista\/index.php\/wp-json\/wp\/v2\/users\/1"}],"replies":[{"embeddable":true,"href":"http:\/\/calli.digital\/revista\/index.php\/wp-json\/wp\/v2\/comments?post=7356"}],"version-history":[{"count":4,"href":"http:\/\/calli.digital\/revista\/index.php\/wp-json\/wp\/v2\/posts\/7356\/revisions"}],"predecessor-version":[{"id":7408,"href":"http:\/\/calli.digital\/revista\/index.php\/wp-json\/wp\/v2\/posts\/7356\/revisions\/7408"}],"wp:attachment":[{"href":"http:\/\/calli.digital\/revista\/index.php\/wp-json\/wp\/v2\/media?parent=7356"}],"wp:term":[{"taxonomy":"category","embeddable":true,"href":"http:\/\/calli.digital\/revista\/index.php\/wp-json\/wp\/v2\/categories?post=7356"},{"taxonomy":"post_tag","embeddable":true,"href":"http:\/\/calli.digital\/revista\/index.php\/wp-json\/wp\/v2\/tags?post=7356"}],"curies":[{"name":"wp","href":"https:\/\/api.w.org\/{rel}","templated":true}]}}